{"id":13416,"date":"2024-01-23T07:30:00","date_gmt":"2024-01-23T12:30:00","guid":{"rendered":"https:\/\/www.rmff.org\/?p=13416"},"modified":"2024-02-19T11:25:57","modified_gmt":"2024-02-19T16:25:57","slug":"indiana-leaders-form-coalition-to-build-grow-youth-apprenticeship","status":"publish","type":"post","link":"https:\/\/old.rmff.wrhosting.net\/pt\/2024\/01\/indiana-leaders-form-coalition-to-build-grow-youth-apprenticeship\/","title":{"rendered":"L\u00edderes de Indiana formam coaliz\u00e3o para construir e aumentar a aprendizagem dos jovens"},"content":{"rendered":"<section class=\"container  block wordpress-block wordpress-heading core-heading\"><div class=\"row\"><div class=\"col-12\">\n<h2 class=\"wp-block-heading has-text-align-center\"><strong>L\u00edderes de Indiana formam coaliz\u00e3o para construir e aumentar a aprendizagem dos jovens<\/strong><\/h2>\n<\/div><\/div><\/section>\n\n<section class=\"aligncenter block wordpress-block wordpress-paragraph core-paragraph\">\n<p class=\"has-text-align-center\"><em>L\u00edderes empresariais, educacionais, governamentais e filantr\u00f3picos unem for\u00e7as<br>para ajudar a resolver a crise de desenvolvimento da for\u00e7a de trabalho<\/em><\/p>\n<\/section>\n\n<section class=\"block wordpress-block wordpress-paragraph core-paragraph\">\n<p>INDIAN\u00c1POLIS, 23 de janeiro de 2024 \u2013 Mais de 100 l\u00edderes de Indiana, incluindo CEOs corporativos, reitores de universidades, superintendentes de ensino fundamental e m\u00e9dio e funcion\u00e1rios do governo estadual, juntaram-se a uma coaliz\u00e3o para desenvolver um sistema estadual moderno de aprendizagem para jovens em Indiana como uma solu\u00e7\u00e3o potencial para o a crescente crise da for\u00e7a de trabalho no estado.&nbsp;<\/p>\n<\/section>\n\n<section class=\"block wordpress-block wordpress-paragraph core-paragraph\">\n<p>O grupo lan\u00e7ou recentemente um Laborat\u00f3rio de Implementa\u00e7\u00e3o de 10 meses (referido como iLab), uma colabora\u00e7\u00e3o intensiva que resultar\u00e1 num plano estadual abrangente para aumentar o n\u00famero de aprendizagens modernas dispon\u00edveis para jovens. O modelo de aprendizagem para jovens permite que alunos do 11\u00ba ano do ensino m\u00e9dio participem de um programa remunerado de trabalho e aprendizagem de tr\u00eas anos. O aprendizado culmina com um diploma do ensino m\u00e9dio, cr\u00e9ditos universit\u00e1rios e uma credencial industrial, ao mesmo tempo em que prepara os alunos para carreiras exigidas. CEMETS iLab Indiana \u00e9 ideia de Ursula Renold, Ph.D., e Katie Caves, Ph.D., do <a href=\"https:\/\/cemets.ethz.ch\/\" target=\"_blank\" rel=\"noreferrer noopener\">Centro de Economia e Gest\u00e3o de Sistemas de Educa\u00e7\u00e3o e Forma\u00e7\u00e3o<\/a> (CEMETS) na ETH Zurique, considerados os especialistas proeminentes em pesquisa e implementa\u00e7\u00e3o de aprendizagem no local de trabalho.&nbsp;<\/p>\n<\/section>\n\n<section class=\"block wordpress-block wordpress-paragraph core-paragraph\">\n<p>A escassez de talentos de longa data em Indiana piorou durante a pandemia e est\u00e1 <a href=\"https:\/\/ascendindiana.com\/resources\/indianas-evolving-labor-market-full-report-2022\" target=\"_blank\" rel=\"noreferrer noopener\">projetado<\/a> aumentar devido ao envelhecimento da popula\u00e7\u00e3o e apenas uma <a href=\"https:\/\/www.hoosierdata.in.gov\/indicator\/ind.aspx?indicator_id=10&amp;indicator_geo=18000&amp;indicator_style=full&amp;indicator_mode=html\" target=\"_blank\" rel=\"noreferrer noopener\">Taxa de participa\u00e7\u00e3o da for\u00e7a de trabalho 63%<\/a>. Al\u00e9m disso, at\u00e9 2031, <a href=\"https:\/\/cew.georgetown.edu\/cew-reports\/projections2031\/\" target=\"_blank\" rel=\"noreferrer noopener\">72% de empregos<\/a> nos EUA exigir\u00e1 educa\u00e7\u00e3o e\/ou treinamento p\u00f3s-secund\u00e1rio. Indiana n\u00e3o est\u00e1 no caminho certo para atender a essa necessidade, com apenas <a href=\"https:\/\/www.rmff.org\/community-data-snapshot\/education\/\" target=\"_blank\" rel=\"noreferrer noopener\">39% de adultos Hoosier<\/a> 25 anos ou mais com diploma de associado ou superior. Para complicar a situa\u00e7\u00e3o, as matr\u00edculas universit\u00e1rias em Indiana diminu\u00edram de <a href=\"https:\/\/www.in.gov\/che\/college-readiness-reports\/\" target=\"_blank\" rel=\"noreferrer noopener\">65% em 2015 para 53% em 2021<\/a>. No total, para cada turma de conclus\u00e3o do ensino secund\u00e1rio, apenas cerca de 30% obt\u00eam um diploma universit\u00e1rio \u2013 o que significa que 70% entram no mercado de trabalho sem um diploma ou credencial.&nbsp;<\/p>\n<\/section>\n\n<section class=\"block wordpress-block wordpress-paragraph core-paragraph\">\n<p>\u201cDevemos tomar medidas ousadas para reformar o sistema educacional e de desenvolvimento da for\u00e7a de trabalho de Indiana, a fim de proporcionar melhores resultados para os indiv\u00edduos, os empregadores e a economia do estado\u201d, disse David Becker, presidente e CEO da <a href=\"https:\/\/www.firstib.com\/\" target=\"_blank\" rel=\"noreferrer noopener\">Primeiro banco na Internet<\/a> e copresidente do CEMETS iLab Indiana. \u201cAo formar esta coliga\u00e7\u00e3o sem precedentes e aumentar as oportunidades de aprendizagem, podemos mudar a trajet\u00f3ria das quest\u00f5es laborais do Indiana e fortalecer a economia do nosso estado.\u201d&nbsp;&nbsp;<\/p>\n<\/section>\n\n<section class=\"block wordpress-block wordpress-paragraph core-paragraph\">\n<p>Os membros do iLab \u2013 <a href=\"#members\">listado abaixo<\/a> \u2013 incluem l\u00edderes empresariais, educacionais, governamentais e filantr\u00f3picos, muitos dos quais se tornaram apoiantes do movimento moderno de aprendizagem juvenil durante uma viagem de interc\u00e2mbio de lideran\u00e7a da C\u00e2mara Indy em Setembro de 2023 para ver o sistema da Su\u00ed\u00e7a em ac\u00e7\u00e3o. Os su\u00ed\u00e7os s\u00e3o reconhecidos internacionalmente pelo seu sistema, com dois ter\u00e7os dos alunos do 10.\u00ba ano a ingressar num est\u00e1gio remunerado de tr\u00eas ou quatro anos em cerca de 250 profiss\u00f5es diferentes, abrangendo todos os sectores da economia.&nbsp;<\/p>\n<\/section>\n\n<section class=\"block wordpress-block wordpress-paragraph core-paragraph\">\n<p>Durante a viagem, Claire Fiddian-Green, presidente e CEO da <a href=\"https:\/\/www.rmff.org\/\" target=\"_blank\" rel=\"noreferrer noopener\">Funda\u00e7\u00e3o Richard M. Fairbanks<\/a> e copresidente do iLab, anunciou uma doa\u00e7\u00e3o de $180.000 que permitiria ao CEMETS hospedar um iLab em Indiana. \u201cO CEMETS iLab Indiana apoiar\u00e1 as partes interessadas que trabalham para dimensionar programas modernos de aprendizagem para jovens, tanto na regi\u00e3o de Indian\u00e1polis quanto em todo o estado\u201d, disse Fiddian-Green. \u201cAo tornar Indiana um l\u00edder em aprendizagem baseada no trabalho, buscamos nos tornar um destino importante para empregadores que buscam expandir neg\u00f3cios existentes e empreendedores que trabalham para lan\u00e7ar novos neg\u00f3cios.\u201d&nbsp;<\/p>\n<\/section>\n\n<section class=\"block wordpress-block wordpress-paragraph core-paragraph\">\n<p>Os membros do iLab est\u00e3o divididos em comit\u00e9s que se concentram nas fun\u00e7\u00f5es dos grupos de partes interessadas relevantes \u2013 empregadores, escolas secund\u00e1rias e institui\u00e7\u00f5es de ensino superior. O iLab tem como objetivo espec\u00edfico a forma de dimensionar a aprendizagem de jovens em tr\u00eas grupos industriais \u2013 banca e seguros, ci\u00eancias da vida e cuidados de sa\u00fade, e produ\u00e7\u00e3o avan\u00e7ada, todos os quais enfrentam uma crescente escassez de talentos. Al\u00e9m disso, um resultado importante do iLab \u00e9 a recomenda\u00e7\u00e3o de uma estrutura governamental e operacional que possa supervisionar o trabalho para ampliar a aprendizagem de jovens em todo o estado, abrangendo eventualmente todos os setores da economia de Indiana.&nbsp;&nbsp;<\/p>\n<\/section>\n\n<section class=\"block wordpress-block wordpress-paragraph core-paragraph\">\n<p>Devido ao investimento de anos da Funda\u00e7\u00e3o Fairbanks para trazer o moderno sistema de aprendizagem de jovens para Indiana, ela est\u00e1 fornecendo experi\u00eancia no assunto e fazendo parceria com a lideran\u00e7a do CEMETS para supervisionar o iLab desde o in\u00edcio at\u00e9 a conclus\u00e3o. <a href=\"https:\/\/ascendindiana.com\/\" target=\"_blank\" rel=\"noreferrer noopener\">Ascender Indiana<\/a>, a iniciativa de desenvolvimento de talentos e for\u00e7a de trabalho da <a href=\"https:\/\/www.cicpindiana.com\/\" target=\"_blank\" rel=\"noreferrer noopener\">Parceria Corporativa Central Indiana<\/a>, est\u00e1 fornecendo gerenciamento de projetos para comit\u00eas do iLab, oferecendo oportunidades para os l\u00edderes do setor verem os aprendizados em a\u00e7\u00e3o e coordenando reuni\u00f5es das partes interessadas do iLab. <a href=\"https:\/\/indychamber.com\/\" target=\"_blank\" rel=\"noreferrer noopener\">A C\u00e2mara Indy<\/a> est\u00e1 conduzindo uma an\u00e1lise de ocupa\u00e7\u00e3o da ind\u00fastria para informar o trabalho do iLab e desenvolver\u00e1 um plano sobre como comunicar sobre a aprendizagem moderna de jovens aos empregadores e outras partes interessadas.&nbsp;<\/p>\n<\/section>\n\n<section class=\"block wordpress-block wordpress-paragraph core-paragraph\">\n<p>Para financiar a gest\u00e3o do iLab, a Funda\u00e7\u00e3o Fairbanks concedeu uma doa\u00e7\u00e3o de $100.000 \u00e0 Indy Chamber, e uma parte da doa\u00e7\u00e3o existente de $6 milh\u00f5es da Funda\u00e7\u00e3o Fairbanks para a Ascend Indiana est\u00e1 sendo usada para financiar seu trabalho com o iLab. A Ascend tamb\u00e9m apoiar\u00e1 viagens espec\u00edficas do setor para membros do comit\u00ea iLab.&nbsp;<\/p>\n<\/section>\n\n<section class=\"block wordpress-block wordpress-paragraph core-paragraph\">\n<p>\u201cO iLab Indiana \u00e9 fundamental para desbloquear a capacidade do nosso estado de atender \u00e0s necessidades de talentos, conectando muito mais jovens com oportunidades de aprendizagem baseadas no trabalho\u201d, disse Melina Kennedy, CEO da Central Indiana Corporate Partnership. \u201cO CICP est\u00e1 bem posicionado para apoiar esta coliga\u00e7\u00e3o atrav\u00e9s das suas iniciativas no sector industrial. Al\u00e9m disso, a Ascend traz uma perspectiva \u00fanica para coordenar este esfor\u00e7o, dada a sua experi\u00eancia como intermedi\u00e1rio da for\u00e7a de trabalho que tamb\u00e9m re\u00fane uma comunidade de pr\u00e1tica de aprendizagem de jovens em todo o estado.\u201d&nbsp;<\/p>\n<\/section>\n\n<section class=\"block wordpress-block wordpress-paragraph core-paragraph\">\n<p>\u201cNosso sistema atual n\u00e3o atende \u00e0s necessidades dos estudantes, dos empregadores ou do Estado. O modelo moderno de aprendizagem para jovens \u00e9 uma oportunidade \u00fanica para investir em talentos locais da Hoosier e atender \u00e0s necessidades da economia de amanh\u00e3\u201d, disse Matt Mindrum, presidente e CEO da Indy Chamber. \u201cJuntos, podemos posicionar Indiana como l\u00edder e inovador na reforma educacional e no desenvolvimento da for\u00e7a de trabalho.\u201d&nbsp;<\/p>\n<\/section>\n\n<section class=\"block wordpress-block wordpress-paragraph core-paragraph\">\n<p>O objetivo final do CEMETS iLab Indiana \u00e9 garantir que, at\u00e9 2034, todos os estudantes e alunos adultos em Indiana tenham acesso a op\u00e7\u00f5es de educa\u00e7\u00e3o e treinamento de alta qualidade. Alcan\u00e7ar este objetivo permitir\u00e1 que todos os Hoosiers descubram as suas paix\u00f5es, alcancem o seu potencial m\u00e1ximo e contribuam significativamente para a vitalidade econ\u00f3mica e c\u00edvica das suas comunidades.&nbsp;<\/p>\n<\/section>\n\n<section class=\"container  block wordpress-block wordpress-heading core-heading\"><div class=\"row\"><div class=\"col-12\">\n<h2 class=\"wp-block-heading has-text-align-center\" id=\"members\">###<\/h2>\n<\/div><\/div><\/section>\n\n<section class=\"aligncenter block wordpress-block wordpress-paragraph core-paragraph\">\n<p class=\"has-text-align-center\"><em>Observa\u00e7\u00e3o: esta lista \u00e9 v\u00e1lida em 16 de fevereiro de 2024.<\/em><\/p>\n<\/section>\n\n<section class=\"container  block wordpress-block wordpress-table core-table\"><div class=\"row\"><div class=\"col-12\">\n<figure class=\"wp-block-table\"><table><tbody><tr><td colspan=\"2\"><strong>COMIT\u00ca DE GOVERNA\u00c7\u00c3O<\/strong><\/td><\/tr><tr><td><strong>David Becker, copresidente<\/strong>&nbsp;<\/td><td><strong>Presidente e CEO, Primeiro Banco na Internet<\/strong>&nbsp;<\/td><\/tr><tr><td><strong>Claire Fiddian-Green, copresidente<\/strong>&nbsp;<\/td><td><strong>Presidente e CEO, Funda\u00e7\u00e3o Richard M. Fairbanks<\/strong>&nbsp;<\/td><\/tr><tr><td>Senador Rod Bray&nbsp;<\/td><td>Presidente Pro Tempore do Senado de Indiana, Distrito 37&nbsp;<\/td><\/tr><tr><td>Jeff Harrison&nbsp;<\/td><td>Presidente e CEO, Grupo de Energia Cidad\u00e3&nbsp;<\/td><\/tr><tr><td>Representante Todd Huston&nbsp;<\/td><td>Presidente da C\u00e2mara dos Representantes de Indiana, Distrito 37&nbsp;<\/td><\/tr><tr><td>Dra.Katie Jenner&nbsp;<\/td><td>Secret\u00e1rio de Educa\u00e7\u00e3o de Indiana&nbsp;<\/td><\/tr><tr><td>Melina Kennedy&nbsp;<\/td><td>CEO, Parceria Comunit\u00e1ria Central de Indiana&nbsp;<\/td><\/tr><tr><td>Chris Lowery&nbsp;<\/td><td>Comiss\u00e1rio de Indiana para o Ensino Superior&nbsp;<\/td><\/tr><tr><td>Matt Mindrum&nbsp;<\/td><td>Presidente e CEO, C\u00e2mara Indy&nbsp;<\/td><\/tr><tr><td>M\u00e1rio Rodr\u00edguez&nbsp;<\/td><td>Diretor Executivo, Autoridade Aeroportu\u00e1ria de Indian\u00e1polis&nbsp;<\/td><\/tr><tr><td>Pamela Whitten&nbsp;<\/td><td>Presidente, Universidade de Indiana&nbsp;<\/td><\/tr><tr><td colspan=\"2\"><strong>COMIT\u00ca DA IND\u00daSTRIA<\/strong><\/td><\/tr><tr><td><strong>Mike Ash, copresidente<\/strong>&nbsp;<\/td><td><strong>R<\/strong><strong>Presidente regional, Quinto Terceiro Banco<\/strong>&nbsp;&nbsp;&nbsp;&nbsp;&nbsp;&nbsp; &nbsp;<\/td><\/tr><tr><td><strong>Dennis Murphy, copresidente<\/strong>&nbsp;<\/td><td><strong>Presidente e CEO, Indiana University Health<\/strong>&nbsp;<\/td><\/tr><tr><td colspan=\"2\"><strong>Banc\u00e1rio<\/strong>&nbsp;<\/td><\/tr><tr><td>Scott Bove&nbsp;<\/td><td>Presidente da Regi\u00e3o Sul, Star Financial Bank&nbsp;<\/td><\/tr><tr><td>Kyra Clark&nbsp;<\/td><td>Vice-presidente s\u00eanior e diretor de recursos humanos, Lake City Bank&nbsp;<\/td><\/tr><tr><td>Angie Dane&nbsp;<\/td><td>Vice-presidente s\u00eanior, diretor de recursos humanos, Star Financial Bank&nbsp;<\/td><\/tr><tr><td>Jason Eckerle&nbsp;<\/td><td>Presidente Regional, Centro e Sul de Indiana, Banco PNC&nbsp;<\/td><\/tr><tr><td>David Findlay&nbsp;<\/td><td>Presidente e CEO, Lake City Bank&nbsp;<\/td><\/tr><tr><td>Juan Gonz\u00e1lez&nbsp;<\/td><td>Presidente, Central Indiana, KeyBank&nbsp;<\/td><\/tr><tr><td>Steve Harris&nbsp;<\/td><td>Vice-presidente s\u00eanior e diretor de recursos humanos, First Merchants Bank&nbsp;<\/td><\/tr><tr><td>Annie Colinas&nbsp;<\/td><td>Chefe de Gabinete, Antigo Banco Nacional&nbsp;<\/td><\/tr><tr><td>Carrie Houston&nbsp;<\/td><td>Primeiro vice-presidente e diretor de recursos humanos, Banco Nacional de Indian\u00e1polis&nbsp;<\/td><\/tr><tr><td>Jon Loftin&nbsp;<\/td><td>Presidente e COO, MJ Insurance&nbsp;<\/td><\/tr><tr><td>L\u00facia Mar&nbsp;<\/td><td>Vice-presidente s\u00eanior e executivo de mercado, Bank of America&nbsp;<\/td><\/tr><tr><td>Ann Merkel&nbsp;<\/td><td>Vice-presidente s\u00eanior e diretor de desenvolvimento de mercado, Banco Nacional de Indian\u00e1polis&nbsp;<\/td><\/tr><tr><td>Lorena Ortiz&nbsp;<\/td><td>Primeiro vice-presidente, diretor de pessoal, First Internet Bank&nbsp;<\/td><\/tr><tr><td>James Ryan III&nbsp;<\/td><td>CEO, Antigo Banco Nacional&nbsp;<\/td><\/tr><tr><td>Jake Sappenfield&nbsp;<\/td><td>Presidente de Mercado Comercial, First Financial Bank&nbsp;<\/td><\/tr><tr><td>Roberto Senz&nbsp;<\/td><td>Vice-presidente s\u00eanior, gest\u00e3o de talentos, PNC Bank&nbsp;<\/td><\/tr><tr><td>Michael Stewart&nbsp;<\/td><td>Presidente, First Merchants Corporation e First Merchants Bank&nbsp;<\/td><\/tr><tr><td>\u00c2mbar Van Til&nbsp;<\/td><td>Presidente e CEO, Associa\u00e7\u00e3o de Banqueiros de Indiana&nbsp;<\/td><\/tr><tr><td colspan=\"2\"><strong>Seguro<\/strong>&nbsp;<\/td><\/tr><tr><td>Scott Davison&nbsp;<\/td><td>Presidente, Presidente e CEO, OneAmerica&nbsp;<\/td><\/tr><tr><td>Amanda Pennington&nbsp;<\/td><td>Vice-presidente de capacita\u00e7\u00e3o de vendas, UnitedHealth Group&nbsp;<\/td><\/tr><tr><td>Karin Saratt&nbsp;<\/td><td>Vice-presidente executivo, OneAmerica&nbsp;<\/td><\/tr><tr><td>Kim Tom\u00e1s&nbsp;<\/td><td>Vice-presidente, Diversidade, Equidade, Inclus\u00e3o e Assuntos Comunit\u00e1rios, OneAmerica&nbsp;<\/td><\/tr><tr><td>Kevin Wheeler&nbsp;<\/td><td>Representante do Cons\u00f3rcio de Treinamento da Ind\u00fastria de Seguros de Indiana&nbsp;<\/td><\/tr><tr><td colspan=\"2\"><strong>Assist\u00eancia m\u00e9dica<\/strong><\/td><\/tr><tr><td>Karly Cope&nbsp;<\/td><td>Vice-presidente de gest\u00e3o de talentos, Community Health Network&nbsp;<\/td><\/tr><tr><td>Nancy Foster&nbsp;<\/td><td>Diretor de Recursos Humanos de Mercado, Ascension St.&nbsp;<\/td><\/tr><tr><td>Kreg Gruber&nbsp;<\/td><td>CEO, Sistema de Sa\u00fade Beacon&nbsp;<\/td><\/tr><tr><td>Lisa Harris, m\u00e9dica&nbsp;<\/td><td>CEO, Eskenazi Sa\u00fade&nbsp;<\/td><\/tr><tr><td>Christia Hicks&nbsp;<\/td><td>Diretor de Recursos Humanos, Eskenazi Health&nbsp;<\/td><\/tr><tr><td>Erin LaCross, DNP, RN, NEA-BC, CENP&nbsp;<\/td><td>Vice-presidente s\u00eanior, Desenvolvimento Profissional de Enfermagem, Parkview Health&nbsp;<\/td><\/tr><tr><td>Melinda Lebofsky&nbsp;<\/td><td>Vice-presidente s\u00eanior, diretor de recursos humanos, Deaconess Health System&nbsp;<\/td><\/tr><tr><td>Michelle Mahaffey&nbsp;<\/td><td>Diretor de Recursos Humanos, Rede Comunit\u00e1ria de Sa\u00fade&nbsp;<\/td><\/tr><tr><td>Michael Schroyer, RN, MSN, FACHE&nbsp;<\/td><td>Presidente, Baptist Health Floyd&nbsp;<\/td><\/tr><tr><td>Dra. Adrienne D. Sims&nbsp;<\/td><td>Vice-presidente s\u00eanior, diretor de recursos humanos, Indiana University Health&nbsp;<\/td><\/tr><tr><td>Maria Jo Smith&nbsp;<\/td><td>Vice-presidente s\u00eanior de recursos humanos, Alian\u00e7a Franciscana&nbsp;<\/td><\/tr><tr><td>Ram Yeleti, MD&nbsp;<\/td><td>Vice-presidente executivo, m\u00e9dico-chefe executivo, Community Health Network&nbsp;<\/td><\/tr><tr><td colspan=\"2\"><strong>Ci\u00eancias da Vida<\/strong><\/td><\/tr><tr><td>Bridget Boyle&nbsp;<\/td><td>Chefe de Pessoas e Cultura, Roche Diagnostics&nbsp;<\/td><\/tr><tr><td>Kelly Copes-Anderson&nbsp;<\/td><td>Vice-presidente e chefe global de diversidade, equidade e inclus\u00e3o, Eli Lilly and Company&nbsp;<\/td><\/tr><tr><td>Travis Christman&nbsp;<\/td><td>Vice-presidente de Qualidade e Regulamenta\u00e7\u00e3o, Medartis&nbsp;<\/td><\/tr><tr><td>Allyn Decker&nbsp;<\/td><td>Vice-presidente de opera\u00e7\u00f5es e engajamento, OrthoWorx Indiana&nbsp;<\/td><\/tr><tr><td>Trevor Lutador&nbsp;<\/td><td>Vice-presidente de rela\u00e7\u00f5es p\u00fablicas, Heartland BioWorks&nbsp;<\/td><\/tr><tr><td>Erin Hughes&nbsp;<\/td><td>Gerente S\u00eanior de Recursos Humanos, Medartis&nbsp;<\/td><\/tr><tr><td>Mateus Linville&nbsp;<\/td><td>Diretor S\u00eanior, Recursos Humanos, Zimmer Biomet&nbsp;<\/td><\/tr><tr><td>Erin Serafino&nbsp;<\/td><td>Diretor de Talentos, OrthoWorx Indiana&nbsp;<\/td><\/tr><tr><td>Maur\u00edcio Taylor&nbsp;<\/td><td>Diretor Executivo, Programas de Atra\u00e7\u00e3o de Talentos, Marketing de Recrutamento e Equidade da For\u00e7a de Trabalho, Eli Lilly and Company&nbsp;<\/td><\/tr><tr><td>Bob Vitoux&nbsp;<\/td><td>Presidente e CEO, OrthoWorx Indiana&nbsp;<\/td><\/tr><tr><td>Vicente Wong&nbsp;<\/td><td>Presidente e CEO, BioCrossroads&nbsp;<\/td><\/tr><tr><td colspan=\"2\"><strong>Fabrica\u00e7\u00e3o Avan\u00e7ada<\/strong>&nbsp;<\/td><\/tr><tr><td>Representante&nbsp;<\/td><td>Subaru Indiana&nbsp;<\/td><\/tr><tr><td>Katrina Gerig&nbsp;<\/td><td>Vice-presidente de Recursos Humanos, Telamon&nbsp;<\/td><\/tr><tr><td>Dannette Howard&nbsp;&nbsp;<\/td><td>Diretor de Educa\u00e7\u00e3o Global, Responsabilidade Corporativa, Cummins, Inc.&nbsp;&nbsp;&nbsp;&nbsp;<\/td><\/tr><tr><td>Marcos Murphy&nbsp;<\/td><td>Presidente, PRD, Inc.&nbsp;<\/td><\/tr><tr><td>Maribeth Nelson&nbsp;<\/td><td>Gerente de Recursos Humanos, Tecnologias M\u00e9dicas de Precis\u00e3o&nbsp;<\/td><\/tr><tr><td>Nicole Otte&nbsp;<\/td><td>Diretor de Desenvolvimento de For\u00e7a de Trabalho, Endress+Hauser EUA&nbsp;<\/td><\/tr><tr><td>Josh Wilber&nbsp;<\/td><td>Diretor de Recursos Humanos, Grote Industries&nbsp;<\/td><\/tr><tr><td colspan=\"2\"><strong>Parceiros Estaduais e Intermedi\u00e1rios<\/strong>&nbsp;<\/td><\/tr><tr><td>Tony Denhart&nbsp;<\/td><td>Vice-presidente executivo, for\u00e7a de trabalho e talentos, Indiana Economic Development Corporation&nbsp;<\/td><\/tr><tr><td>Carrie Lively&nbsp;<\/td><td>Diretor Executivo, The Pursuit Institute&nbsp;<\/td><\/tr><tr><td>Michi McClaine&nbsp;<\/td><td>Vice-presidente de Desenvolvimento de Talentos, Iniciativas de Oportunidades Regionais&nbsp;<\/td><\/tr><tr><td>Matt Mindrum&nbsp;<\/td><td>Presidente e CEO, C\u00e2mara Indy&nbsp;<\/td><\/tr><tr><td>Ricardo Paulk&nbsp;<\/td><td>Comiss\u00e1rio, Departamento de Desenvolvimento da For\u00e7a de Trabalho de Indiana&nbsp;<\/td><\/tr><tr><td>David Rosenberg&nbsp;<\/td><td>Secret\u00e1rio de Com\u00e9rcio, Corpora\u00e7\u00e3o de Desenvolvimento Econ\u00f4mico de Indiana&nbsp;<\/td><\/tr><tr><td>Vanessa Green Sinders&nbsp;<\/td><td>Presidente e CEO, C\u00e2mara de Com\u00e9rcio de Indiana&nbsp;<\/td><\/tr><tr><td>Estilos Jay&nbsp;<\/td><td>Vice-presidente s\u00eanior de parcerias e conex\u00f5es de talentos, EmployIndy&nbsp;<\/td><\/tr><tr><td colspan=\"2\"><strong>COMIT\u00ca DE ENSINO M\u00c9DIO<\/strong><\/td><\/tr><tr><td><strong>Dan Funston, copresidente<\/strong>&nbsp;<\/td><td><strong>S<\/strong><strong>superintendente, Concord Community Schools<\/strong>&nbsp;<\/td><\/tr><tr><td><strong>Kent Kramer, copresidente<\/strong>&nbsp;<\/td><td><strong>Presidente e CEO, Goodwill of Central &amp; Southern Indiana<\/strong>&nbsp;<\/td><\/tr><tr><td colspan=\"2\"><strong>Distritos ou redes de escolas charter<\/strong><\/td><\/tr><tr><td>Andy Allen&nbsp;<\/td><td>Diretor de ensino m\u00e9dio, Batesville Community School Corporation&nbsp;<\/td><\/tr><tr><td>Adam Barton&nbsp;<\/td><td>Diretor do ensino m\u00e9dio, Eastern Hancock Community School Corporation&nbsp;<\/td><\/tr><tr><td>Tara Bispo&nbsp;<\/td><td>Superintendente, Escolas Comunit\u00e1rias Centrais de Perry&nbsp;<\/td><\/tr><tr><td>Dr. Jeff Butts&nbsp;<\/td><td>Superintendente, MSD Wayne Township&nbsp;<\/td><\/tr><tr><td>Rebecca Daugherty-Saunders&nbsp;<\/td><td>Diretor Distrital de Prepara\u00e7\u00e3o para Faculdade e Carreira, MSD Wayne Township&nbsp;<\/td><\/tr><tr><td>Betsy Delgado&nbsp;<\/td><td>Vice-presidente s\u00eanior e diretor de miss\u00e3o e educa\u00e7\u00e3o, Goodwill of Central &amp; Southern Indiana&nbsp;<\/td><\/tr><tr><td>Jody Franc\u00eas&nbsp;<\/td><td>Jr.\/Sr. Diretor do Ensino M\u00e9dio, Escolas Comunit\u00e1rias Centrais de Perry&nbsp;<\/td><\/tr><tr><td>Dr.David Hoffert&nbsp;<\/td><td>Superintendente, Escolas Comunit\u00e1rias de Vars\u00f3via&nbsp;<\/td><\/tr><tr><td>Andrea Huff&nbsp;<\/td><td>Superintendente, Escolas Comunit\u00e1rias Barr-Reeve&nbsp;<\/td><\/tr><tr><td>Dra.&nbsp;<\/td><td>Superintendente, Escolas P\u00fablicas de Indian\u00e1polis&nbsp;<\/td><\/tr><tr><td>Dra. Lisa Kendall&nbsp;<\/td><td>Superintendente Assistente de Programa\u00e7\u00e3o Educacional, Concord Community Schools&nbsp;<\/td><\/tr><tr><td>Paulo Ketcham&nbsp;<\/td><td>Superintendente, Batesville Community School Corporation&nbsp;<\/td><\/tr><tr><td>Melissa Kissling&nbsp;<\/td><td>Gerente de conex\u00f5es universit\u00e1rias e profissionais, Escolas Comunit\u00e1rias de Vars\u00f3via&nbsp;<\/td><\/tr><tr><td>Robert McDermott&nbsp;<\/td><td>Superintendente Assistente, Duneland School Corporation&nbsp;<\/td><\/tr><tr><td>Chip Petit&nbsp;<\/td><td>Superintendente, Duneland School Corporation&nbsp;<\/td><\/tr><tr><td>Dr.&nbsp;<\/td><td>Superintendente, Eastern Hancock Community School Corporation&nbsp;<\/td><\/tr><tr><td>Tim Pletcher&nbsp;<\/td><td>Diretor do Ensino M\u00e9dio, Escolas Comunit\u00e1rias de Baugo&nbsp;<\/td><\/tr><tr><td>Byron Sanders&nbsp;<\/td><td>Superintendente, Escolas Comunit\u00e1rias de Baugo&nbsp;<\/td><\/tr><tr><td>Dra.&nbsp;<\/td><td>CEO, Escolas Polit\u00e9cnicas de Purdue&nbsp;<\/td><\/tr><tr><td>BJ Watts&nbsp;<\/td><td>Diretor Executivo OptIN, Evansville-Vanderburgh School Corporation&nbsp;<\/td><\/tr><tr><td colspan=\"2\"><strong>Parceiros Estaduais e Intermedi\u00e1rios<\/strong><\/td><\/tr><tr><td>Beth Bray&nbsp;<\/td><td>Oficial de Programa, Programa Educacional, Walton Family Foundation&nbsp;<\/td><\/tr><tr><td>Jason Callahan&nbsp;<\/td><td>Secret\u00e1rio Adjunto de Caminhos e Oportunidades Estudantis, Departamento de Educa\u00e7\u00e3o de Indiana&nbsp;<\/td><\/tr><tr><td>Erika Seydel Cheney&nbsp;<\/td><td>Vice-presidente, aprendizagem conectada \u00e0 carreira de ensino fundamental e m\u00e9dio, EmployIndy&nbsp;<\/td><\/tr><tr><td>Todd Hurst&nbsp;<\/td><td>Diretor Executivo, Instituto de Excel\u00eancia na For\u00e7a de Trabalho, C\u00e2mara de Com\u00e9rcio de Indiana&nbsp;<\/td><\/tr><tr><td>Sarah Koontz&nbsp;<\/td><td>Diretor de Est\u00e1gios Juvenis CareerWise, CareerWise Elkhart County&nbsp;<\/td><\/tr><tr><td>Dra.&nbsp;<\/td><td>Vice-presidente de iniciativas estrat\u00e9gicas e de ensino fundamental e m\u00e9dio, Ivy Tech Community College&nbsp;<\/td><\/tr><tr><td colspan=\"2\"><strong>COMISS\u00c3O DE ENSINO SUPERIOR<\/strong><\/td><\/tr><tr><td><strong>S<\/strong><strong>ue Ellspermann, copresidente<\/strong>&nbsp;<\/td><td><strong>P<\/strong><strong>residente, Ivy Tech Community College<\/strong>&nbsp;<\/td><\/tr><tr><td><strong>Ken<\/strong><strong>com Britt, copresidente<\/strong>&nbsp;<\/td><td><strong>COO e Chanceler, Marian University<\/strong>&nbsp;<\/td><\/tr><tr><td colspan=\"2\"><strong>Institui\u00e7\u00f5es de Ensino Superior<\/strong>&nbsp;<\/td><\/tr><tr><td>Melissa Beckwith&nbsp;<\/td><td>Diretor de Estrat\u00e9gia, Butler University&nbsp;<\/td><\/tr><tr><td>Daniel Castro Lacouture&nbsp;<\/td><td>Reitor, Instituto Polit\u00e9cnico de Purdue&nbsp;<\/td><\/tr><tr><td>Molly Dodge&nbsp;<\/td><td>Vice-presidente s\u00eanior, for\u00e7a de trabalho e carreiras, Ivy Tech Community College&nbsp;<\/td><\/tr><tr><td>Sean Huddleston&nbsp;<\/td><td>Presidente, Universidade Martin&nbsp;<\/td><\/tr><tr><td>Dottie Rei&nbsp;<\/td><td>Presidente e CEO, Faculdades Independentes de Indiana&nbsp;<\/td><\/tr><tr><td>Andr\u00e9 Kocher&nbsp;<\/td><td>Vice-presidente de Parcerias Corporativas e Comunit\u00e1rias, Universidade de Indian\u00e1polis&nbsp;<\/td><\/tr><tr><td>Dra.&nbsp;<\/td><td>Vice-Reitor de Inova\u00e7\u00e3o e Projetos Especiais; L\u00edder Estrat\u00e9gico para Iniciativas Acad\u00eamicas, Escrit\u00f3rio de Parcerias Escolares da IU; Professor de Educa\u00e7\u00e3o, Universidade de Indiana&nbsp;<\/td><\/tr><tr><td>Dra.&nbsp;<\/td><td>Reitor Associado para Programas e Parcerias K-12, Universidade de Vincennes&nbsp;<\/td><\/tr><tr><td colspan=\"2\"><strong>Parceiros Estaduais e Intermedi\u00e1rios<\/strong>&nbsp;<\/td><\/tr><tr><td>Dra.&nbsp;<\/td><td>Comiss\u00e1rio Associado S\u00eanior e Diretor de Programa, Comiss\u00e3o de Educa\u00e7\u00e3o Superior de Indiana&nbsp;<\/td><\/tr><tr><td>Jason Bearce&nbsp;<\/td><td>Vice-presidente, Educa\u00e7\u00e3o e Desenvolvimento da For\u00e7a de Trabalho, C\u00e2mara de Com\u00e9rcio de Indiana&nbsp;<\/td><\/tr><tr><td>Betsy Revell&nbsp;<\/td><td>Vice-presidente s\u00eanior, carreira<em>&#8211;<\/em>Aprendizagem Conectada, EmployIndy&nbsp;<\/td><\/tr><tr><td>Brian Wiebe&nbsp;<\/td><td>Presidente e CEO, Horizon Education Alliance&nbsp;<\/td><\/tr><tr><td colspan=\"2\"><strong>COMIT\u00ca DE POL\u00cdTICA<\/strong><\/td><\/tr><tr><td><strong>Representante Bob Behning,<\/strong><strong> co-presidente<\/strong>&nbsp;<\/td><td><strong>Presidente, Comit\u00ea de Educa\u00e7\u00e3o, C\u00e2mara dos Representantes de Indiana, Distrito 91<\/strong>&nbsp;<\/td><\/tr><tr><td><strong>Senador Jeff Raatz,<\/strong><strong> co-presidente<\/strong>&nbsp;<\/td><td><strong>Presidente do Comit\u00ea de Educa\u00e7\u00e3o e Desenvolvimento de Carreira, Distrito 27 do Senado de Indiana<\/strong>&nbsp;<\/td><\/tr><tr><td colspan=\"2\"><strong>Oficiais eleitos<\/strong>&nbsp;<\/td><\/tr><tr><td>Senadora Andrea Hunley&nbsp;<\/td><td>Senador, Distrito 46 do Senado de Indiana&nbsp;<\/td><\/tr><tr><td>Representante Julie McGuire&nbsp;<\/td><td>Representante, Indiana House District 93&nbsp;<\/td><\/tr><tr><td>Representante Vernon Smith&nbsp;<\/td><td>Representante, Indiana House, Distrito 14&nbsp;<\/td><\/tr><tr><td colspan=\"2\"><strong>Parceiros Estaduais, Corporativos e Intermedi\u00e1rios<\/strong>&nbsp;<\/td><\/tr><tr><td>Jason Bearce&nbsp;<\/td><td>Vice-presidente, Educa\u00e7\u00e3o e Desenvolvimento da For\u00e7a de Trabalho, C\u00e2mara de Com\u00e9rcio de Indiana&nbsp;<\/td><\/tr><tr><td>Susan Brock-Williams&nbsp;<\/td><td>Vice-presidente associado, Assuntos Governamentais do Estado, Eli Lilly and Company&nbsp;<\/td><\/tr><tr><td>David Buyze&nbsp;<\/td><td>Diretor de Pol\u00edticas e Programas Especiais, Departamento de Educa\u00e7\u00e3o de Indiana&nbsp;<\/td><\/tr><tr><td>Miranda Cripe&nbsp;<\/td><td>Gerente de Parcerias do Condado de Elkhart CareerWise, Horizon Education Alliance&nbsp;<\/td><\/tr><tr><td>Whitney Ertel&nbsp;<\/td><td>Diretor Executivo, Gabinete de For\u00e7a de Trabalho do Governador&nbsp;<\/td><\/tr><tr><td>Josh Garrison&nbsp;<\/td><td>Comiss\u00e1rio Associado S\u00eanior e Chefe de Gabinete, Comiss\u00e3o de Educa\u00e7\u00e3o Superior de Indiana&nbsp;<\/td><\/tr><tr><td>Taylor Hughes&nbsp;<\/td><td>Vice-presidente de Pol\u00edtica e Estrat\u00e9gia, Indy Chamber&nbsp;<\/td><\/tr><tr><td>Danny Kelly&nbsp;<\/td><td>Diretor de Pol\u00edtica, Republicanos da C\u00e2mara de Indiana&nbsp;<\/td><\/tr><tr><td>Marie Mackintosh&nbsp;<\/td><td>Presidente e CEO, EmployIndy&nbsp;<\/td><\/tr><tr><td>Tina Peterson&nbsp;<\/td><td>Presidente e CEO, Iniciativas de Oportunidades Regionais&nbsp;<\/td><\/tr><tr><td>Betsy Wiley&nbsp;<\/td><td>Presidente e CEO, Instituto de Educa\u00e7\u00e3o de Qualidade&nbsp;<\/td><\/tr><\/tbody><\/table><\/figure>\n<\/div><\/div><\/section>","protected":false},"excerpt":{"rendered":"<p>Mais de 100 l\u00edderes de Indiana, incluindo CEOs de empresas, reitores de universidades, superintendentes de ensino fundamental e m\u00e9dio e funcion\u00e1rios do governo estadual, juntaram-se a uma coaliz\u00e3o para desenvolver um sistema moderno de aprendizagem para jovens em todo o estado.<\/p>","protected":false},"author":7,"featured_media":13367,"comment_status":"closed","ping_status":"open","sticky":false,"template":"","format":"standard","meta":{"_acf_changed":false,"footnotes":""},"categories":[37,25],"tags":[],"class_list":["post-13416","post","type-post","status-publish","format-standard","has-post-thumbnail","hentry","category-education","category-vitality-of-indianapolis"],"acf":[],"yoast_head":"<!-- This site is optimized with the Yoast SEO plugin v26.0 - https:\/\/yoast.com\/wordpress\/plugins\/seo\/ -->\n<title>Indiana leaders form coalition to build, grow youth apprenticeship - Richard M. Fairbanks Foundation<\/title>\n<meta name=\"description\" content=\"Indiana leaders form coalition to build, grow youth apprenticeship. Business, education, government and philanthropic leaders join forces to help solve workforce development crisis.\" \/>\n<meta name=\"robots\" content=\"index, follow, max-snippet:-1, max-image-preview:large, max-video-preview:-1\" \/>\n<link rel=\"canonical\" href=\"https:\/\/old.rmff.wrhosting.net\/pt\/2024\/01\/indiana-leaders-form-coalition-to-build-grow-youth-apprenticeship\/\" \/>\n<meta property=\"og:locale\" content=\"pt_PT\" \/>\n<meta property=\"og:type\" content=\"article\" \/>\n<meta property=\"og:title\" content=\"Indiana leaders form coalition to build, grow youth apprenticeship - Richard M. Fairbanks Foundation\" \/>\n<meta property=\"og:description\" content=\"Indiana leaders form coalition to build, grow youth apprenticeship. Business, education, government and philanthropic leaders join forces to help solve workforce development crisis.\" \/>\n<meta property=\"og:url\" content=\"https:\/\/old.rmff.wrhosting.net\/pt\/2024\/01\/indiana-leaders-form-coalition-to-build-grow-youth-apprenticeship\/\" \/>\n<meta property=\"og:site_name\" content=\"Richard M. Fairbanks Foundation\" \/>\n<meta property=\"article:published_time\" content=\"2024-01-23T12:30:00+00:00\" \/>\n<meta property=\"article:modified_time\" content=\"2024-02-19T16:25:57+00:00\" \/>\n<meta property=\"og:image\" content=\"https:\/\/old.rmff.wrhosting.net\/wp-content\/uploads\/2024\/01\/RMFF-143_NewsImages_696x366_Vitality.jpg\" \/>\n\t<meta property=\"og:image:width\" content=\"1450\" \/>\n\t<meta property=\"og:image:height\" content=\"762\" \/>\n\t<meta property=\"og:image:type\" content=\"image\/jpeg\" \/>\n<meta name=\"author\" content=\"RMFF Staff\" \/>\n<meta name=\"twitter:card\" content=\"summary_large_image\" \/>\n<meta name=\"twitter:label1\" content=\"Escrito por\" \/>\n\t<meta name=\"twitter:data1\" content=\"RMFF Staff\" \/>\n\t<meta name=\"twitter:label2\" content=\"Tempo estimado de leitura\" \/>\n\t<meta name=\"twitter:data2\" content=\"10 minutos\" \/>\n<script type=\"application\/ld+json\" class=\"yoast-schema-graph\">{\"@context\":\"https:\/\/schema.org\",\"@graph\":[{\"@type\":\"WebPage\",\"@id\":\"https:\/\/old.rmff.wrhosting.net\/2024\/01\/indiana-leaders-form-coalition-to-build-grow-youth-apprenticeship\/\",\"url\":\"https:\/\/old.rmff.wrhosting.net\/2024\/01\/indiana-leaders-form-coalition-to-build-grow-youth-apprenticeship\/\",\"name\":\"Indiana leaders form coalition to build, grow youth apprenticeship - Richard M. Fairbanks Foundation\",\"isPartOf\":{\"@id\":\"https:\/\/old.rmff.wrhosting.net\/#website\"},\"primaryImageOfPage\":{\"@id\":\"https:\/\/old.rmff.wrhosting.net\/2024\/01\/indiana-leaders-form-coalition-to-build-grow-youth-apprenticeship\/#primaryimage\"},\"image\":{\"@id\":\"https:\/\/old.rmff.wrhosting.net\/2024\/01\/indiana-leaders-form-coalition-to-build-grow-youth-apprenticeship\/#primaryimage\"},\"thumbnailUrl\":\"https:\/\/old.rmff.wrhosting.net\/wp-content\/uploads\/2024\/01\/RMFF-143_NewsImages_696x366_Vitality.jpg\",\"datePublished\":\"2024-01-23T12:30:00+00:00\",\"dateModified\":\"2024-02-19T16:25:57+00:00\",\"author\":{\"@id\":\"https:\/\/old.rmff.wrhosting.net\/#\/schema\/person\/b9b457f46976a7df932bc8f5cd932a2b\"},\"description\":\"Indiana leaders form coalition to build, grow youth apprenticeship. Business, education, government and philanthropic leaders join forces to help solve workforce development crisis.\",\"breadcrumb\":{\"@id\":\"https:\/\/old.rmff.wrhosting.net\/2024\/01\/indiana-leaders-form-coalition-to-build-grow-youth-apprenticeship\/#breadcrumb\"},\"inLanguage\":\"pt-PT\",\"potentialAction\":[{\"@type\":\"ReadAction\",\"target\":[\"https:\/\/old.rmff.wrhosting.net\/2024\/01\/indiana-leaders-form-coalition-to-build-grow-youth-apprenticeship\/\"]}]},{\"@type\":\"ImageObject\",\"inLanguage\":\"pt-PT\",\"@id\":\"https:\/\/old.rmff.wrhosting.net\/2024\/01\/indiana-leaders-form-coalition-to-build-grow-youth-apprenticeship\/#primaryimage\",\"url\":\"https:\/\/old.rmff.wrhosting.net\/wp-content\/uploads\/2024\/01\/RMFF-143_NewsImages_696x366_Vitality.jpg\",\"contentUrl\":\"https:\/\/old.rmff.wrhosting.net\/wp-content\/uploads\/2024\/01\/RMFF-143_NewsImages_696x366_Vitality.jpg\",\"width\":1450,\"height\":762},{\"@type\":\"BreadcrumbList\",\"@id\":\"https:\/\/old.rmff.wrhosting.net\/2024\/01\/indiana-leaders-form-coalition-to-build-grow-youth-apprenticeship\/#breadcrumb\",\"itemListElement\":[{\"@type\":\"ListItem\",\"position\":1,\"name\":\"Home\",\"item\":\"https:\/\/old.rmff.wrhosting.net\/\"},{\"@type\":\"ListItem\",\"position\":2,\"name\":\"Indiana leaders form coalition to build, grow youth apprenticeship\"}]},{\"@type\":\"WebSite\",\"@id\":\"https:\/\/old.rmff.wrhosting.net\/#website\",\"url\":\"https:\/\/old.rmff.wrhosting.net\/\",\"name\":\"Richard M. Fairbanks Foundation\",\"description\":\"Advancing the vitality of Indianapolis and the well-being of its people.\",\"potentialAction\":[{\"@type\":\"SearchAction\",\"target\":{\"@type\":\"EntryPoint\",\"urlTemplate\":\"https:\/\/old.rmff.wrhosting.net\/?s={search_term_string}\"},\"query-input\":{\"@type\":\"PropertyValueSpecification\",\"valueRequired\":true,\"valueName\":\"search_term_string\"}}],\"inLanguage\":\"pt-PT\"},{\"@type\":\"Person\",\"@id\":\"https:\/\/old.rmff.wrhosting.net\/#\/schema\/person\/b9b457f46976a7df932bc8f5cd932a2b\",\"name\":\"RMFF Staff\",\"image\":{\"@type\":\"ImageObject\",\"inLanguage\":\"pt-PT\",\"@id\":\"https:\/\/old.rmff.wrhosting.net\/#\/schema\/person\/image\/\",\"url\":\"https:\/\/secure.gravatar.com\/avatar\/12c7a6f2976d144ddd06770e26358ad375903bd67a5780c9e3f58914c92511a7?s=96&d=mm&r=g\",\"contentUrl\":\"https:\/\/secure.gravatar.com\/avatar\/12c7a6f2976d144ddd06770e26358ad375903bd67a5780c9e3f58914c92511a7?s=96&d=mm&r=g\",\"caption\":\"RMFF Staff\"},\"url\":\"https:\/\/old.rmff.wrhosting.net\/pt\/author\/admin\/\"}]}<\/script>\n<!-- \/ Yoast SEO plugin. -->","yoast_head_json":{"title":"Indiana leaders form coalition to build, grow youth apprenticeship - Richard M. Fairbanks Foundation","description":"Indiana leaders form coalition to build, grow youth apprenticeship. Business, education, government and philanthropic leaders join forces to help solve workforce development crisis.","robots":{"index":"index","follow":"follow","max-snippet":"max-snippet:-1","max-image-preview":"max-image-preview:large","max-video-preview":"max-video-preview:-1"},"canonical":"https:\/\/old.rmff.wrhosting.net\/pt\/2024\/01\/indiana-leaders-form-coalition-to-build-grow-youth-apprenticeship\/","og_locale":"pt_PT","og_type":"article","og_title":"Indiana leaders form coalition to build, grow youth apprenticeship - Richard M. Fairbanks Foundation","og_description":"Indiana leaders form coalition to build, grow youth apprenticeship. Business, education, government and philanthropic leaders join forces to help solve workforce development crisis.","og_url":"https:\/\/old.rmff.wrhosting.net\/pt\/2024\/01\/indiana-leaders-form-coalition-to-build-grow-youth-apprenticeship\/","og_site_name":"Richard M. Fairbanks Foundation","article_published_time":"2024-01-23T12:30:00+00:00","article_modified_time":"2024-02-19T16:25:57+00:00","og_image":[{"width":1450,"height":762,"url":"https:\/\/old.rmff.wrhosting.net\/wp-content\/uploads\/2024\/01\/RMFF-143_NewsImages_696x366_Vitality.jpg","type":"image\/jpeg"}],"author":"RMFF Staff","twitter_card":"summary_large_image","twitter_misc":{"Escrito por":"RMFF Staff","Tempo estimado de leitura":"10 minutos"},"schema":{"@context":"https:\/\/schema.org","@graph":[{"@type":"WebPage","@id":"https:\/\/old.rmff.wrhosting.net\/2024\/01\/indiana-leaders-form-coalition-to-build-grow-youth-apprenticeship\/","url":"https:\/\/old.rmff.wrhosting.net\/2024\/01\/indiana-leaders-form-coalition-to-build-grow-youth-apprenticeship\/","name":"Indiana leaders form coalition to build, grow youth apprenticeship - Richard M. Fairbanks Foundation","isPartOf":{"@id":"https:\/\/old.rmff.wrhosting.net\/#website"},"primaryImageOfPage":{"@id":"https:\/\/old.rmff.wrhosting.net\/2024\/01\/indiana-leaders-form-coalition-to-build-grow-youth-apprenticeship\/#primaryimage"},"image":{"@id":"https:\/\/old.rmff.wrhosting.net\/2024\/01\/indiana-leaders-form-coalition-to-build-grow-youth-apprenticeship\/#primaryimage"},"thumbnailUrl":"https:\/\/old.rmff.wrhosting.net\/wp-content\/uploads\/2024\/01\/RMFF-143_NewsImages_696x366_Vitality.jpg","datePublished":"2024-01-23T12:30:00+00:00","dateModified":"2024-02-19T16:25:57+00:00","author":{"@id":"https:\/\/old.rmff.wrhosting.net\/#\/schema\/person\/b9b457f46976a7df932bc8f5cd932a2b"},"description":"Indiana leaders form coalition to build, grow youth apprenticeship. Business, education, government and philanthropic leaders join forces to help solve workforce development crisis.","breadcrumb":{"@id":"https:\/\/old.rmff.wrhosting.net\/2024\/01\/indiana-leaders-form-coalition-to-build-grow-youth-apprenticeship\/#breadcrumb"},"inLanguage":"pt-PT","potentialAction":[{"@type":"ReadAction","target":["https:\/\/old.rmff.wrhosting.net\/2024\/01\/indiana-leaders-form-coalition-to-build-grow-youth-apprenticeship\/"]}]},{"@type":"ImageObject","inLanguage":"pt-PT","@id":"https:\/\/old.rmff.wrhosting.net\/2024\/01\/indiana-leaders-form-coalition-to-build-grow-youth-apprenticeship\/#primaryimage","url":"https:\/\/old.rmff.wrhosting.net\/wp-content\/uploads\/2024\/01\/RMFF-143_NewsImages_696x366_Vitality.jpg","contentUrl":"https:\/\/old.rmff.wrhosting.net\/wp-content\/uploads\/2024\/01\/RMFF-143_NewsImages_696x366_Vitality.jpg","width":1450,"height":762},{"@type":"BreadcrumbList","@id":"https:\/\/old.rmff.wrhosting.net\/2024\/01\/indiana-leaders-form-coalition-to-build-grow-youth-apprenticeship\/#breadcrumb","itemListElement":[{"@type":"ListItem","position":1,"name":"Home","item":"https:\/\/old.rmff.wrhosting.net\/"},{"@type":"ListItem","position":2,"name":"Indiana leaders form coalition to build, grow youth apprenticeship"}]},{"@type":"WebSite","@id":"https:\/\/old.rmff.wrhosting.net\/#website","url":"https:\/\/old.rmff.wrhosting.net\/","name":"Funda\u00e7\u00e3o Richard M. Fairbanks","description":"Promovendo a vitalidade de Indian\u00e1polis e o bem-estar de seu povo.","potentialAction":[{"@type":"SearchAction","target":{"@type":"EntryPoint","urlTemplate":"https:\/\/old.rmff.wrhosting.net\/?s={search_term_string}"},"query-input":{"@type":"PropertyValueSpecification","valueRequired":true,"valueName":"search_term_string"}}],"inLanguage":"pt-PT"},{"@type":"Person","@id":"https:\/\/old.rmff.wrhosting.net\/#\/schema\/person\/b9b457f46976a7df932bc8f5cd932a2b","name":"RMFF Staff","image":{"@type":"ImageObject","inLanguage":"pt-PT","@id":"https:\/\/old.rmff.wrhosting.net\/#\/schema\/person\/image\/","url":"https:\/\/secure.gravatar.com\/avatar\/12c7a6f2976d144ddd06770e26358ad375903bd67a5780c9e3f58914c92511a7?s=96&d=mm&r=g","contentUrl":"https:\/\/secure.gravatar.com\/avatar\/12c7a6f2976d144ddd06770e26358ad375903bd67a5780c9e3f58914c92511a7?s=96&d=mm&r=g","caption":"RMFF Staff"},"url":"https:\/\/old.rmff.wrhosting.net\/pt\/author\/admin\/"}]}},"_links":{"self":[{"href":"https:\/\/old.rmff.wrhosting.net\/pt\/wp-json\/wp\/v2\/posts\/13416","targetHints":{"allow":["GET"]}}],"collection":[{"href":"https:\/\/old.rmff.wrhosting.net\/pt\/wp-json\/wp\/v2\/posts"}],"about":[{"href":"https:\/\/old.rmff.wrhosting.net\/pt\/wp-json\/wp\/v2\/types\/post"}],"author":[{"embeddable":true,"href":"https:\/\/old.rmff.wrhosting.net\/pt\/wp-json\/wp\/v2\/users\/7"}],"replies":[{"embeddable":true,"href":"https:\/\/old.rmff.wrhosting.net\/pt\/wp-json\/wp\/v2\/comments?post=13416"}],"version-history":[{"count":19,"href":"https:\/\/old.rmff.wrhosting.net\/pt\/wp-json\/wp\/v2\/posts\/13416\/revisions"}],"predecessor-version":[{"id":13581,"href":"https:\/\/old.rmff.wrhosting.net\/pt\/wp-json\/wp\/v2\/posts\/13416\/revisions\/13581"}],"wp:featuredmedia":[{"embeddable":true,"href":"https:\/\/old.rmff.wrhosting.net\/pt\/wp-json\/wp\/v2\/media\/13367"}],"wp:attachment":[{"href":"https:\/\/old.rmff.wrhosting.net\/pt\/wp-json\/wp\/v2\/media?parent=13416"}],"wp:term":[{"taxonomy":"category","embeddable":true,"href":"https:\/\/old.rmff.wrhosting.net\/pt\/wp-json\/wp\/v2\/categories?post=13416"},{"taxonomy":"post_tag","embeddable":true,"href":"https:\/\/old.rmff.wrhosting.net\/pt\/wp-json\/wp\/v2\/tags?post=13416"}],"curies":[{"name":"wp","href":"https:\/\/api.w.org\/{rel}","templated":true}]}}