{"id":13416,"date":"2024-01-23T07:30:00","date_gmt":"2024-01-23T12:30:00","guid":{"rendered":"https:\/\/www.rmff.org\/?p=13416"},"modified":"2024-02-19T11:25:57","modified_gmt":"2024-02-19T16:25:57","slug":"indiana-leaders-form-coalition-to-build-grow-youth-apprenticeship","status":"publish","type":"post","link":"https:\/\/old.rmff.wrhosting.net\/pl\/2024\/01\/indiana-leaders-form-coalition-to-build-grow-youth-apprenticeship\/","title":{"rendered":"Przyw\u00f3dcy stanu Indiana tworz\u0105 koalicj\u0119, aby budowa\u0107 i rozwija\u0107 praktyki zawodowe m\u0142odzie\u017cy"},"content":{"rendered":"<section class=\"container  block wordpress-block wordpress-heading core-heading\"><div class=\"row\"><div class=\"col-12\">\n<h2 class=\"wp-block-heading has-text-align-center\"><strong>Przyw\u00f3dcy stanu Indiana tworz\u0105 koalicj\u0119, aby budowa\u0107 i rozwija\u0107 praktyki zawodowe m\u0142odzie\u017cy<\/strong><\/h2>\n<\/div><\/div><\/section>\n\n<section class=\"aligncenter block wordpress-block wordpress-paragraph core-paragraph\">\n<p class=\"has-text-align-center\"><em>Liderzy biznesu, edukacji, rz\u0105du i filantropijni \u0142\u0105cz\u0105 si\u0142y<br>aby pom\u00f3c rozwi\u0105za\u0107 kryzys rozwoju si\u0142y roboczej<\/em><\/p>\n<\/section>\n\n<section class=\"block wordpress-block wordpress-paragraph core-paragraph\">\n<p>INDIANAPOLIS, 23 stycznia 2024 r. \u2013 Ponad 100 lider\u00f3w stanu Indiana, w tym dyrektorzy generalni korporacji, rektorzy uniwersytet\u00f3w, kuratorzy szk\u00f3\u0142 podstawowych i gimnazj\u00f3w K-12 i urz\u0119dnicy rz\u0105d\u00f3w stanowych, do\u0142\u0105czy\u0142o do koalicji maj\u0105cej na celu opracowanie og\u00f3lnostanowego nowoczesnego systemu praktyk zawodowych dla m\u0142odzie\u017cy w stanie Indiana jako jednego potencjalnego rozwi\u0105zania problemu narastaj\u0105cy kryzys kadrowy w pa\u0144stwie.&nbsp;<\/p>\n<\/section>\n\n<section class=\"block wordpress-block wordpress-paragraph core-paragraph\">\n<p>Grupa niedawno rozpocz\u0119\u0142a 10-miesi\u0119czne laboratorium wdro\u017ceniowe (okre\u015blane jako iLab), intensywn\u0105 wsp\u00f3\u0142prac\u0119, kt\u00f3rej efektem b\u0119dzie kompleksowy, obejmuj\u0105cy ca\u0142y stan plan zwi\u0119kszenia liczby dost\u0119pnych nowoczesnych praktyk zawodowych dla m\u0142odzie\u017cy. Model praktyk zawodowych dla m\u0142odzie\u017cy umo\u017cliwia uczniom 11. klasy szko\u0142y \u015bredniej wzi\u0119cie udzia\u0142u w trzyletnim, p\u0142atnym programie pracy i nauki. Praktyka ko\u0144czy si\u0119 dyplomem uko\u0144czenia szko\u0142y \u015bredniej, zaliczeniem college&#039;u i certyfikatem bran\u017cowym, a jednocze\u015bnie przygotowuje student\u00f3w do poszukiwanych karier. CEMETS iLab Indiana jest pomys\u0142em dr Ursuli Renold i dr Katie Caves z Instytutu <a href=\"https:\/\/cemets.ethz.ch\/\" target=\"_blank\" rel=\"noreferrer noopener\">Centrum Ekonomiki i Zarz\u0105dzania Systemami Edukacji i Szkole\u0144<\/a> (CEMETS) w ETH Zurich, uwa\u017cani za wybitnych ekspert\u00f3w w dziedzinie bada\u0144 i wdra\u017cania uczenia si\u0119 w miejscu pracy.&nbsp;<\/p>\n<\/section>\n\n<section class=\"block wordpress-block wordpress-paragraph core-paragraph\">\n<p>D\u0142ugotrwa\u0142e niedobory talent\u00f3w w stanie Indiana pog\u0142\u0119bi\u0142y si\u0119 podczas pandemii i nadal rosn\u0105 <a href=\"https:\/\/ascendindiana.com\/resources\/indianas-evolving-labor-market-full-report-2022\" target=\"_blank\" rel=\"noreferrer noopener\">przewidywane<\/a> wzrosn\u0105\u0107 ze wzgl\u0119du na starzenie si\u0119 spo\u0142ecze\u0144stwa i tylko a <a href=\"https:\/\/www.hoosierdata.in.gov\/indicator\/ind.aspx?indicator_id=10&amp;indicator_geo=18000&amp;indicator_style=full&amp;indicator_mode=html\" target=\"_blank\" rel=\"noreferrer noopener\">63% Wska\u017anik aktywno\u015bci zawodowej<\/a>. Co wi\u0119cej, do 2031 r. <a href=\"https:\/\/cew.georgetown.edu\/cew-reports\/projections2031\/\" target=\"_blank\" rel=\"noreferrer noopener\">72% zada\u0144<\/a> w USA b\u0119dzie wymaga\u0107 wykszta\u0142cenia i\/lub szkolenia na poziomie policealnym. Indiana nie jest na dobrej drodze do zaspokojenia tej potrzeby, jedynie w przypadku <a href=\"https:\/\/www.rmff.org\/community-data-snapshot\/education\/\" target=\"_blank\" rel=\"noreferrer noopener\">39% doros\u0142ych Hoosier<\/a> 25 lat i wi\u0119cej, posiadaj\u0105cy stopie\u0144 naukowy lub wy\u017cszy. Aby skomplikowa\u0107 spraw\u0119, liczba zapis\u00f3w na studia w Indianie spad\u0142a <a href=\"https:\/\/www.in.gov\/che\/college-readiness-reports\/\" target=\"_blank\" rel=\"noreferrer noopener\">65% w 2015 r. do 53% w 2021 r<\/a>. Og\u00f3lnie rzecz bior\u0105c, na ka\u017cd\u0105 klas\u0119 ko\u0144cz\u0105c\u0105 szko\u0142\u0119 \u015bredni\u0105 tylko oko\u0142o 30% uzyskuje wykszta\u0142cenie wy\u017csze, co oznacza, \u017ce 70% wchodzi na rynek pracy bez dyplomu lub \u015bwiadectw.&nbsp;<\/p>\n<\/section>\n\n<section class=\"block wordpress-block wordpress-paragraph core-paragraph\">\n<p>\u201eMusimy podj\u0105\u0107 odwa\u017cne dzia\u0142ania w celu zreformowania systemu edukacji i rozwoju si\u0142y roboczej w stanie Indiana, aby zapewni\u0107 lepsze wyniki jednostkom, pracodawcom i gospodarce stanu\u201d \u2013 powiedzia\u0142 David Becker, prezes i dyrektor generalny firmy <a href=\"https:\/\/www.firstib.com\/\" target=\"_blank\" rel=\"noreferrer noopener\">Pierwszy bank internetowy<\/a> i wsp\u00f3\u0142przewodnicz\u0105cy CEMETS iLab Indiana. \u201eTworz\u0105c t\u0119 bezprecedensow\u0105 koalicj\u0119 i zwi\u0119kszaj\u0105c mo\u017cliwo\u015bci praktyk zawodowych, mo\u017cemy zmieni\u0107 trajektori\u0119 problem\u00f3w zwi\u0105zanych z si\u0142\u0105 robocz\u0105 w stanie Indiana i wzmocni\u0107 gospodark\u0119 naszego stanu\u201d.&nbsp;&nbsp;<\/p>\n<\/section>\n\n<section class=\"block wordpress-block wordpress-paragraph core-paragraph\">\n<p>Cz\u0142onkowie iLabu \u2013 <a href=\"#members\">wymienione poni\u017cej<\/a> \u2013 obejmowa\u0107 lider\u00f3w biznesu, edukacji, rz\u0105du i filantropii, z kt\u00f3rych wielu zosta\u0142o zwolennikami nowoczesnego ruchu na rzecz praktyk zawodowych dla m\u0142odych ludzi podczas wyjazdu na wymian\u0119 lider\u00f3w Indy Chamber we wrze\u015bniu 2023 r., aby zobaczy\u0107 szwajcarski system w dzia\u0142aniu. Szwajcarzy ciesz\u0105 si\u0119 mi\u0119dzynarodowym uznaniem dzi\u0119ki swojemu systemowi \u2013 dwie trzecie uczni\u00f3w dziesi\u0105tych klas rozpoczyna trzy- lub czteroletnie p\u0142atne praktyki zawodowe w oko\u0142o 250 r\u00f3\u017cnych zawodach ze wszystkich sektor\u00f3w gospodarki.&nbsp;<\/p>\n<\/section>\n\n<section class=\"block wordpress-block wordpress-paragraph core-paragraph\">\n<p>Podczas podr\u00f3\u017cy Claire Fiddian-Green, prezes i dyrektor generalny <a href=\"https:\/\/www.rmff.org\/\" target=\"_blank\" rel=\"noreferrer noopener\">Fundacja Richarda M. Fairbanksa<\/a> i wsp\u00f3\u0142przewodnicz\u0105cy iLab og\u0142osi\u0142y przyznanie dotacji w wysoko\u015bci $180 000, kt\u00f3ra umo\u017cliwi CEMETS zorganizowanie iLab w stanie Indiana. \u201eCEMETS iLab Indiana b\u0119dzie wspiera\u0107 zainteresowane strony pracuj\u0105ce nad skalowaniem nowoczesnych program\u00f3w praktyk zawodowych dla m\u0142odzie\u017cy zar\u00f3wno w regionie Indianapolis, jak i w ca\u0142ym stanie\u201d \u2013 powiedzia\u0142 Fiddian-Green. \u201eUczyniaj\u0105c Indian\u0119 liderem w zakresie uczenia si\u0119 opartego na pracy, pragniemy sta\u0107 si\u0119 najlepszym miejscem docelowym dla pracodawc\u00f3w chc\u0105cych rozwija\u0107 istniej\u0105ce firmy i przedsi\u0119biorc\u00f3w pracuj\u0105cych nad uruchomieniem nowych firm\u201d.&nbsp;<\/p>\n<\/section>\n\n<section class=\"block wordpress-block wordpress-paragraph core-paragraph\">\n<p>Cz\u0142onkowie iLabu podzieleni s\u0105 na komitety, kt\u00f3re skupiaj\u0105 si\u0119 na roli odpowiednich grup interesariuszy \u2013 pracodawc\u00f3w, szk\u00f3\u0142 \u015brednich i uczelni. Celem projektu iLab jest w szczeg\u00f3lno\u015bci skalowanie praktyk zawodowych m\u0142odych ludzi w trzech grupach bran\u017c \u2013 bankowo\u015bci i ubezpieczeniach, naukach przyrodniczych i opiece zdrowotnej oraz zaawansowanej produkcji, z kt\u00f3rych wszystkie borykaj\u0105 si\u0119 z rosn\u0105cym niedoborem talent\u00f3w. Kluczowym osi\u0105gni\u0119ciem iLab jest tak\u017ce zalecenie struktury zarz\u0105dzaj\u0105cej i operacyjnej, kt\u00f3ra mo\u017ce nadzorowa\u0107 prace maj\u0105ce na celu skalowanie praktyk zawodowych m\u0142odych ludzi w ca\u0142ym stanie, a\u017c docelowo obejm\u0105 wszystkie sektory gospodarki stanu Indiana.&nbsp;&nbsp;<\/p>\n<\/section>\n\n<section class=\"block wordpress-block wordpress-paragraph core-paragraph\">\n<p>Dzi\u0119ki wieloletnim inwestycjom Fundacji Fairbanks w wprowadzenie nowoczesnego systemu praktyk zawodowych dla m\u0142odzie\u017cy w Indianie, zapewnia ona wiedz\u0119 merytoryczn\u0105 i wsp\u00f3\u0142pracuje z kierownictwem CEMETS w celu nadzorowania iLab od pocz\u0105tku do ko\u0144ca. <a href=\"https:\/\/ascendindiana.com\/\" target=\"_blank\" rel=\"noreferrer noopener\">Wejd\u017a na Indian\u0119<\/a>, Inicjatywa Rozwoju Talent\u00f3w i Pracownik\u00f3w <a href=\"https:\/\/www.cicpindiana.com\/\" target=\"_blank\" rel=\"noreferrer noopener\">Partnerstwo korporacyjne w \u015brodkowej Indianie<\/a>, zapewnia zarz\u0105dzanie projektami dla komitet\u00f3w iLab, oferuje liderom bran\u017cy mo\u017cliwo\u015b\u0107 zobaczenia praktyk zawodowych w praktyce oraz koordynuje zjazdy interesariuszy iLab. <a href=\"https:\/\/indychamber.com\/\" target=\"_blank\" rel=\"noreferrer noopener\">Komnata Indy<\/a> przeprowadza analiz\u0119 zawod\u00f3w zawodowych, aby dostarczy\u0107 informacji do pracy iLab i opracuje plan komunikowania pracodawcom i innym zainteresowanym stronom informacji na temat nowoczesnego przygotowania zawodowego m\u0142odzie\u017cy.&nbsp;<\/p>\n<\/section>\n\n<section class=\"block wordpress-block wordpress-paragraph core-paragraph\">\n<p>Aby sfinansowa\u0107 zarz\u0105dzanie iLabem, Fundacja Fairbanks przyzna\u0142a Indy Chamber dotacj\u0119 w wysoko\u015bci $100 000, a cz\u0119\u015b\u0107 istniej\u0105cej dotacji Fundacji Fairbanks w wysoko\u015bci $6 na rzecz Ascend Indiana jest wykorzystywana do finansowania ich pracy w iLabie. Ascend b\u0119dzie tak\u017ce wspiera\u0107 wyjazdy bran\u017cowe cz\u0142onk\u00f3w komitetu iLab.&nbsp;<\/p>\n<\/section>\n\n<section class=\"block wordpress-block wordpress-paragraph core-paragraph\">\n<p>\u201eiLab Indiana jest kluczem do uwolnienia mo\u017cliwo\u015bci naszego stanu w zakresie zaspokajania potrzeb w zakresie talent\u00f3w poprzez zapewnienie wi\u0119kszej liczbie m\u0142odych ludzi mo\u017cliwo\u015bci uczenia si\u0119 w miejscu pracy\u201d \u2013 powiedzia\u0142a Melina Kennedy, dyrektor generalna Central Indiana Corporate Partnership. \u201eCICP jest dobrze przygotowana do wspierania tej koalicji poprzez inicjatywy sektorowe. Co wi\u0119cej, Ascend oferuje wyj\u0105tkow\u0105 perspektyw\u0119 koordynowania tych wysi\u0142k\u00f3w, bior\u0105c pod uwag\u0119 ich wiedz\u0119 specjalistyczn\u0105 jako po\u015brednika w zakresie si\u0142y roboczej, kt\u00f3ry zwo\u0142uje tak\u017ce og\u00f3lnostanow\u0105 spo\u0142eczno\u015b\u0107 praktyk\u00f3w zajmuj\u0105cych si\u0119 praktyk\u0105 zawodow\u0105 dla m\u0142odych os\u00f3b\u201d.&nbsp;<\/p>\n<\/section>\n\n<section class=\"block wordpress-block wordpress-paragraph core-paragraph\">\n<p>\u201eNasz obecny system nie spe\u0142nia potrzeb student\u00f3w, pracodawc\u00f3w ani pa\u0144stwa. Nowoczesny model praktyk zawodowych dla m\u0142odych ludzi to wyj\u0105tkowa okazja do inwestowania w rodzime talenty Hoosiera i zaspokojenia potrzeb gospodarki jutra\u201d \u2013 powiedzia\u0142 Matt Mindrum, prezes i dyrektor generalny Indy Chamber. \u201eWsp\u00f3lnie mo\u017cemy pozycjonowa\u0107 Indian\u0119 jako lidera i innowatora w dziedzinie reformy edukacji i rozwoju si\u0142y roboczej\u201d.&nbsp;<\/p>\n<\/section>\n\n<section class=\"block wordpress-block wordpress-paragraph core-paragraph\">\n<p>Ostatecznym celem CEMETS iLab Indiana jest zapewnienie do 2034 roku ka\u017cdemu studentowi i doros\u0142emu s\u0142uchaczowi w stanie Indiana dost\u0119pu do wysokiej jako\u015bci mo\u017cliwo\u015bci kszta\u0142cenia i szkolenia. Osi\u0105gni\u0119cie tego celu umo\u017cliwi wszystkim Hoosierom odkrycie swoich pasji, osi\u0105gni\u0119cie pe\u0142nego potencja\u0142u i znacz\u0105cy wk\u0142ad w \u017cywotno\u015b\u0107 gospodarcz\u0105 i obywatelsk\u0105 swoich spo\u0142eczno\u015bci.&nbsp;<\/p>\n<\/section>\n\n<section class=\"container  block wordpress-block wordpress-heading core-heading\"><div class=\"row\"><div class=\"col-12\">\n<h2 class=\"wp-block-heading has-text-align-center\" id=\"members\">###<\/h2>\n<\/div><\/div><\/section>\n\n<section class=\"aligncenter block wordpress-block wordpress-paragraph core-paragraph\">\n<p class=\"has-text-align-center\"><em>Uwaga: ten sk\u0142ad jest aktualny na 16 lutego 2024 r.<\/em><\/p>\n<\/section>\n\n<section class=\"container  block wordpress-block wordpress-table core-table\"><div class=\"row\"><div class=\"col-12\">\n<figure class=\"wp-block-table\"><table><tbody><tr><td colspan=\"2\"><strong>KOMITET ZARZ\u0104DZAJ\u0104CY<\/strong><\/td><\/tr><tr><td><strong>David Becker, wsp\u00f3\u0142przewodnicz\u0105cy<\/strong>&nbsp;<\/td><td><strong>Prezes i dyrektor generalny First Internet Bank<\/strong>&nbsp;<\/td><\/tr><tr><td><strong>Claire Fiddian-Green, wsp\u00f3\u0142przewodnicz\u0105ca<\/strong>&nbsp;<\/td><td><strong>Prezes i dyrektor generalny Fundacji Richarda M. Fairbanksa<\/strong>&nbsp;<\/td><\/tr><tr><td>senatora Roda Braya&nbsp;<\/td><td>Prezydent pro tempore Senatu stanu Indiana, dystrykt 37&nbsp;<\/td><\/tr><tr><td>Jeffa Harrisona&nbsp;<\/td><td>Prezes i dyrektor generalny Citizens Energy Group&nbsp;<\/td><\/tr><tr><td>Przedstawiciel Todd Huston&nbsp;<\/td><td>Marsza\u0142ek Izby Reprezentant\u00f3w stanu Indiana, dystrykt 37&nbsp;<\/td><\/tr><tr><td>Doktor Katie Jenner&nbsp;<\/td><td>Sekretarz Edukacji stanu Indiana&nbsp;<\/td><\/tr><tr><td>Melin\u0119 Kennedy&nbsp;<\/td><td>Dyrektor generalny Partnerstwa spo\u0142eczno\u015bci \u015brodkowej Indiany&nbsp;<\/td><\/tr><tr><td>Chrisa Lowery&#039;ego&nbsp;<\/td><td>Komisarz ds. Szkolnictwa Wy\u017cszego stanu Indiana&nbsp;<\/td><\/tr><tr><td>Matta Mindrama&nbsp;<\/td><td>Prezes i dyrektor generalny Indy Chamber&nbsp;<\/td><\/tr><tr><td>Mario Rodrigueza&nbsp;<\/td><td>Dyrektor wykonawczy w\u0142adz lotniska w Indianapolis&nbsp;<\/td><\/tr><tr><td>Pameli Whitten&nbsp;<\/td><td>Prezydent Uniwersytetu Indiana&nbsp;<\/td><\/tr><tr><td colspan=\"2\"><strong>KOMITET PRZEMYS\u0141OWY<\/strong><\/td><\/tr><tr><td><strong>Mike Ash, wsp\u00f3\u0142przewodnicz\u0105cy<\/strong>&nbsp;<\/td><td><strong>R<\/strong><strong>regionalny prezes Pi\u0105tego Trzeciego Banku<\/strong>&nbsp;&nbsp;&nbsp;&nbsp;&nbsp;&nbsp; &nbsp;<\/td><\/tr><tr><td><strong>Dennis Murphy, wsp\u00f3\u0142przewodnicz\u0105cy<\/strong>&nbsp;<\/td><td><strong>Prezes i dyrektor generalny Indiana University Health<\/strong>&nbsp;<\/td><\/tr><tr><td colspan=\"2\"><strong>Bankowo\u015b\u0107<\/strong>&nbsp;<\/td><\/tr><tr><td>Scotta Bove\u2019a&nbsp;<\/td><td>Prezes Regionu Po\u0142udniowego, Star Financial Bank&nbsp;<\/td><\/tr><tr><td>Kir\u0119 Clark&nbsp;<\/td><td>Wiceprezes i dyrektor ds. zasob\u00f3w ludzkich w Lake City Bank&nbsp;<\/td><\/tr><tr><td>Angie Dane&nbsp;<\/td><td>Starszy wiceprezes, dyrektor ds. zasob\u00f3w ludzkich, Star Financial Bank&nbsp;<\/td><\/tr><tr><td>Jasona Eckerle\u2019a&nbsp;<\/td><td>Prezes regionalny na \u015brodkow\u0105 i po\u0142udniow\u0105 Indian\u0119, PNC Bank&nbsp;<\/td><\/tr><tr><td>Davida Findlaya&nbsp;<\/td><td>Prezes i dyrektor generalny Lake City Bank&nbsp;<\/td><\/tr><tr><td>Juana Gonzaleza&nbsp;<\/td><td>Prezydent stanu Indiana, KeyBank&nbsp;<\/td><\/tr><tr><td>Steve&#039;a Harrisa&nbsp;<\/td><td>Starszy wiceprezes i dyrektor ds. zasob\u00f3w ludzkich w First Merchants Bank&nbsp;<\/td><\/tr><tr><td>Annie Hills&nbsp;<\/td><td>Szef sztabu Starego Banku Narodowego&nbsp;<\/td><\/tr><tr><td>Carrie Houston&nbsp;<\/td><td>Pierwszy wiceprezes i dyrektor ds. zasob\u00f3w ludzkich w Narodowym Banku Indianapolis&nbsp;<\/td><\/tr><tr><td>Jona Loftina&nbsp;<\/td><td>Prezes i dyrektor operacyjny MJ Insurance&nbsp;<\/td><\/tr><tr><td>\u0141ucja Mar&nbsp;<\/td><td>Starszy wiceprezes i dyrektor ds. rynku w Bank of America&nbsp;<\/td><\/tr><tr><td>Ann\u0119 Merkel&nbsp;<\/td><td>Wiceprezes i dyrektor ds. rozwoju rynku, Narodowy Bank Indianapolis&nbsp;<\/td><\/tr><tr><td>Lorraine Ortiz&nbsp;<\/td><td>Pierwszy wiceprezes, dyrektor ds. kadr, First Internet Bank&nbsp;<\/td><\/tr><tr><td>James Ryan III&nbsp;<\/td><td>Dyrektor generalny Starego Banku Narodowego&nbsp;<\/td><\/tr><tr><td>Jake\u2019a Sappenfielda&nbsp;<\/td><td>Prezes ds. Rynku Komercyjnego, First Financial Bank&nbsp;<\/td><\/tr><tr><td>Roberta Senza&nbsp;<\/td><td>Starszy wiceprezes ds. zarz\u0105dzania talentami w PNC Bank&nbsp;<\/td><\/tr><tr><td>Michaela Stewarta&nbsp;<\/td><td>Prezes First Merchants Corporation i First Merchants Bank&nbsp;<\/td><\/tr><tr><td>Amber Van Til&nbsp;<\/td><td>Prezes i dyrektor generalny Stowarzyszenia Bankowc\u00f3w stanu Indiana&nbsp;<\/td><\/tr><tr><td colspan=\"2\"><strong>Ubezpieczenie<\/strong>&nbsp;<\/td><\/tr><tr><td>Scotta Davisona&nbsp;<\/td><td>Prezes, prezes i dyrektor generalny OneAmerica&nbsp;<\/td><\/tr><tr><td>Amand\u0119 Pennington&nbsp;<\/td><td>Wiceprezes ds. wspierania sprzeda\u017cy w Grupie UnitedHealth&nbsp;<\/td><\/tr><tr><td>Karina Sarratt&nbsp;<\/td><td>Wiceprezes wykonawczy OneAmerica&nbsp;<\/td><\/tr><tr><td>Kim Thomas&nbsp;<\/td><td>Wiceprezes ds. r\u00f3wno\u015bci, w\u0142\u0105czenia spo\u0142ecznego i spraw r\u00f3\u017cnorodno\u015bci w OneAmerica&nbsp;<\/td><\/tr><tr><td>Kevina Wheelera&nbsp;<\/td><td>Przedstawiciel konsorcjum szkoleniowego bran\u017cy ubezpieczeniowej stanu Indiana&nbsp;<\/td><\/tr><tr><td colspan=\"2\"><strong>Opieka zdrowotna<\/strong><\/td><\/tr><tr><td>Karol Cope&nbsp;<\/td><td>Wiceprezes ds. zarz\u0105dzania talentami w Community Health Network&nbsp;<\/td><\/tr><tr><td>Nancy Foster&nbsp;<\/td><td>Dyrektor ds. zasob\u00f3w ludzkich ds. rynku, Ascension St. Vincent&nbsp;<\/td><\/tr><tr><td>Krega Grubera&nbsp;<\/td><td>Dyrektor generalny Beacon Health System&nbsp;<\/td><\/tr><tr><td>Lisa Harris, lekarz medycyny&nbsp;<\/td><td>Dyrektor generalny Eskenazi Health&nbsp;<\/td><\/tr><tr><td>Christia Hicks&nbsp;<\/td><td>Dyrektor ds. zasob\u00f3w ludzkich, Eskenazi Health&nbsp;<\/td><\/tr><tr><td>Erin LaCross, DNP, RN, NEA-BC, CENP&nbsp;<\/td><td>Starszy wiceprezes ds. rozwoju zawodowego piel\u0119gniarek w Parkview Health&nbsp;<\/td><\/tr><tr><td>Melind\u0119 Lebofsky&nbsp;<\/td><td>Starszy wiceprezes, dyrektor ds. zasob\u00f3w ludzkich, system opieki zdrowotnej Deaconess&nbsp;<\/td><\/tr><tr><td>Michelle Mahaffey&nbsp;<\/td><td>Dyrektor ds. zasob\u00f3w ludzkich, Community Health Network&nbsp;<\/td><\/tr><tr><td>Michael Schroyer, RN, MSN, FACHE&nbsp;<\/td><td>Prezydent Baptist Health Floyd&nbsp;<\/td><\/tr><tr><td>Doktor Adrienne D. Sims&nbsp;<\/td><td>Starszy wiceprezes, dyrektor ds. zasob\u00f3w ludzkich, Indiana University Health&nbsp;<\/td><\/tr><tr><td>Mary Jo Smith&nbsp;<\/td><td>Starszy wiceprezes ds. zasob\u00f3w ludzkich, Stowarzyszenie Franciszka\u0144skie&nbsp;<\/td><\/tr><tr><td>Ram Yeleti, lekarz medycyny&nbsp;<\/td><td>Wiceprezes wykonawczy, dyrektor naczelny lekarza, Community Health Network&nbsp;<\/td><\/tr><tr><td colspan=\"2\"><strong>Nauki o \u017cyciu<\/strong><\/td><\/tr><tr><td>Bridget Boyle&nbsp;<\/td><td>Szef dzia\u0142u Ludzie i Kultura, Roche Diagnostics&nbsp;<\/td><\/tr><tr><td>Kelly Copes-Anderson&nbsp;<\/td><td>Wiceprezes i globalny dyrektor ds. r\u00f3\u017cnorodno\u015bci i r\u00f3wno\u015bci w firmie Eli Lilly and Company&nbsp;<\/td><\/tr><tr><td>Travisa Christmana&nbsp;<\/td><td>Wiceprezes ds. jako\u015bci i przepis\u00f3w, Medartis&nbsp;<\/td><\/tr><tr><td>Allyna Deckera&nbsp;<\/td><td>Wiceprezes ds. operacyjnych i zaanga\u017cowania, OrthoWorx w stanie Indiana&nbsp;<\/td><\/tr><tr><td>Trevora Foughty\u2019ego&nbsp;<\/td><td>Wiceprezes ds. publicznych Heartland BioWorks&nbsp;<\/td><\/tr><tr><td>Erin Hughes&nbsp;<\/td><td>Starszy mened\u017cer ds. zasob\u00f3w ludzkich, Medartis&nbsp;<\/td><\/tr><tr><td>Mateusz Linville&nbsp;<\/td><td>Starszy dyrektor ds. zasob\u00f3w ludzkich, Zimmer Biomet&nbsp;<\/td><\/tr><tr><td>Erin Serafino&nbsp;<\/td><td>Dyrektor ds. talent\u00f3w, OrthoWorx w stanie Indiana&nbsp;<\/td><\/tr><tr><td>Maurycego Taylora&nbsp;<\/td><td>Dyrektor wykonawczy ds. pozyskiwania talent\u00f3w, marketingu rekrutacyjnego i program\u00f3w kapita\u0142owych dla pracownik\u00f3w w firmie Eli Lilly and Company&nbsp;<\/td><\/tr><tr><td>Boba Vitoux&nbsp;<\/td><td>Prezes i dyrektor generalny OrthoWorx Indiana&nbsp;<\/td><\/tr><tr><td>Vince&#039;a Wonga&nbsp;<\/td><td>Prezes i dyrektor generalny BioCrossroads&nbsp;<\/td><\/tr><tr><td colspan=\"2\"><strong>Zaawansowana produkcja<\/strong>&nbsp;<\/td><\/tr><tr><td>Przedstawiciel&nbsp;<\/td><td>Subaru Indiana&nbsp;<\/td><\/tr><tr><td>Katrin Gerig&nbsp;<\/td><td>Wiceprezes ds. zasob\u00f3w ludzkich, Telamon&nbsp;<\/td><\/tr><tr><td>Danette Howard&nbsp;&nbsp;<\/td><td>Dyrektor ds. edukacji globalnej ds. odpowiedzialno\u015bci korporacyjnej, Cummins, Inc.&nbsp;&nbsp;&nbsp;&nbsp;<\/td><\/tr><tr><td>Marka Murphy\u2019ego&nbsp;<\/td><td>Prezes, PRD, Inc.&nbsp;<\/td><\/tr><tr><td>Maribeth Nelson&nbsp;<\/td><td>Mened\u017cer ds. zasob\u00f3w ludzkich, Precision Medical Technologies&nbsp;<\/td><\/tr><tr><td>Nicole Otte&nbsp;<\/td><td>Dyrektor ds. rozwoju si\u0142y roboczej, Endress+Hauser USA&nbsp;<\/td><\/tr><tr><td>Josha Wilbera&nbsp;<\/td><td>Dyrektor ds. zasob\u00f3w ludzkich, Grote Industries&nbsp;<\/td><\/tr><tr><td colspan=\"2\"><strong>Partnerzy pa\u0144stwowi i po\u015brednicy<\/strong>&nbsp;<\/td><\/tr><tr><td>Tony\u2019ego Denharta&nbsp;<\/td><td>Wiceprezes wykonawczy ds. si\u0142y roboczej i talent\u00f3w w firmie Indiana Economic Development Corporation&nbsp;<\/td><\/tr><tr><td>Carrie Lively&nbsp;<\/td><td>Dyrektor wykonawczy Instytutu Pursuit&nbsp;<\/td><\/tr><tr><td>Michi McClaine\u2019a&nbsp;<\/td><td>Wiceprezes ds. Rozwoju Talent\u00f3w, Regionalne Inicjatywy Szans&nbsp;<\/td><\/tr><tr><td>Matta Mindrama&nbsp;<\/td><td>Prezes i dyrektor generalny Indy Chamber&nbsp;<\/td><\/tr><tr><td>Ryszard Pawe\u0142&nbsp;<\/td><td>Komisarz, Departament Rozwoju Pracownik\u00f3w stanu Indiana&nbsp;<\/td><\/tr><tr><td>Davida Rosenberga&nbsp;<\/td><td>Sekretarz handlu, Korporacja Rozwoju Gospodarczego stanu Indiana&nbsp;<\/td><\/tr><tr><td>Vanessa Green Sinders&nbsp;<\/td><td>Prezes i dyrektor generalny Izby Handlowej stanu Indiana&nbsp;<\/td><\/tr><tr><td>Jay\u2019a Stylesa&nbsp;<\/td><td>Starszy wiceprezes ds. partnerstw i po\u0142\u0105cze\u0144 talent\u00f3w w firmie EmployIndy&nbsp;<\/td><\/tr><tr><td colspan=\"2\"><strong>KOMITET SZKO\u0141Y WY\u017bSZEJ<\/strong><\/td><\/tr><tr><td><strong>Dan Funston, wsp\u00f3\u0142przewodnicz\u0105cy<\/strong>&nbsp;<\/td><td><strong>S<\/strong><strong>dyrektor szk\u00f3\u0142 spo\u0142ecznych Concord<\/strong>&nbsp;<\/td><\/tr><tr><td><strong>Kent Kramer, wsp\u00f3\u0142przewodnicz\u0105cy<\/strong>&nbsp;<\/td><td><strong>Prezes i dyrektor generalny Goodwill \u015brodkowej i po\u0142udniowej Indiany<\/strong>&nbsp;<\/td><\/tr><tr><td colspan=\"2\"><strong>Okr\u0119gi lub sieci szk\u00f3\u0142 czarterowych<\/strong><\/td><\/tr><tr><td>Andy&#039;ego Allena&nbsp;<\/td><td>Dyrektor szko\u0142y \u015bredniej, Batesville Community School Corporation&nbsp;<\/td><\/tr><tr><td>Adam Barton&nbsp;<\/td><td>Dyrektor szko\u0142y \u015bredniej, Eastern Hancock Community School Corporation&nbsp;<\/td><\/tr><tr><td>Tara Biskup&nbsp;<\/td><td>Kurator, szko\u0142y spo\u0142eczno\u015bciowe Perry Central&nbsp;<\/td><\/tr><tr><td>Doktor Jeff Butts&nbsp;<\/td><td>Nadinspektor MSD Wayne Township&nbsp;<\/td><\/tr><tr><td>Rebecca Daugherty-Saunders&nbsp;<\/td><td>Dyrektor okr\u0119gowy ds. gotowo\u015bci do college&#039;u i kariery zawodowej, MSD Wayne Township&nbsp;<\/td><\/tr><tr><td>Betsy Delgado&nbsp;<\/td><td>Starszy wiceprezes i dyrektor ds. misji i edukacji ds. warto\u015bci firmy w \u015brodkowej i po\u0142udniowej Indianie&nbsp;<\/td><\/tr><tr><td>Jody Francuska&nbsp;<\/td><td>Junior\/Sr. Dyrektor szko\u0142y \u015bredniej, szko\u0142y spo\u0142eczno\u015bciowe Perry Central&nbsp;<\/td><\/tr><tr><td>Doktor David Hoffert&nbsp;<\/td><td>Kurator Warszawskich Szk\u00f3\u0142 Spo\u0142ecznych&nbsp;<\/td><\/tr><tr><td>Andrzej Huff&nbsp;<\/td><td>Kurator szk\u00f3\u0142 spo\u0142ecznych Barr-Reeve&nbsp;<\/td><\/tr><tr><td>Doktor Aleesia Johnson&nbsp;<\/td><td>Kurator szk\u00f3\u0142 publicznych w Indianapolis&nbsp;<\/td><\/tr><tr><td>Doktor Lisa Kendall&nbsp;<\/td><td>Zast\u0119pca kuratora ds. programowania edukacyjnego, szko\u0142y spo\u0142eczne Concord&nbsp;<\/td><\/tr><tr><td>Paw\u0142a Ketchama&nbsp;<\/td><td>Kurator, Korporacja Szkolna Spo\u0142eczna Batesville&nbsp;<\/td><\/tr><tr><td>Meliss\u0119 Kissling&nbsp;<\/td><td>Mened\u017cer ds. kontakt\u00f3w akademickich i zawodowych, Warszawskie Szko\u0142y Spo\u0142eczne&nbsp;<\/td><\/tr><tr><td>Roberta McDermotta&nbsp;<\/td><td>Zast\u0119pca kuratora, Duneland School Corporation&nbsp;<\/td><\/tr><tr><td>Chipa Petita&nbsp;<\/td><td>Kurator, Korporacja Szkolna Duneland&nbsp;<\/td><\/tr><tr><td>Doktor George Philhower&nbsp;<\/td><td>Kurator, Korporacja Szkolna Wschodniej Hancock Community School Corporation&nbsp;<\/td><\/tr><tr><td>Tima Pletchera&nbsp;<\/td><td>Dyrektor szko\u0142y \u015bredniej, szko\u0142y spo\u0142eczne Baugo&nbsp;<\/td><\/tr><tr><td>Byrona Sandersa&nbsp;<\/td><td>Kurator szk\u00f3\u0142 spo\u0142ecznych Baugo&nbsp;<\/td><\/tr><tr><td>Doktor Keanna Warren&nbsp;<\/td><td>Dyrektor generalny Purdue Polytechnic High Schools&nbsp;<\/td><\/tr><tr><td>BJ Wattsa&nbsp;<\/td><td>Dyrektor wykonawczy OptIN, Evansville-Vanderburgh School Corporation&nbsp;<\/td><\/tr><tr><td colspan=\"2\"><strong>Partnerzy pa\u0144stwowi i po\u015brednicy<\/strong><\/td><\/tr><tr><td>Beth Bray&nbsp;<\/td><td>Urz\u0119dnik programowy, program edukacyjny, Fundacja Rodziny Walton&nbsp;<\/td><\/tr><tr><td>Jasona Callahana&nbsp;<\/td><td>Zast\u0119pca sekretarza ds. \u015acie\u017cek i mo\u017cliwo\u015bci dla student\u00f3w, Departament Edukacji stanu Indiana&nbsp;<\/td><\/tr><tr><td>Eriki Seydel Cheney&nbsp;<\/td><td>Wiceprezes, K-12 Kszta\u0142cenie po\u0142\u0105czone z karier\u0105, EmployIndy&nbsp;<\/td><\/tr><tr><td>Todda Hursta&nbsp;<\/td><td>Dyrektor wykonawczy, Instytut Doskona\u0142o\u015bci Pracownik\u00f3w, Izba Handlowa stanu Indiana&nbsp;<\/td><\/tr><tr><td>Sara Koontz&nbsp;<\/td><td>Dyrektor ds. praktyk zawodowych dla m\u0142odzie\u017cy CareerWise w hrabstwie CareerWise Elkhart&nbsp;<\/td><\/tr><tr><td>Doktor Katie Lash&nbsp;<\/td><td>Wiceprezes ds. szk\u00f3\u0142 podstawowych i gimnazj\u00f3w nr 14 i inicjatyw strategicznych, Ivy Tech Community College&nbsp;<\/td><\/tr><tr><td colspan=\"2\"><strong>KOMITET SZKOLNICTWA WY\u017bSZEGO<\/strong><\/td><\/tr><tr><td><strong>S<\/strong><strong>ue Ellspermann, wsp\u00f3\u0142przewodnicz\u0105ca<\/strong>&nbsp;<\/td><td><strong>P<\/strong><strong>mieszkaniec Ivy Tech Community College<\/strong>&nbsp;<\/td><\/tr><tr><td><strong>Rozpozna\u0107<\/strong><strong>i Britt, wsp\u00f3\u0142przewodnicz\u0105ca<\/strong>&nbsp;<\/td><td><strong>Dyrektor operacyjny i rektor Uniwersytetu Mariana<\/strong>&nbsp;<\/td><\/tr><tr><td colspan=\"2\"><strong>Instytucje szkolnictwa wy\u017cszego<\/strong>&nbsp;<\/td><\/tr><tr><td>Meliss\u0119 Beckwith&nbsp;<\/td><td>Dyrektor ds. strategii na Uniwersytecie Butler&nbsp;<\/td><\/tr><tr><td>Daniela Castro-Lacouture\u2019a&nbsp;<\/td><td>Dziekan Instytutu Politechnicznego Purdue&nbsp;<\/td><\/tr><tr><td>Molly Dodge&nbsp;<\/td><td>Starszy wiceprezes ds. si\u0142y roboczej i kariery w Ivy Tech Community College&nbsp;<\/td><\/tr><tr><td>Seana Huddlestona&nbsp;<\/td><td>Prezydent Uniwersytetu Martina&nbsp;<\/td><\/tr><tr><td>Dotti King&nbsp;<\/td><td>Prezes i dyrektor generalny Independent Colleges of Indiana&nbsp;<\/td><\/tr><tr><td>Andrzej Kocher&nbsp;<\/td><td>Wiceprezes ds. partnerstw korporacyjnych i spo\u0142ecznych na Uniwersytecie Indianapolis&nbsp;<\/td><\/tr><tr><td>Doktor Leah Nellis&nbsp;<\/td><td>Prorektor ds. Innowacji i Projekt\u00f3w Specjalnych; Kierownik strategiczny ds. inicjatyw akademickich, Biuro ds. Partnerstw Szk\u00f3\u0142 IU; Profesor edukacji na Uniwersytecie Indiana&nbsp;<\/td><\/tr><tr><td>Doktor Lori Pence&nbsp;<\/td><td>Zast\u0119pca rektora ds. program\u00f3w i partnerstw K-12 na Uniwersytecie Vincennes&nbsp;<\/td><\/tr><tr><td colspan=\"2\"><strong>Partnerzy pa\u0144stwowi i po\u015brednicy<\/strong>&nbsp;<\/td><\/tr><tr><td>Doktor Michelle Ashcraft&nbsp;<\/td><td>Starszy zast\u0119pca komisarza i dyrektor programowy Komisji ds. Szkolnictwa Wy\u017cszego stanu Indiana&nbsp;<\/td><\/tr><tr><td>Jasona Bearce\u2019a&nbsp;<\/td><td>Wiceprezes ds. edukacji i rozwoju si\u0142y roboczej w Izbie Handlowej stanu Indiana&nbsp;<\/td><\/tr><tr><td>Betsy Revell&nbsp;<\/td><td>Starszy wiceprezes ds. kariery<em>&#8211;<\/em>Po\u0142\u0105czone uczenie si\u0119, EmployIndy&nbsp;<\/td><\/tr><tr><td>Briana Wiebe\u2019a&nbsp;<\/td><td>Prezes i dyrektor generalny Horizon Education Alliance&nbsp;<\/td><\/tr><tr><td colspan=\"2\"><strong>KOMITET POLITYCZNY<\/strong><\/td><\/tr><tr><td><strong>Przedstawiciel Bob Behning,<\/strong><strong> wsp\u00f3\u0142przewodnicz\u0105cy<\/strong>&nbsp;<\/td><td><strong>Przewodnicz\u0105cy Komisji Edukacji, Okr\u0119g 91 Izby Reprezentant\u00f3w stanu Indiana<\/strong>&nbsp;<\/td><\/tr><tr><td><strong>senatora Jeffa Raatza,<\/strong><strong> wsp\u00f3\u0142przewodnicz\u0105cy<\/strong>&nbsp;<\/td><td><strong>Przewodnicz\u0105cy Komisji ds. Edukacji i Rozwoju Kariery, 27. dystrykt Senatu stanu Indiana<\/strong>&nbsp;<\/td><\/tr><tr><td colspan=\"2\"><strong>Wybrani przedstawiciele<\/strong>&nbsp;<\/td><\/tr><tr><td>senator Andrei Hunley&nbsp;<\/td><td>Senator, Okr\u0119g Senatu stanu Indiana 46&nbsp;<\/td><\/tr><tr><td>Przedstawicielka Julie McGuire&nbsp;<\/td><td>Przedstawiciel, Indiana House District 93&nbsp;<\/td><\/tr><tr><td>Przedstawiciel Vernon Smith&nbsp;<\/td><td>Przedstawiciel, Indiana House District 14&nbsp;<\/td><\/tr><tr><td colspan=\"2\"><strong>Partnerzy pa\u0144stwowi, korporacyjni i po\u015brednicy<\/strong>&nbsp;<\/td><\/tr><tr><td>Jasona Bearce\u2019a&nbsp;<\/td><td>Wiceprezes ds. edukacji i rozwoju si\u0142y roboczej w Izbie Handlowej stanu Indiana&nbsp;<\/td><\/tr><tr><td>Susan Brock-Williams&nbsp;<\/td><td>Zast\u0119pca wiceprezesa ds. rz\u0105du stanowego w firmie Eli Lilly and Company&nbsp;<\/td><\/tr><tr><td>Davida Buyze\u2019a&nbsp;<\/td><td>Dyrektor ds. polityki i program\u00f3w specjalnych, Departament Edukacji stanu Indiana&nbsp;<\/td><\/tr><tr><td>Miranda Cripe&nbsp;<\/td><td>Mened\u017cer ds. partnerstwa CareerWise w hrabstwie Elkhart, Horizon Education Alliance&nbsp;<\/td><\/tr><tr><td>Whitney Ertel&nbsp;<\/td><td>Dyrektor wykonawczy, Gabinet ds. Pracy Gubernatora&nbsp;<\/td><\/tr><tr><td>Josha Garrisona&nbsp;<\/td><td>Starszy zast\u0119pca komisarza i szef sztabu Komisji ds. Szkolnictwa Wy\u017cszego stanu Indiana&nbsp;<\/td><\/tr><tr><td>Taylora Hughesa&nbsp;<\/td><td>Wiceprezes ds. polityki i strategii w Indy Chamber&nbsp;<\/td><\/tr><tr><td>Danny\u2019ego Kelley\u2019a&nbsp;<\/td><td>Dyrektor ds. polityki, Republikanie w Izbie Reprezentant\u00f3w stanu Indiana&nbsp;<\/td><\/tr><tr><td>Marii Mackintosh&nbsp;<\/td><td>Prezes i dyrektor generalny EmployIndy&nbsp;<\/td><\/tr><tr><td>Tin\u0119 Peterson&nbsp;<\/td><td>Prezes i dyrektor generalny Regionalnych Inicjatyw Szans&nbsp;<\/td><\/tr><tr><td>Betsy Wiley&nbsp;<\/td><td>Prezes i dyrektor generalny Instytutu Jako\u015bci Edukacji&nbsp;<\/td><\/tr><\/tbody><\/table><\/figure>\n<\/div><\/div><\/section>","protected":false},"excerpt":{"rendered":"<p>Ponad 100 przyw\u00f3dc\u00f3w stanu Indiana, w tym dyrektorzy generalni korporacji, rektorzy uniwersytet\u00f3w, kuratorzy szk\u00f3\u0142 podstawowych i gimnazj\u00f3w K-12 i urz\u0119dnicy w\u0142adz stanowych, do\u0142\u0105czy\u0142o do koalicji na rzecz opracowania nowoczesnego systemu praktyk zawodowych dla m\u0142odzie\u017cy w ca\u0142ym stanie.<\/p>","protected":false},"author":7,"featured_media":13367,"comment_status":"closed","ping_status":"open","sticky":false,"template":"","format":"standard","meta":{"_acf_changed":false,"footnotes":""},"categories":[37,25],"tags":[],"class_list":["post-13416","post","type-post","status-publish","format-standard","has-post-thumbnail","hentry","category-education","category-vitality-of-indianapolis"],"acf":[],"yoast_head":"<!-- This site is optimized with the Yoast SEO plugin v26.0 - https:\/\/yoast.com\/wordpress\/plugins\/seo\/ -->\n<title>Indiana leaders form coalition to build, grow youth apprenticeship - Richard M. Fairbanks Foundation<\/title>\n<meta name=\"description\" content=\"Indiana leaders form coalition to build, grow youth apprenticeship. Business, education, government and philanthropic leaders join forces to help solve workforce development crisis.\" \/>\n<meta name=\"robots\" content=\"index, follow, max-snippet:-1, max-image-preview:large, max-video-preview:-1\" \/>\n<link rel=\"canonical\" href=\"https:\/\/old.rmff.wrhosting.net\/pl\/2024\/01\/indiana-leaders-form-coalition-to-build-grow-youth-apprenticeship\/\" \/>\n<meta property=\"og:locale\" content=\"pl_PL\" \/>\n<meta property=\"og:type\" content=\"article\" \/>\n<meta property=\"og:title\" content=\"Indiana leaders form coalition to build, grow youth apprenticeship - Richard M. Fairbanks Foundation\" \/>\n<meta property=\"og:description\" content=\"Indiana leaders form coalition to build, grow youth apprenticeship. Business, education, government and philanthropic leaders join forces to help solve workforce development crisis.\" \/>\n<meta property=\"og:url\" content=\"https:\/\/old.rmff.wrhosting.net\/pl\/2024\/01\/indiana-leaders-form-coalition-to-build-grow-youth-apprenticeship\/\" \/>\n<meta property=\"og:site_name\" content=\"Richard M. Fairbanks Foundation\" \/>\n<meta property=\"article:published_time\" content=\"2024-01-23T12:30:00+00:00\" \/>\n<meta property=\"article:modified_time\" content=\"2024-02-19T16:25:57+00:00\" \/>\n<meta property=\"og:image\" content=\"https:\/\/old.rmff.wrhosting.net\/wp-content\/uploads\/2024\/01\/RMFF-143_NewsImages_696x366_Vitality.jpg\" \/>\n\t<meta property=\"og:image:width\" content=\"1450\" \/>\n\t<meta property=\"og:image:height\" content=\"762\" \/>\n\t<meta property=\"og:image:type\" content=\"image\/jpeg\" \/>\n<meta name=\"author\" content=\"RMFF Staff\" \/>\n<meta name=\"twitter:card\" content=\"summary_large_image\" \/>\n<meta name=\"twitter:label1\" content=\"Napisane przez\" \/>\n\t<meta name=\"twitter:data1\" content=\"RMFF Staff\" \/>\n\t<meta name=\"twitter:label2\" content=\"Szacowany czas czytania\" \/>\n\t<meta name=\"twitter:data2\" content=\"10 minut\" \/>\n<script type=\"application\/ld+json\" class=\"yoast-schema-graph\">{\"@context\":\"https:\/\/schema.org\",\"@graph\":[{\"@type\":\"WebPage\",\"@id\":\"https:\/\/old.rmff.wrhosting.net\/2024\/01\/indiana-leaders-form-coalition-to-build-grow-youth-apprenticeship\/\",\"url\":\"https:\/\/old.rmff.wrhosting.net\/2024\/01\/indiana-leaders-form-coalition-to-build-grow-youth-apprenticeship\/\",\"name\":\"Indiana leaders form coalition to build, grow youth apprenticeship - Richard M. Fairbanks Foundation\",\"isPartOf\":{\"@id\":\"https:\/\/old.rmff.wrhosting.net\/#website\"},\"primaryImageOfPage\":{\"@id\":\"https:\/\/old.rmff.wrhosting.net\/2024\/01\/indiana-leaders-form-coalition-to-build-grow-youth-apprenticeship\/#primaryimage\"},\"image\":{\"@id\":\"https:\/\/old.rmff.wrhosting.net\/2024\/01\/indiana-leaders-form-coalition-to-build-grow-youth-apprenticeship\/#primaryimage\"},\"thumbnailUrl\":\"https:\/\/old.rmff.wrhosting.net\/wp-content\/uploads\/2024\/01\/RMFF-143_NewsImages_696x366_Vitality.jpg\",\"datePublished\":\"2024-01-23T12:30:00+00:00\",\"dateModified\":\"2024-02-19T16:25:57+00:00\",\"author\":{\"@id\":\"https:\/\/old.rmff.wrhosting.net\/#\/schema\/person\/b9b457f46976a7df932bc8f5cd932a2b\"},\"description\":\"Indiana leaders form coalition to build, grow youth apprenticeship. Business, education, government and philanthropic leaders join forces to help solve workforce development crisis.\",\"breadcrumb\":{\"@id\":\"https:\/\/old.rmff.wrhosting.net\/2024\/01\/indiana-leaders-form-coalition-to-build-grow-youth-apprenticeship\/#breadcrumb\"},\"inLanguage\":\"pl-PL\",\"potentialAction\":[{\"@type\":\"ReadAction\",\"target\":[\"https:\/\/old.rmff.wrhosting.net\/2024\/01\/indiana-leaders-form-coalition-to-build-grow-youth-apprenticeship\/\"]}]},{\"@type\":\"ImageObject\",\"inLanguage\":\"pl-PL\",\"@id\":\"https:\/\/old.rmff.wrhosting.net\/2024\/01\/indiana-leaders-form-coalition-to-build-grow-youth-apprenticeship\/#primaryimage\",\"url\":\"https:\/\/old.rmff.wrhosting.net\/wp-content\/uploads\/2024\/01\/RMFF-143_NewsImages_696x366_Vitality.jpg\",\"contentUrl\":\"https:\/\/old.rmff.wrhosting.net\/wp-content\/uploads\/2024\/01\/RMFF-143_NewsImages_696x366_Vitality.jpg\",\"width\":1450,\"height\":762},{\"@type\":\"BreadcrumbList\",\"@id\":\"https:\/\/old.rmff.wrhosting.net\/2024\/01\/indiana-leaders-form-coalition-to-build-grow-youth-apprenticeship\/#breadcrumb\",\"itemListElement\":[{\"@type\":\"ListItem\",\"position\":1,\"name\":\"Home\",\"item\":\"https:\/\/old.rmff.wrhosting.net\/\"},{\"@type\":\"ListItem\",\"position\":2,\"name\":\"Indiana leaders form coalition to build, grow youth apprenticeship\"}]},{\"@type\":\"WebSite\",\"@id\":\"https:\/\/old.rmff.wrhosting.net\/#website\",\"url\":\"https:\/\/old.rmff.wrhosting.net\/\",\"name\":\"Richard M. Fairbanks Foundation\",\"description\":\"Advancing the vitality of Indianapolis and the well-being of its people.\",\"potentialAction\":[{\"@type\":\"SearchAction\",\"target\":{\"@type\":\"EntryPoint\",\"urlTemplate\":\"https:\/\/old.rmff.wrhosting.net\/?s={search_term_string}\"},\"query-input\":{\"@type\":\"PropertyValueSpecification\",\"valueRequired\":true,\"valueName\":\"search_term_string\"}}],\"inLanguage\":\"pl-PL\"},{\"@type\":\"Person\",\"@id\":\"https:\/\/old.rmff.wrhosting.net\/#\/schema\/person\/b9b457f46976a7df932bc8f5cd932a2b\",\"name\":\"RMFF Staff\",\"image\":{\"@type\":\"ImageObject\",\"inLanguage\":\"pl-PL\",\"@id\":\"https:\/\/old.rmff.wrhosting.net\/#\/schema\/person\/image\/\",\"url\":\"https:\/\/secure.gravatar.com\/avatar\/12c7a6f2976d144ddd06770e26358ad375903bd67a5780c9e3f58914c92511a7?s=96&d=mm&r=g\",\"contentUrl\":\"https:\/\/secure.gravatar.com\/avatar\/12c7a6f2976d144ddd06770e26358ad375903bd67a5780c9e3f58914c92511a7?s=96&d=mm&r=g\",\"caption\":\"RMFF Staff\"},\"url\":\"https:\/\/old.rmff.wrhosting.net\/pl\/author\/admin\/\"}]}<\/script>\n<!-- \/ Yoast SEO plugin. -->","yoast_head_json":{"title":"Indiana leaders form coalition to build, grow youth apprenticeship - Richard M. Fairbanks Foundation","description":"Indiana leaders form coalition to build, grow youth apprenticeship. Business, education, government and philanthropic leaders join forces to help solve workforce development crisis.","robots":{"index":"index","follow":"follow","max-snippet":"max-snippet:-1","max-image-preview":"max-image-preview:large","max-video-preview":"max-video-preview:-1"},"canonical":"https:\/\/old.rmff.wrhosting.net\/pl\/2024\/01\/indiana-leaders-form-coalition-to-build-grow-youth-apprenticeship\/","og_locale":"pl_PL","og_type":"article","og_title":"Indiana leaders form coalition to build, grow youth apprenticeship - Richard M. Fairbanks Foundation","og_description":"Indiana leaders form coalition to build, grow youth apprenticeship. Business, education, government and philanthropic leaders join forces to help solve workforce development crisis.","og_url":"https:\/\/old.rmff.wrhosting.net\/pl\/2024\/01\/indiana-leaders-form-coalition-to-build-grow-youth-apprenticeship\/","og_site_name":"Richard M. Fairbanks Foundation","article_published_time":"2024-01-23T12:30:00+00:00","article_modified_time":"2024-02-19T16:25:57+00:00","og_image":[{"width":1450,"height":762,"url":"https:\/\/old.rmff.wrhosting.net\/wp-content\/uploads\/2024\/01\/RMFF-143_NewsImages_696x366_Vitality.jpg","type":"image\/jpeg"}],"author":"RMFF Staff","twitter_card":"summary_large_image","twitter_misc":{"Napisane przez":"RMFF Staff","Szacowany czas czytania":"10 minut"},"schema":{"@context":"https:\/\/schema.org","@graph":[{"@type":"WebPage","@id":"https:\/\/old.rmff.wrhosting.net\/2024\/01\/indiana-leaders-form-coalition-to-build-grow-youth-apprenticeship\/","url":"https:\/\/old.rmff.wrhosting.net\/2024\/01\/indiana-leaders-form-coalition-to-build-grow-youth-apprenticeship\/","name":"Indiana leaders form coalition to build, grow youth apprenticeship - Richard M. Fairbanks Foundation","isPartOf":{"@id":"https:\/\/old.rmff.wrhosting.net\/#website"},"primaryImageOfPage":{"@id":"https:\/\/old.rmff.wrhosting.net\/2024\/01\/indiana-leaders-form-coalition-to-build-grow-youth-apprenticeship\/#primaryimage"},"image":{"@id":"https:\/\/old.rmff.wrhosting.net\/2024\/01\/indiana-leaders-form-coalition-to-build-grow-youth-apprenticeship\/#primaryimage"},"thumbnailUrl":"https:\/\/old.rmff.wrhosting.net\/wp-content\/uploads\/2024\/01\/RMFF-143_NewsImages_696x366_Vitality.jpg","datePublished":"2024-01-23T12:30:00+00:00","dateModified":"2024-02-19T16:25:57+00:00","author":{"@id":"https:\/\/old.rmff.wrhosting.net\/#\/schema\/person\/b9b457f46976a7df932bc8f5cd932a2b"},"description":"Indiana leaders form coalition to build, grow youth apprenticeship. Business, education, government and philanthropic leaders join forces to help solve workforce development crisis.","breadcrumb":{"@id":"https:\/\/old.rmff.wrhosting.net\/2024\/01\/indiana-leaders-form-coalition-to-build-grow-youth-apprenticeship\/#breadcrumb"},"inLanguage":"pl-PL","potentialAction":[{"@type":"ReadAction","target":["https:\/\/old.rmff.wrhosting.net\/2024\/01\/indiana-leaders-form-coalition-to-build-grow-youth-apprenticeship\/"]}]},{"@type":"ImageObject","inLanguage":"pl-PL","@id":"https:\/\/old.rmff.wrhosting.net\/2024\/01\/indiana-leaders-form-coalition-to-build-grow-youth-apprenticeship\/#primaryimage","url":"https:\/\/old.rmff.wrhosting.net\/wp-content\/uploads\/2024\/01\/RMFF-143_NewsImages_696x366_Vitality.jpg","contentUrl":"https:\/\/old.rmff.wrhosting.net\/wp-content\/uploads\/2024\/01\/RMFF-143_NewsImages_696x366_Vitality.jpg","width":1450,"height":762},{"@type":"BreadcrumbList","@id":"https:\/\/old.rmff.wrhosting.net\/2024\/01\/indiana-leaders-form-coalition-to-build-grow-youth-apprenticeship\/#breadcrumb","itemListElement":[{"@type":"ListItem","position":1,"name":"Home","item":"https:\/\/old.rmff.wrhosting.net\/"},{"@type":"ListItem","position":2,"name":"Indiana leaders form coalition to build, grow youth apprenticeship"}]},{"@type":"WebSite","@id":"https:\/\/old.rmff.wrhosting.net\/#website","url":"https:\/\/old.rmff.wrhosting.net\/","name":"Fundacja Richarda M. Fairbanksa","description":"Zwi\u0119kszanie witalno\u015bci Indianapolis i dobrobytu jego mieszka\u0144c\u00f3w.","potentialAction":[{"@type":"SearchAction","target":{"@type":"EntryPoint","urlTemplate":"https:\/\/old.rmff.wrhosting.net\/?s={search_term_string}"},"query-input":{"@type":"PropertyValueSpecification","valueRequired":true,"valueName":"search_term_string"}}],"inLanguage":"pl-PL"},{"@type":"Person","@id":"https:\/\/old.rmff.wrhosting.net\/#\/schema\/person\/b9b457f46976a7df932bc8f5cd932a2b","name":"RMFF Staff","image":{"@type":"ImageObject","inLanguage":"pl-PL","@id":"https:\/\/old.rmff.wrhosting.net\/#\/schema\/person\/image\/","url":"https:\/\/secure.gravatar.com\/avatar\/12c7a6f2976d144ddd06770e26358ad375903bd67a5780c9e3f58914c92511a7?s=96&d=mm&r=g","contentUrl":"https:\/\/secure.gravatar.com\/avatar\/12c7a6f2976d144ddd06770e26358ad375903bd67a5780c9e3f58914c92511a7?s=96&d=mm&r=g","caption":"RMFF Staff"},"url":"https:\/\/old.rmff.wrhosting.net\/pl\/author\/admin\/"}]}},"_links":{"self":[{"href":"https:\/\/old.rmff.wrhosting.net\/pl\/wp-json\/wp\/v2\/posts\/13416","targetHints":{"allow":["GET"]}}],"collection":[{"href":"https:\/\/old.rmff.wrhosting.net\/pl\/wp-json\/wp\/v2\/posts"}],"about":[{"href":"https:\/\/old.rmff.wrhosting.net\/pl\/wp-json\/wp\/v2\/types\/post"}],"author":[{"embeddable":true,"href":"https:\/\/old.rmff.wrhosting.net\/pl\/wp-json\/wp\/v2\/users\/7"}],"replies":[{"embeddable":true,"href":"https:\/\/old.rmff.wrhosting.net\/pl\/wp-json\/wp\/v2\/comments?post=13416"}],"version-history":[{"count":19,"href":"https:\/\/old.rmff.wrhosting.net\/pl\/wp-json\/wp\/v2\/posts\/13416\/revisions"}],"predecessor-version":[{"id":13581,"href":"https:\/\/old.rmff.wrhosting.net\/pl\/wp-json\/wp\/v2\/posts\/13416\/revisions\/13581"}],"wp:featuredmedia":[{"embeddable":true,"href":"https:\/\/old.rmff.wrhosting.net\/pl\/wp-json\/wp\/v2\/media\/13367"}],"wp:attachment":[{"href":"https:\/\/old.rmff.wrhosting.net\/pl\/wp-json\/wp\/v2\/media?parent=13416"}],"wp:term":[{"taxonomy":"category","embeddable":true,"href":"https:\/\/old.rmff.wrhosting.net\/pl\/wp-json\/wp\/v2\/categories?post=13416"},{"taxonomy":"post_tag","embeddable":true,"href":"https:\/\/old.rmff.wrhosting.net\/pl\/wp-json\/wp\/v2\/tags?post=13416"}],"curies":[{"name":"wp","href":"https:\/\/api.w.org\/{rel}","templated":true}]}}