{"id":13051,"date":"2023-11-16T09:18:46","date_gmt":"2023-11-16T14:18:46","guid":{"rendered":"https:\/\/www.rmff.org\/?p=13051"},"modified":"2023-11-16T09:18:47","modified_gmt":"2023-11-16T14:18:47","slug":"paul-halverson-dean-of-fairbanks-school-of-public-health-departing-in-2024","status":"publish","type":"post","link":"https:\/\/old.rmff.wrhosting.net\/pl\/2023\/11\/paul-halverson-dean-of-fairbanks-school-of-public-health-departing-in-2024\/","title":{"rendered":"Paul Halverson, dziekan Fairbanks School of Public Health, wyjazd w 2024 r"},"content":{"rendered":"<section class=\"block wordpress-block wordpress-paragraph core-paragraph\">\n<p>Paul Halverson, kt\u00f3ry posiada doktorat w dziedzinie zdrowia publicznego i jest dziekanem za\u0142o\u017cycielem <a href=\"https:\/\/fsph.iupui.edu\/index.html\" target=\"_blank\" rel=\"noreferrer noopener\">Szko\u0142a Zdrowia Publicznego im. Richarda M. Fairbanksa na Uniwersytecie Indiana<\/a>rozpocznie prac\u0119 na nowym stanowisku w Oregonie 1 lutego 2024 r.&nbsp;<\/p>\n<\/section>\n\n<section class=\"block wordpress-block wordpress-paragraph core-paragraph\">\n<p>Szko\u0142a Zdrowia Publicznego Fairbanks zosta\u0142a uruchomiona we wrze\u015bniu 2012 r., cz\u0119\u015bciowo dzi\u0119ki dotacji w wysoko\u015bci $20 mln od <a href=\"https:\/\/www.rmff.org\/grantmaking\/grants-awarded\/\" target=\"_blank\" rel=\"noreferrer noopener\">Fundacja Richarda M. Fairbanksa<\/a>. Halverson do\u0142\u0105czy\u0142 w 2013 roku jako dziekan za\u0142o\u017cyciel. To stanowisko przyci\u0105gn\u0119\u0142o go ze wzgl\u0119du na mo\u017cliwo\u015b\u0107 po\u0142\u0105czenia pracy akademickiej z praktyk\u0105 w szkole, kt\u00f3ra naprawd\u0119 chcia\u0142a mie\u0107 wp\u0142yw na zdrowie publiczne.&nbsp;<\/p>\n<\/section>\n\n<section class=\"alignleft block wordpress-block wordpress-paragraph core-paragraph\">\n<p class=\"has-text-align-left\">Podczas swojej dziesi\u0119cioletniej kadencji na tym stanowisku Halverson ukszta\u0142towa\u0142 kierunek szko\u0142y, przewodz\u0105c wysi\u0142kom maj\u0105cym na celu rekrutacj\u0119 wyk\u0142adowc\u00f3w, ustanawianie nowych program\u00f3w studi\u00f3w i usprawnianie bada\u0144 w zakresie zdrowia spo\u0142eczno\u015bci. \u201eWspaniale by\u0142o m\u00f3c zgromadzi\u0107 najwy\u017cszej klasy lider\u00f3w zespo\u0142\u00f3w, wyk\u0142adowc\u00f3w i pracownik\u00f3w, kt\u00f3rzy s\u0105 naprawd\u0119 oddani naszej pracy\u201d \u2013 powiedzia\u0142 Halverson.&nbsp;<\/p>\n<\/section>\n\n<section class=\"block wordpress-block wordpress-paragraph core-paragraph\">\n<p>Opr\u00f3cz tej pracy Halverson wymieni\u0142 budowanie partnerstw jako jeden z najbardziej podstawowych aspekt\u00f3w swojej pracy jako dziekana za\u0142o\u017cyciela, m\u00f3wi\u0105c \u201ejedn\u0105 z rzeczy, z kt\u00f3rych jestem najbardziej dumny, jest to, \u017ce Szko\u0142a Zdrowia Publicznego Fairbanks cieszy si\u0119 uznaniem w\u015br\u00f3d naszych koleg\u00f3w ze s\u0142u\u017cby zdrowia jako partnera.\u201d Od wsp\u00f3\u0142pracy z dr Virgini\u0105 Caine, dyrektor Departamentu Zdrowia Publicznego hrabstwa Marion, po wsp\u00f3\u0142prac\u0119 z wieloma stanowymi komisarzami ds. zdrowia i og\u00f3lnostanowymi stowarzyszeniami lokalnych rad ds. zdrowia i szpitali, Halverson odegra\u0142 kluczow\u0105 rol\u0119 w rozwini\u0119ciu tych trwa\u0142ych partnerstw w imieniu Szko\u0142y.&nbsp;<\/p>\n<\/section>\n\n<section class=\"block wordpress-block wordpress-paragraph core-paragraph\">\n<p>Szko\u0142a Zdrowia Publicznego Fairbanks opracowa\u0142a d\u0142ugoterminowy plan dzia\u0142ania na przysz\u0142o\u015b\u0107, po\u015bwi\u0119caj\u0105c si\u0119 opracowywaniu zalece\u0144 dotycz\u0105cych polityki zdrowia publicznego, a tak\u017ce konkretnym badaniom i projektom w takich obszarach, jak tyto\u0144 i COVID-19.&nbsp;<\/p>\n<\/section>\n\n<section class=\"block wordpress-block wordpress-paragraph core-paragraph\">\n<p>Odchodz\u0105c ze swojego stanowiska, Halverson jest pewien, \u017ce Szko\u0142a Zdrowia Publicznego Fairbanks b\u0119dzie kontynuowa\u0107 prace nad wzmocnieniem systemu zdrowia publicznego w stanie Indiana, z korzy\u015bci\u0105 dla wszystkich Hoosiers. \u201eNiezale\u017cnie od tego, gdzie mieszkasz, ka\u017cda osoba w stanie Indiana zas\u0142uguje na to, aby korzysta\u0107 z w pe\u0142ni funkcjonuj\u0105cego publicznego systemu opieki zdrowotnej, kt\u00f3ry pomaga tworzy\u0107 warunki, w kt\u00f3rych ludzie mog\u0105 prowadzi\u0107 pe\u0142ne i zdrowe \u017cycie\u201d.&nbsp;<\/p>\n<\/section>\n\n<section class=\"block wordpress-block wordpress-paragraph core-paragraph\">\n<p>Dzi\u0119kujemy Paulowi Halversonowi za kierowanie szko\u0142\u0105 przez ostatni\u0105 dekad\u0119 i \u017cyczymy mu wszystkiego najlepszego na nowym stanowisku dziekana i profesora w Szkole Zdrowia Publicznego na Oregon Health &amp; Science University i Portland State University.&nbsp;<\/p>\n<\/section>","protected":false},"excerpt":{"rendered":"<p>Paul Halverson, kt\u00f3ry posiada doktorat w dziedzinie zdrowia publicznego i jest dziekanem za\u0142o\u017cycielem Szko\u0142y Zdrowia Publicznego im. Richarda M. Fairbanksa na Uniwersytecie Indiana, rozpocznie nowe stanowisko w Oregonie 1 lutego 2024 r.<\/p>","protected":false},"author":7,"featured_media":13053,"comment_status":"closed","ping_status":"open","sticky":false,"template":"","format":"standard","meta":{"_acf_changed":false,"footnotes":""},"categories":[13],"tags":[153],"class_list":["post-13051","post","type-post","status-publish","format-standard","has-post-thumbnail","hentry","category-health","tag-indianapolis"],"acf":[],"yoast_head":"<!-- This site is optimized with the Yoast SEO plugin v26.0 - https:\/\/yoast.com\/wordpress\/plugins\/seo\/ -->\n<title>Paul Halverson, Dean of Fairbanks School of Public Health, Departing in 2024\u202f - Richard M. Fairbanks Foundation<\/title>\n<meta name=\"description\" content=\"Paul Halverson, founding dean of the Indiana University Richard M. Fairbanks School of Public Health, will begin a new position in Oregon on Feb. 1, 2024.\u00a0\" \/>\n<meta name=\"robots\" content=\"index, follow, max-snippet:-1, max-image-preview:large, max-video-preview:-1\" \/>\n<link rel=\"canonical\" href=\"https:\/\/old.rmff.wrhosting.net\/pl\/2023\/11\/paul-halverson-dean-of-fairbanks-school-of-public-health-departing-in-2024\/\" \/>\n<meta property=\"og:locale\" content=\"pl_PL\" \/>\n<meta property=\"og:type\" content=\"article\" \/>\n<meta property=\"og:title\" content=\"Paul Halverson, Dean of Fairbanks School of Public Health, Departing in 2024\u202f - Richard M. Fairbanks Foundation\" \/>\n<meta property=\"og:description\" content=\"Paul Halverson, founding dean of the Indiana University Richard M. Fairbanks School of Public Health, will begin a new position in Oregon on Feb. 1, 2024.\u00a0\" \/>\n<meta property=\"og:url\" content=\"https:\/\/old.rmff.wrhosting.net\/pl\/2023\/11\/paul-halverson-dean-of-fairbanks-school-of-public-health-departing-in-2024\/\" \/>\n<meta property=\"og:site_name\" content=\"Richard M. Fairbanks Foundation\" \/>\n<meta property=\"article:published_time\" content=\"2023-11-16T14:18:46+00:00\" \/>\n<meta property=\"article:modified_time\" content=\"2023-11-16T14:18:47+00:00\" \/>\n<meta property=\"og:image\" content=\"https:\/\/old.rmff.wrhosting.net\/wp-content\/uploads\/2023\/11\/20231004_Paul_Halverson_LK_017R-scaled.jpg\" \/>\n\t<meta property=\"og:image:width\" content=\"2560\" \/>\n\t<meta property=\"og:image:height\" content=\"1708\" \/>\n\t<meta property=\"og:image:type\" content=\"image\/jpeg\" \/>\n<meta name=\"author\" content=\"RMFF Staff\" \/>\n<meta name=\"twitter:card\" content=\"summary_large_image\" \/>\n<meta name=\"twitter:label1\" content=\"Napisane przez\" \/>\n\t<meta name=\"twitter:data1\" content=\"RMFF Staff\" \/>\n\t<meta name=\"twitter:label2\" content=\"Szacowany czas czytania\" \/>\n\t<meta name=\"twitter:data2\" content=\"2 minuty\" \/>\n<script type=\"application\/ld+json\" class=\"yoast-schema-graph\">{\"@context\":\"https:\/\/schema.org\",\"@graph\":[{\"@type\":\"WebPage\",\"@id\":\"https:\/\/old.rmff.wrhosting.net\/my\/2023\/11\/paul-halverson-dean-of-fairbanks-school-of-public-health-departing-in-2024\/\",\"url\":\"https:\/\/old.rmff.wrhosting.net\/my\/2023\/11\/paul-halverson-dean-of-fairbanks-school-of-public-health-departing-in-2024\/\",\"name\":\"Paul Halverson, Dean of Fairbanks School of Public Health, Departing in 2024\u202f - Richard M. Fairbanks Foundation\",\"isPartOf\":{\"@id\":\"https:\/\/old.rmff.wrhosting.net\/#website\"},\"primaryImageOfPage\":{\"@id\":\"https:\/\/old.rmff.wrhosting.net\/my\/2023\/11\/paul-halverson-dean-of-fairbanks-school-of-public-health-departing-in-2024\/#primaryimage\"},\"image\":{\"@id\":\"https:\/\/old.rmff.wrhosting.net\/my\/2023\/11\/paul-halverson-dean-of-fairbanks-school-of-public-health-departing-in-2024\/#primaryimage\"},\"thumbnailUrl\":\"https:\/\/old.rmff.wrhosting.net\/wp-content\/uploads\/2023\/11\/20231004_Paul_Halverson_LK_017R-scaled.jpg\",\"datePublished\":\"2023-11-16T14:18:46+00:00\",\"dateModified\":\"2023-11-16T14:18:47+00:00\",\"author\":{\"@id\":\"https:\/\/old.rmff.wrhosting.net\/#\/schema\/person\/b9b457f46976a7df932bc8f5cd932a2b\"},\"description\":\"Paul Halverson, founding dean of the Indiana University Richard M. Fairbanks School of Public Health, will begin a new position in Oregon on Feb. 1, 2024.\u00a0\",\"breadcrumb\":{\"@id\":\"https:\/\/old.rmff.wrhosting.net\/my\/2023\/11\/paul-halverson-dean-of-fairbanks-school-of-public-health-departing-in-2024\/#breadcrumb\"},\"inLanguage\":\"pl-PL\",\"potentialAction\":[{\"@type\":\"ReadAction\",\"target\":[\"https:\/\/old.rmff.wrhosting.net\/my\/2023\/11\/paul-halverson-dean-of-fairbanks-school-of-public-health-departing-in-2024\/\"]}]},{\"@type\":\"ImageObject\",\"inLanguage\":\"pl-PL\",\"@id\":\"https:\/\/old.rmff.wrhosting.net\/my\/2023\/11\/paul-halverson-dean-of-fairbanks-school-of-public-health-departing-in-2024\/#primaryimage\",\"url\":\"https:\/\/old.rmff.wrhosting.net\/wp-content\/uploads\/2023\/11\/20231004_Paul_Halverson_LK_017R-scaled.jpg\",\"contentUrl\":\"https:\/\/old.rmff.wrhosting.net\/wp-content\/uploads\/2023\/11\/20231004_Paul_Halverson_LK_017R-scaled.jpg\",\"width\":2560,\"height\":1708,\"caption\":\"Indiana University Richard M. Fairbanks School of Public Health founding Dean Paul Halverson poses for a portrait at University Hall on Wednesday, Sept. 25, 2023. (Photo by Liz Kaye\/Indiana University)\"},{\"@type\":\"BreadcrumbList\",\"@id\":\"https:\/\/old.rmff.wrhosting.net\/my\/2023\/11\/paul-halverson-dean-of-fairbanks-school-of-public-health-departing-in-2024\/#breadcrumb\",\"itemListElement\":[{\"@type\":\"ListItem\",\"position\":1,\"name\":\"Home\",\"item\":\"https:\/\/old.rmff.wrhosting.net\/\"},{\"@type\":\"ListItem\",\"position\":2,\"name\":\"Paul Halverson, Dean of Fairbanks School of Public Health, Departing in 2024\u202f\"}]},{\"@type\":\"WebSite\",\"@id\":\"https:\/\/old.rmff.wrhosting.net\/#website\",\"url\":\"https:\/\/old.rmff.wrhosting.net\/\",\"name\":\"Richard M. Fairbanks Foundation\",\"description\":\"Advancing the vitality of Indianapolis and the well-being of its people.\",\"potentialAction\":[{\"@type\":\"SearchAction\",\"target\":{\"@type\":\"EntryPoint\",\"urlTemplate\":\"https:\/\/old.rmff.wrhosting.net\/?s={search_term_string}\"},\"query-input\":{\"@type\":\"PropertyValueSpecification\",\"valueRequired\":true,\"valueName\":\"search_term_string\"}}],\"inLanguage\":\"pl-PL\"},{\"@type\":\"Person\",\"@id\":\"https:\/\/old.rmff.wrhosting.net\/#\/schema\/person\/b9b457f46976a7df932bc8f5cd932a2b\",\"name\":\"RMFF Staff\",\"image\":{\"@type\":\"ImageObject\",\"inLanguage\":\"pl-PL\",\"@id\":\"https:\/\/old.rmff.wrhosting.net\/#\/schema\/person\/image\/\",\"url\":\"https:\/\/secure.gravatar.com\/avatar\/12c7a6f2976d144ddd06770e26358ad375903bd67a5780c9e3f58914c92511a7?s=96&d=mm&r=g\",\"contentUrl\":\"https:\/\/secure.gravatar.com\/avatar\/12c7a6f2976d144ddd06770e26358ad375903bd67a5780c9e3f58914c92511a7?s=96&d=mm&r=g\",\"caption\":\"RMFF Staff\"},\"url\":\"https:\/\/old.rmff.wrhosting.net\/pl\/author\/admin\/\"}]}<\/script>\n<!-- \/ Yoast SEO plugin. -->","yoast_head_json":{"title":"Paul Halverson, Dean of Fairbanks School of Public Health, Departing in 2024\u202f - Richard M. Fairbanks Foundation","description":"Paul Halverson, founding dean of the Indiana University Richard M. Fairbanks School of Public Health, will begin a new position in Oregon on Feb. 1, 2024.\u00a0","robots":{"index":"index","follow":"follow","max-snippet":"max-snippet:-1","max-image-preview":"max-image-preview:large","max-video-preview":"max-video-preview:-1"},"canonical":"https:\/\/old.rmff.wrhosting.net\/pl\/2023\/11\/paul-halverson-dean-of-fairbanks-school-of-public-health-departing-in-2024\/","og_locale":"pl_PL","og_type":"article","og_title":"Paul Halverson, Dean of Fairbanks School of Public Health, Departing in 2024\u202f - Richard M. Fairbanks Foundation","og_description":"Paul Halverson, founding dean of the Indiana University Richard M. Fairbanks School of Public Health, will begin a new position in Oregon on Feb. 1, 2024.\u00a0","og_url":"https:\/\/old.rmff.wrhosting.net\/pl\/2023\/11\/paul-halverson-dean-of-fairbanks-school-of-public-health-departing-in-2024\/","og_site_name":"Richard M. Fairbanks Foundation","article_published_time":"2023-11-16T14:18:46+00:00","article_modified_time":"2023-11-16T14:18:47+00:00","og_image":[{"width":2560,"height":1708,"url":"https:\/\/old.rmff.wrhosting.net\/wp-content\/uploads\/2023\/11\/20231004_Paul_Halverson_LK_017R-scaled.jpg","type":"image\/jpeg"}],"author":"RMFF Staff","twitter_card":"summary_large_image","twitter_misc":{"Napisane przez":"RMFF Staff","Szacowany czas czytania":"2 minuty"},"schema":{"@context":"https:\/\/schema.org","@graph":[{"@type":"WebPage","@id":"https:\/\/old.rmff.wrhosting.net\/my\/2023\/11\/paul-halverson-dean-of-fairbanks-school-of-public-health-departing-in-2024\/","url":"https:\/\/old.rmff.wrhosting.net\/my\/2023\/11\/paul-halverson-dean-of-fairbanks-school-of-public-health-departing-in-2024\/","name":"Paul Halverson, Dean of Fairbanks School of Public Health, Departing in 2024\u202f - Richard M. Fairbanks Foundation","isPartOf":{"@id":"https:\/\/old.rmff.wrhosting.net\/#website"},"primaryImageOfPage":{"@id":"https:\/\/old.rmff.wrhosting.net\/my\/2023\/11\/paul-halverson-dean-of-fairbanks-school-of-public-health-departing-in-2024\/#primaryimage"},"image":{"@id":"https:\/\/old.rmff.wrhosting.net\/my\/2023\/11\/paul-halverson-dean-of-fairbanks-school-of-public-health-departing-in-2024\/#primaryimage"},"thumbnailUrl":"https:\/\/old.rmff.wrhosting.net\/wp-content\/uploads\/2023\/11\/20231004_Paul_Halverson_LK_017R-scaled.jpg","datePublished":"2023-11-16T14:18:46+00:00","dateModified":"2023-11-16T14:18:47+00:00","author":{"@id":"https:\/\/old.rmff.wrhosting.net\/#\/schema\/person\/b9b457f46976a7df932bc8f5cd932a2b"},"description":"Paul Halverson, founding dean of the Indiana University Richard M. Fairbanks School of Public Health, will begin a new position in Oregon on Feb. 1, 2024.\u00a0","breadcrumb":{"@id":"https:\/\/old.rmff.wrhosting.net\/my\/2023\/11\/paul-halverson-dean-of-fairbanks-school-of-public-health-departing-in-2024\/#breadcrumb"},"inLanguage":"pl-PL","potentialAction":[{"@type":"ReadAction","target":["https:\/\/old.rmff.wrhosting.net\/my\/2023\/11\/paul-halverson-dean-of-fairbanks-school-of-public-health-departing-in-2024\/"]}]},{"@type":"ImageObject","inLanguage":"pl-PL","@id":"https:\/\/old.rmff.wrhosting.net\/my\/2023\/11\/paul-halverson-dean-of-fairbanks-school-of-public-health-departing-in-2024\/#primaryimage","url":"https:\/\/old.rmff.wrhosting.net\/wp-content\/uploads\/2023\/11\/20231004_Paul_Halverson_LK_017R-scaled.jpg","contentUrl":"https:\/\/old.rmff.wrhosting.net\/wp-content\/uploads\/2023\/11\/20231004_Paul_Halverson_LK_017R-scaled.jpg","width":2560,"height":1708,"caption":"Indiana University Richard M. Fairbanks School of Public Health founding Dean Paul Halverson poses for a portrait at University Hall on Wednesday, Sept. 25, 2023. (Photo by Liz Kaye\/Indiana University)"},{"@type":"BreadcrumbList","@id":"https:\/\/old.rmff.wrhosting.net\/my\/2023\/11\/paul-halverson-dean-of-fairbanks-school-of-public-health-departing-in-2024\/#breadcrumb","itemListElement":[{"@type":"ListItem","position":1,"name":"Home","item":"https:\/\/old.rmff.wrhosting.net\/"},{"@type":"ListItem","position":2,"name":"Paul Halverson, Dean of Fairbanks School of Public Health, Departing in 2024\u202f"}]},{"@type":"WebSite","@id":"https:\/\/old.rmff.wrhosting.net\/#website","url":"https:\/\/old.rmff.wrhosting.net\/","name":"Fundacja Richarda M. Fairbanksa","description":"Zwi\u0119kszanie witalno\u015bci Indianapolis i dobrobytu jego mieszka\u0144c\u00f3w.","potentialAction":[{"@type":"SearchAction","target":{"@type":"EntryPoint","urlTemplate":"https:\/\/old.rmff.wrhosting.net\/?s={search_term_string}"},"query-input":{"@type":"PropertyValueSpecification","valueRequired":true,"valueName":"search_term_string"}}],"inLanguage":"pl-PL"},{"@type":"Person","@id":"https:\/\/old.rmff.wrhosting.net\/#\/schema\/person\/b9b457f46976a7df932bc8f5cd932a2b","name":"RMFF Staff","image":{"@type":"ImageObject","inLanguage":"pl-PL","@id":"https:\/\/old.rmff.wrhosting.net\/#\/schema\/person\/image\/","url":"https:\/\/secure.gravatar.com\/avatar\/12c7a6f2976d144ddd06770e26358ad375903bd67a5780c9e3f58914c92511a7?s=96&d=mm&r=g","contentUrl":"https:\/\/secure.gravatar.com\/avatar\/12c7a6f2976d144ddd06770e26358ad375903bd67a5780c9e3f58914c92511a7?s=96&d=mm&r=g","caption":"RMFF Staff"},"url":"https:\/\/old.rmff.wrhosting.net\/pl\/author\/admin\/"}]}},"_links":{"self":[{"href":"https:\/\/old.rmff.wrhosting.net\/pl\/wp-json\/wp\/v2\/posts\/13051","targetHints":{"allow":["GET"]}}],"collection":[{"href":"https:\/\/old.rmff.wrhosting.net\/pl\/wp-json\/wp\/v2\/posts"}],"about":[{"href":"https:\/\/old.rmff.wrhosting.net\/pl\/wp-json\/wp\/v2\/types\/post"}],"author":[{"embeddable":true,"href":"https:\/\/old.rmff.wrhosting.net\/pl\/wp-json\/wp\/v2\/users\/7"}],"replies":[{"embeddable":true,"href":"https:\/\/old.rmff.wrhosting.net\/pl\/wp-json\/wp\/v2\/comments?post=13051"}],"version-history":[{"count":7,"href":"https:\/\/old.rmff.wrhosting.net\/pl\/wp-json\/wp\/v2\/posts\/13051\/revisions"}],"predecessor-version":[{"id":13071,"href":"https:\/\/old.rmff.wrhosting.net\/pl\/wp-json\/wp\/v2\/posts\/13051\/revisions\/13071"}],"wp:featuredmedia":[{"embeddable":true,"href":"https:\/\/old.rmff.wrhosting.net\/pl\/wp-json\/wp\/v2\/media\/13053"}],"wp:attachment":[{"href":"https:\/\/old.rmff.wrhosting.net\/pl\/wp-json\/wp\/v2\/media?parent=13051"}],"wp:term":[{"taxonomy":"category","embeddable":true,"href":"https:\/\/old.rmff.wrhosting.net\/pl\/wp-json\/wp\/v2\/categories?post=13051"},{"taxonomy":"post_tag","embeddable":true,"href":"https:\/\/old.rmff.wrhosting.net\/pl\/wp-json\/wp\/v2\/tags?post=13051"}],"curies":[{"name":"wp","href":"https:\/\/api.w.org\/{rel}","templated":true}]}}