{"id":13416,"date":"2024-01-23T07:30:00","date_gmt":"2024-01-23T12:30:00","guid":{"rendered":"https:\/\/www.rmff.org\/?p=13416"},"modified":"2024-02-19T11:25:57","modified_gmt":"2024-02-19T16:25:57","slug":"indiana-leaders-form-coalition-to-build-grow-youth-apprenticeship","status":"publish","type":"post","link":"https:\/\/old.rmff.wrhosting.net\/es\/2024\/01\/indiana-leaders-form-coalition-to-build-grow-youth-apprenticeship\/","title":{"rendered":"L\u00edderes de Indiana forman una coalici\u00f3n para construir y hacer crecer el aprendizaje juvenil"},"content":{"rendered":"<section class=\"container  block wordpress-block wordpress-heading core-heading\"><div class=\"row\"><div class=\"col-12\">\n<h2 class=\"wp-block-heading has-text-align-center\"><strong>L\u00edderes de Indiana forman una coalici\u00f3n para construir y hacer crecer el aprendizaje juvenil<\/strong><\/h2>\n<\/div><\/div><\/section>\n\n<section class=\"aligncenter block wordpress-block wordpress-paragraph core-paragraph\">\n<p class=\"has-text-align-center\"><em>L\u00edderes empresariales, educativos, gubernamentales y filantr\u00f3picos unen fuerzas<br>para ayudar a resolver la crisis de desarrollo de la fuerza laboral<\/em><\/p>\n<\/section>\n\n<section class=\"block wordpress-block wordpress-paragraph core-paragraph\">\n<p>INDIANAPOLIS, 23 de enero de 2024 \u2013 M\u00e1s de 100 l\u00edderes de Indiana, incluidos directores ejecutivos corporativos, presidentes de universidades, superintendentes K-12 y funcionarios del gobierno estatal, se han unido a una coalici\u00f3n para desarrollar un sistema de aprendizaje juvenil moderno a nivel estatal en Indiana como una posible soluci\u00f3n al la creciente crisis laboral del estado.&nbsp;<\/p>\n<\/section>\n\n<section class=\"block wordpress-block wordpress-paragraph core-paragraph\">\n<p>El grupo inici\u00f3 recientemente un Laboratorio de Implementaci\u00f3n de 10 meses (denominado iLab), una colaboraci\u00f3n intensiva que dar\u00e1 como resultado un plan integral a nivel estatal para aumentar la cantidad de aprendizajes disponibles para j\u00f3venes modernos. El modelo de aprendizaje para j\u00f3venes permite a los estudiantes de secundaria de 11\u00ba grado participar en un programa remunerado de trabajo y aprendizaje de tres a\u00f1os. El aprendizaje culmina con un diploma de escuela secundaria, cr\u00e9ditos universitarios y una credencial industrial, mientras que al mismo tiempo prepara a los estudiantes para carreras en demanda. CEMETS iLab Indiana es una creaci\u00f3n de Ursula Renold, Ph.D., y Katie Caves, Ph.D., de la <a href=\"https:\/\/cemets.ethz.ch\/\" target=\"_blank\" rel=\"noreferrer noopener\">Centro de Econom\u00eda y Gesti\u00f3n de Sistemas de Educaci\u00f3n y Formaci\u00f3n<\/a> (CEMETS) en ETH Zurich, quienes son considerados los expertos m\u00e1s destacados en la investigaci\u00f3n e implementaci\u00f3n del aprendizaje en el lugar de trabajo.&nbsp;<\/p>\n<\/section>\n\n<section class=\"block wordpress-block wordpress-paragraph core-paragraph\">\n<p>La escasez de talentos de larga data en Indiana empeor\u00f3 durante la pandemia y est\u00e1 <a href=\"https:\/\/ascendindiana.com\/resources\/indianas-evolving-labor-market-full-report-2022\" target=\"_blank\" rel=\"noreferrer noopener\">proyectado<\/a> aumentar debido al envejecimiento de la poblaci\u00f3n y s\u00f3lo un <a href=\"https:\/\/www.hoosierdata.in.gov\/indicator\/ind.aspx?indicator_id=10&amp;indicator_geo=18000&amp;indicator_style=full&amp;indicator_mode=html\" target=\"_blank\" rel=\"noreferrer noopener\">63% tasa de participaci\u00f3n laboral<\/a>. Adem\u00e1s, para 2031, <a href=\"https:\/\/cew.georgetown.edu\/cew-reports\/projections2031\/\" target=\"_blank\" rel=\"noreferrer noopener\">72% de empleos<\/a> en los EE. UU. requerir\u00e1 educaci\u00f3n y\/o capacitaci\u00f3n postsecundaria. Indiana no est\u00e1 en camino de satisfacer esa necesidad, con s\u00f3lo <a href=\"https:\/\/www.rmff.org\/community-data-snapshot\/education\/\" target=\"_blank\" rel=\"noreferrer noopener\">39% de adultos Hoosier<\/a> 25 a\u00f1os y m\u00e1s con t\u00edtulo de asociado o superior. Para complicar las cosas, la matr\u00edcula universitaria en Indiana disminuy\u00f3 de <a href=\"https:\/\/www.in.gov\/che\/college-readiness-reports\/\" target=\"_blank\" rel=\"noreferrer noopener\">65% en 2015 a 53% en 2021<\/a>. En total, por cada clase que se grad\u00faa de la escuela secundaria, s\u00f3lo alrededor de 30% obtienen un t\u00edtulo universitario, lo que significa que 70% ingresan al mercado laboral sin un t\u00edtulo o credencial.&nbsp;<\/p>\n<\/section>\n\n<section class=\"block wordpress-block wordpress-paragraph core-paragraph\">\n<p>&quot;Debemos tomar medidas audaces para reformar el sistema educativo y de desarrollo de la fuerza laboral de Indiana para ofrecer mejores resultados para las personas, los empleadores y la econom\u00eda del estado&quot;, dijo David Becker, presidente y director ejecutivo de <a href=\"https:\/\/www.firstib.com\/\" target=\"_blank\" rel=\"noreferrer noopener\">Primer banco de Internet<\/a> y copresidente de CEMETS iLab Indiana. &quot;Al formar esta coalici\u00f3n sin precedentes y aumentar las oportunidades de aprendizaje, podemos cambiar la trayectoria de los problemas laborales de Indiana y fortalecer la econom\u00eda de nuestro estado&quot;.&nbsp;&nbsp;<\/p>\n<\/section>\n\n<section class=\"block wordpress-block wordpress-paragraph core-paragraph\">\n<p>Los miembros del iLab \u2013 <a href=\"#members\">enumerados a continuaci\u00f3n<\/a> \u2013 incluyen l\u00edderes en negocios, educaci\u00f3n, gobierno y filantrop\u00eda, muchos de los cuales se convirtieron en partidarios del movimiento de aprendizaje juvenil moderno durante un viaje de intercambio de liderazgo de la C\u00e1mara Indy en septiembre de 2023 para ver el sistema de Suiza en acci\u00f3n. Los suizos son reconocidos internacionalmente por su sistema: dos tercios de los estudiantes de d\u00e9cimo grado ingresan a un aprendizaje remunerado de tres o cuatro a\u00f1os en aproximadamente 250 ocupaciones diferentes que abarcan todos los sectores de la econom\u00eda.&nbsp;<\/p>\n<\/section>\n\n<section class=\"block wordpress-block wordpress-paragraph core-paragraph\">\n<p>Durante el viaje, Claire Fiddian-Green, presidenta y directora ejecutiva de <a href=\"https:\/\/www.rmff.org\/\" target=\"_blank\" rel=\"noreferrer noopener\">Fundaci\u00f3n Richard M. Fairbanks<\/a> y copresidente de iLab, anunci\u00f3 una subvenci\u00f3n de $180.000 que permitir\u00eda a CEMETS albergar un iLab en Indiana. &quot;CEMETS iLab Indiana apoyar\u00e1 a las partes interesadas que trabajan para ampliar los programas modernos de aprendizaje para j\u00f3venes tanto en la regi\u00f3n de Indian\u00e1polis como en todo el estado&quot;, dijo Fiddian-Green. &quot;Al convertir a Indiana en un l\u00edder en aprendizaje basado en el trabajo, buscamos convertirnos en un destino principal para los empleadores que buscan expandir sus negocios existentes y para los emprendedores que trabajan para lanzar nuevos negocios&quot;.&nbsp;<\/p>\n<\/section>\n\n<section class=\"block wordpress-block wordpress-paragraph core-paragraph\">\n<p>Los miembros del iLab est\u00e1n divididos en comit\u00e9s que se centran en los roles de los grupos de inter\u00e9s relevantes: empleadores, escuelas secundarias e instituciones de educaci\u00f3n superior. El iLab se centra espec\u00edficamente en c\u00f3mo ampliar el aprendizaje de los j\u00f3venes en tres grupos industriales: banca y seguros, ciencias de la vida y atenci\u00f3n m\u00e9dica, y manufactura avanzada, todos los cuales enfrentan una creciente escasez de talento. Adem\u00e1s, un resultado clave del iLab es la recomendaci\u00f3n de una estructura operativa y de gobierno que pueda supervisar el trabajo para escalar el aprendizaje juvenil en todo el estado, abarcando eventualmente todos los sectores de la econom\u00eda de Indiana.&nbsp;&nbsp;<\/p>\n<\/section>\n\n<section class=\"block wordpress-block wordpress-paragraph core-paragraph\">\n<p>Debido a la inversi\u00f3n de a\u00f1os de la Fundaci\u00f3n Fairbanks para llevar el moderno sistema de aprendizaje juvenil a Indiana, est\u00e1 brindando experiencia en la materia y asoci\u00e1ndose con el liderazgo de CEMETS para supervisar el iLab desde su inicio hasta su finalizaci\u00f3n. <a href=\"https:\/\/ascendindiana.com\/\" target=\"_blank\" rel=\"noreferrer noopener\">Ascender Indiana<\/a>, la iniciativa de desarrollo del talento y la fuerza laboral de <a href=\"https:\/\/www.cicpindiana.com\/\" target=\"_blank\" rel=\"noreferrer noopener\">Asociaci\u00f3n corporativa de Indiana central<\/a>, proporciona gesti\u00f3n de proyectos para los comit\u00e9s de iLab, ofrece oportunidades para que los l\u00edderes de la industria vean los aprendizajes en acci\u00f3n y coordina las reuniones de las partes interesadas de iLab. <a href=\"https:\/\/indychamber.com\/\" target=\"_blank\" rel=\"noreferrer noopener\">La c\u00e1mara india<\/a> est\u00e1 realizando un an\u00e1lisis de la ocupaci\u00f3n de la industria para informar el trabajo del iLab y desarrollar\u00e1 un plan sobre c\u00f3mo comunicar sobre el aprendizaje juvenil moderno a los empleadores y otras partes interesadas.&nbsp;<\/p>\n<\/section>\n\n<section class=\"block wordpress-block wordpress-paragraph core-paragraph\">\n<p>Para financiar la gesti\u00f3n del iLab, la Fundaci\u00f3n Fairbanks otorg\u00f3 una subvenci\u00f3n de $100.000 a la Indy Chamber, y una parte de la subvenci\u00f3n existente de $6 millones de la Fundaci\u00f3n Fairbanks a Ascend Indiana se est\u00e1 utilizando para financiar su trabajo con el iLab. Ascend tambi\u00e9n apoyar\u00e1 viajes espec\u00edficos de la industria para los miembros del comit\u00e9 de iLab.&nbsp;<\/p>\n<\/section>\n\n<section class=\"block wordpress-block wordpress-paragraph core-paragraph\">\n<p>&quot;iLab Indiana es clave para desbloquear la capacidad de nuestro estado de satisfacer las necesidades de talento conectando a muchos m\u00e1s j\u00f3venes con oportunidades de aprendizaje basadas en el trabajo&quot;, dijo Melina Kennedy, directora ejecutiva de Central Indiana Corporate Partnership. \u201cCICP est\u00e1 bien posicionado para apoyar esta coalici\u00f3n a trav\u00e9s de sus iniciativas en el sector industrial. Adem\u00e1s, Ascend aporta una perspectiva \u00fanica para coordinar este esfuerzo dada su experiencia como intermediario de la fuerza laboral que tambi\u00e9n convoca una comunidad de pr\u00e1ctica de aprendizaje juvenil en todo el estado\u201d.&nbsp;<\/p>\n<\/section>\n\n<section class=\"block wordpress-block wordpress-paragraph core-paragraph\">\n<p>\u201cNuestro sistema actual no satisface las necesidades de los estudiantes, los empleadores o el estado. El modelo moderno de aprendizaje juvenil es una oportunidad \u00fanica para invertir en talento local de Hoosier y satisfacer las necesidades de la econom\u00eda del ma\u00f1ana\u201d, dijo Matt Mindrum, presidente y director ejecutivo de Indy Chamber. &quot;Juntos, podemos posicionar a Indiana como l\u00edder e innovador en la reforma educativa y el desarrollo de la fuerza laboral&quot;.&nbsp;<\/p>\n<\/section>\n\n<section class=\"block wordpress-block wordpress-paragraph core-paragraph\">\n<p>El objetivo final de CEMETS iLab Indiana es garantizar que, para 2034, todos los estudiantes y adultos de Indiana tengan acceso a opciones de educaci\u00f3n y capacitaci\u00f3n de alta calidad. Alcanzar este objetivo permitir\u00e1 a todos los Hoosiers descubrir sus pasiones, alcanzar su m\u00e1ximo potencial y contribuir significativamente a la vitalidad econ\u00f3mica y c\u00edvica de sus comunidades.&nbsp;<\/p>\n<\/section>\n\n<section class=\"container  block wordpress-block wordpress-heading core-heading\"><div class=\"row\"><div class=\"col-12\">\n<h2 class=\"wp-block-heading has-text-align-center\" id=\"members\">###<\/h2>\n<\/div><\/div><\/section>\n\n<section class=\"aligncenter block wordpress-block wordpress-paragraph core-paragraph\">\n<p class=\"has-text-align-center\"><em>Nota: Esta lista est\u00e1 actualizada al 16 de febrero de 2024.<\/em><\/p>\n<\/section>\n\n<section class=\"container  block wordpress-block wordpress-table core-table\"><div class=\"row\"><div class=\"col-12\">\n<figure class=\"wp-block-table\"><table><tbody><tr><td colspan=\"2\"><strong>COMIT\u00c9 DE GOBIERNO<\/strong><\/td><\/tr><tr><td><strong>David Becker, copresidente<\/strong>&nbsp;<\/td><td><strong>Presidente y director ejecutivo, First Internet Bank<\/strong>&nbsp;<\/td><\/tr><tr><td><strong>Claire Fiddian-Green, copresidenta<\/strong>&nbsp;<\/td><td><strong>Presidente y director ejecutivo, Fundaci\u00f3n Richard M. Fairbanks<\/strong>&nbsp;<\/td><\/tr><tr><td>Senador Rod Bray&nbsp;<\/td><td>Presidente Pro Tempore del Senado de Indiana, Distrito 37&nbsp;<\/td><\/tr><tr><td>Jeff Harrison&nbsp;<\/td><td>Presidente y director ejecutivo, Citizens Energy Group&nbsp;<\/td><\/tr><tr><td>Representante Todd Houston&nbsp;<\/td><td>Presidente de la C\u00e1mara de Representantes de Indiana, Distrito 37&nbsp;<\/td><\/tr><tr><td>Dra. Katie Jenner&nbsp;<\/td><td>Secretario de Educaci\u00f3n de Indiana&nbsp;<\/td><\/tr><tr><td>Melina Kennedy&nbsp;<\/td><td>Director ejecutivo, Asociaci\u00f3n comunitaria de Indiana central&nbsp;<\/td><\/tr><tr><td>Chris Lowery&nbsp;<\/td><td>Comisionado de Educaci\u00f3n Superior de Indiana&nbsp;<\/td><\/tr><tr><td>Matt Mindrum&nbsp;<\/td><td>Presidente y director ejecutivo, C\u00e1mara Indy&nbsp;<\/td><\/tr><tr><td>Mario Rodr\u00edguez&nbsp;<\/td><td>Director ejecutivo, Autoridad del Aeropuerto de Indian\u00e1polis&nbsp;<\/td><\/tr><tr><td>Pamela Whitten&nbsp;<\/td><td>Presidente, Universidad de Indiana&nbsp;<\/td><\/tr><tr><td colspan=\"2\"><strong>COMIT\u00c9 DE LA INDUSTRIA<\/strong><\/td><\/tr><tr><td><strong>Mike Ash, copresidente<\/strong>&nbsp;<\/td><td><strong>R<\/strong><strong>Presidente Regional, Fifth Third Bank<\/strong>&nbsp;&nbsp;&nbsp;&nbsp;&nbsp;&nbsp; &nbsp;<\/td><\/tr><tr><td><strong>Dennis Murphy, copresidente<\/strong>&nbsp;<\/td><td><strong>Presidente y director ejecutivo, Salud de la Universidad de Indiana<\/strong>&nbsp;<\/td><\/tr><tr><td colspan=\"2\"><strong>Bancario<\/strong>&nbsp;<\/td><\/tr><tr><td>Scott Bove&nbsp;<\/td><td>Presidente de la Regi\u00f3n Sur, Star Financial Bank&nbsp;<\/td><\/tr><tr><td>Kyra Clark&nbsp;<\/td><td>Vicepresidente senior y director de recursos humanos, Lake City Bank&nbsp;<\/td><\/tr><tr><td>angie dan\u00e9s&nbsp;<\/td><td>Vicepresidente s\u00e9nior, Director de Recursos Humanos, Star Financial Bank&nbsp;<\/td><\/tr><tr><td>Jason Eckerle&nbsp;<\/td><td>Presidente Regional, Centro y Sur de Indiana, PNC Bank&nbsp;<\/td><\/tr><tr><td>David Findlay&nbsp;<\/td><td>Presidente y director ejecutivo, Lake City Bank&nbsp;<\/td><\/tr><tr><td>Juan Gonz\u00e1lez&nbsp;<\/td><td>Presidente, Indiana Central, KeyBank&nbsp;<\/td><\/tr><tr><td>Steve Harris&nbsp;<\/td><td>Vicepresidente senior y director de recursos humanos, First Merchants Bank&nbsp;<\/td><\/tr><tr><td>annie colinas&nbsp;<\/td><td>Jefe de Gabinete, Antiguo Banco Nacional&nbsp;<\/td><\/tr><tr><td>Carrie Houston&nbsp;<\/td><td>Primer vicepresidente y director de recursos humanos, Banco Nacional de Indian\u00e1polis&nbsp;<\/td><\/tr><tr><td>Jon Loftin&nbsp;<\/td><td>Presidente y director de operaciones, MJ Insurance&nbsp;<\/td><\/tr><tr><td>luc\u00eda mar&nbsp;<\/td><td>Vicepresidente s\u00e9nior y ejecutivo de mercado, Bank of America&nbsp;<\/td><\/tr><tr><td>Ana Merkel&nbsp;<\/td><td>Vicepresidente s\u00e9nior y director de desarrollo de mercado, Banco Nacional de Indian\u00e1polis&nbsp;<\/td><\/tr><tr><td>Lorena Ort\u00edz&nbsp;<\/td><td>Primer vicepresidente, director de personal, First Internet Bank&nbsp;<\/td><\/tr><tr><td>James Ryan III&nbsp;<\/td><td>Director ejecutivo, Antiguo Banco Nacional&nbsp;<\/td><\/tr><tr><td>Jake Sappenfield&nbsp;<\/td><td>Presidente de Mercado Comercial, First Financial Bank&nbsp;<\/td><\/tr><tr><td>Robert Senz&nbsp;<\/td><td>Vicepresidente s\u00e9nior, Gesti\u00f3n del Talento, PNC Bank&nbsp;<\/td><\/tr><tr><td>Michael Stewart&nbsp;<\/td><td>Presidente, First Merchants Corporation y First Merchants Bank&nbsp;<\/td><\/tr><tr><td>Ambar Van Til&nbsp;<\/td><td>Presidente y director ejecutivo, Asociaci\u00f3n de Banqueros de Indiana&nbsp;<\/td><\/tr><tr><td colspan=\"2\"><strong>Seguro<\/strong>&nbsp;<\/td><\/tr><tr><td>Scott Davison&nbsp;<\/td><td>Presidente, presidente y director ejecutivo, OneAmerica&nbsp;<\/td><\/tr><tr><td>Amanda Pennington&nbsp;<\/td><td>Vicepresidente de habilitaci\u00f3n de ventas, UnitedHealth Group&nbsp;<\/td><\/tr><tr><td>Karin Sarratt&nbsp;<\/td><td>Vicepresidente ejecutivo, OneAmerica&nbsp;<\/td><\/tr><tr><td>Kim Thomas&nbsp;<\/td><td>Vicepresidente, Diversidad, Equidad, Inclusi\u00f3n y Asuntos Comunitarios, OneAmerica&nbsp;<\/td><\/tr><tr><td>Kevin Wheeler&nbsp;<\/td><td>Representante del Consorcio de Capacitaci\u00f3n de la Industria de Seguros de Indiana&nbsp;<\/td><\/tr><tr><td colspan=\"2\"><strong>Cuidado de la salud<\/strong><\/td><\/tr><tr><td>Karly Cope&nbsp;<\/td><td>Vicepresidente de Gesti\u00f3n de Talento, Red de Salud Comunitaria&nbsp;<\/td><\/tr><tr><td>Nancy Foster&nbsp;<\/td><td>Director de Recursos Humanos de Mercado, Ascension St. Vincent&nbsp;<\/td><\/tr><tr><td>Kreg Gruber&nbsp;<\/td><td>Director ejecutivo, sistema de salud Beacon&nbsp;<\/td><\/tr><tr><td>Lisa Harris, MD&nbsp;<\/td><td>Director ejecutivo, Eskenazi Health&nbsp;<\/td><\/tr><tr><td>cristian hicks&nbsp;<\/td><td>Directora de Recursos Humanos, Eskenazi Health&nbsp;<\/td><\/tr><tr><td>Erin LaCross, DNP, enfermera registrada, NEA-BC, CENP&nbsp;<\/td><td>Vicepresidente s\u00e9nior, Desarrollo profesional de enfermer\u00eda, Parkview Health&nbsp;<\/td><\/tr><tr><td>Melinda Lebofsky&nbsp;<\/td><td>Vicepresidente s\u00e9nior, Director de Recursos Humanos, Deaconess Health System&nbsp;<\/td><\/tr><tr><td>Michelle Mahaffey&nbsp;<\/td><td>Directora de Recursos Humanos, Red de Salud Comunitaria&nbsp;<\/td><\/tr><tr><td>Michael Schroyer, RN, MSN, FACHE&nbsp;<\/td><td>Presidente, Baptist Health Floyd&nbsp;<\/td><\/tr><tr><td>Dra. Adrienne D. Sims&nbsp;<\/td><td>Vicepresidente s\u00e9nior, Director de Recursos Humanos, Salud de la Universidad de Indiana&nbsp;<\/td><\/tr><tr><td>Mar\u00eda Jo Smith&nbsp;<\/td><td>Vicepresidente s\u00e9nior de Recursos Humanos, Alianza Franciscana&nbsp;<\/td><\/tr><tr><td>Ram Yeleti, MD&nbsp;<\/td><td>Vicepresidente ejecutivo, director m\u00e9dico ejecutivo, Community Health Network&nbsp;<\/td><\/tr><tr><td colspan=\"2\"><strong>Ciencias de la vida<\/strong><\/td><\/tr><tr><td>Br\u00edgida Boyle&nbsp;<\/td><td>Jefe de Personas y Cultura, Roche Diagnostics&nbsp;<\/td><\/tr><tr><td>Kelly Copes-Anderson&nbsp;<\/td><td>Vicepresidente y director global de Diversidad, Equidad e Inclusi\u00f3n, Eli Lilly and Company&nbsp;<\/td><\/tr><tr><td>Travis Christman&nbsp;<\/td><td>Vicepresidente de Calidad y Regulaci\u00f3n, Medartis&nbsp;<\/td><\/tr><tr><td>Alicia Decker&nbsp;<\/td><td>Vicepresidente de Operaciones y Compromiso, OrthoWorx Indiana&nbsp;<\/td><\/tr><tr><td>Trevor luchador&nbsp;<\/td><td>Vicepresidente de Asuntos P\u00fablicos, Heartland BioWorks&nbsp;<\/td><\/tr><tr><td>Erin Hughes&nbsp;<\/td><td>Gerente Sr. de Recursos Humanos, Medartis&nbsp;<\/td><\/tr><tr><td>Mateo Linville&nbsp;<\/td><td>Director s\u00e9nior de Recursos Humanos, Zimmer Biomet&nbsp;<\/td><\/tr><tr><td>Erin Serafino&nbsp;<\/td><td>Director de Talento, OrthoWorx Indiana&nbsp;<\/td><\/tr><tr><td>Mauricio Taylor&nbsp;<\/td><td>Director Ejecutivo, Atracci\u00f3n de Talento, Marketing de Reclutamiento y Programas de Equidad Laboral, Eli Lilly and Company&nbsp;<\/td><\/tr><tr><td>Bob Vitoux&nbsp;<\/td><td>Presidente y director ejecutivo, OrthoWorx Indiana&nbsp;<\/td><\/tr><tr><td>Vince Wong&nbsp;<\/td><td>Presidente y director ejecutivo, BioCrossroads&nbsp;<\/td><\/tr><tr><td colspan=\"2\"><strong>Fabricaci\u00f3n avanzada<\/strong>&nbsp;<\/td><\/tr><tr><td>Representante&nbsp;<\/td><td>Subaru Indiana&nbsp;<\/td><\/tr><tr><td>Katrin Gerig&nbsp;<\/td><td>Vicepresidente de Recursos Humanos, Telamon&nbsp;<\/td><\/tr><tr><td>Daniel Howard&nbsp;&nbsp;<\/td><td>Director de Educaci\u00f3n Global, Responsabilidad Corporativa, Cummins, Inc.&nbsp;&nbsp;&nbsp;&nbsp;<\/td><\/tr><tr><td>Marcos Murphy&nbsp;<\/td><td>Presidente, PRD, Inc.&nbsp;<\/td><\/tr><tr><td>Maribeth Nelson&nbsp;<\/td><td>Gerente de Recursos Humanos, Tecnolog\u00edas M\u00e9dicas de Precisi\u00f3n&nbsp;<\/td><\/tr><tr><td>Nicole Otte&nbsp;<\/td><td>Director de Desarrollo de la Fuerza Laboral, Endress+Hauser EE.UU.&nbsp;<\/td><\/tr><tr><td>jose wilber&nbsp;<\/td><td>Director de Recursos Humanos, Grote Industries&nbsp;<\/td><\/tr><tr><td colspan=\"2\"><strong>Socios estatales y intermediarios<\/strong>&nbsp;<\/td><\/tr><tr><td>Tony Denhart&nbsp;<\/td><td>Vicepresidente Ejecutivo, Fuerza Laboral y Talento, Corporaci\u00f3n de Desarrollo Econ\u00f3mico de Indiana&nbsp;<\/td><\/tr><tr><td>Carrie animado&nbsp;<\/td><td>Director ejecutivo, The Pursuit Institute&nbsp;<\/td><\/tr><tr><td>Michi McClaine&nbsp;<\/td><td>Vicepresidente de Desarrollo de Talento, Iniciativas de Oportunidades Regionales&nbsp;<\/td><\/tr><tr><td>Matt Mindrum&nbsp;<\/td><td>Presidente y director ejecutivo, C\u00e1mara Indy&nbsp;<\/td><\/tr><tr><td>Richard Paulk&nbsp;<\/td><td>Comisionado, Departamento de Desarrollo Laboral de Indiana&nbsp;<\/td><\/tr><tr><td>David Rosenberg&nbsp;<\/td><td>Secretario de Comercio, Corporaci\u00f3n de Desarrollo Econ\u00f3mico de Indiana&nbsp;<\/td><\/tr><tr><td>Vanessa Green Sinders&nbsp;<\/td><td>Presidente y director ejecutivo, C\u00e1mara de Comercio de Indiana&nbsp;<\/td><\/tr><tr><td>Estilos de Jay&nbsp;<\/td><td>Vicepresidente s\u00e9nior, Asociaciones y Conexiones de Talento, EmployIndy&nbsp;<\/td><\/tr><tr><td colspan=\"2\"><strong>COMIT\u00c9 DE ESCUELA SECUNDARIA<\/strong><\/td><\/tr><tr><td><strong>Dan Funston, copresidente<\/strong>&nbsp;<\/td><td><strong>S<\/strong><strong>superintendente, Escuelas Comunitarias de Concord<\/strong>&nbsp;<\/td><\/tr><tr><td><strong>Kent Kramer, copresidente<\/strong>&nbsp;<\/td><td><strong>Presidente y director ejecutivo, Goodwill of Central &amp; Southern Indiana<\/strong>&nbsp;<\/td><\/tr><tr><td colspan=\"2\"><strong>Distritos o redes de escuelas aut\u00f3nomas<\/strong><\/td><\/tr><tr><td>Andy Allen&nbsp;<\/td><td>Director de escuela secundaria, Corporaci\u00f3n Escolar Comunitaria de Batesville&nbsp;<\/td><\/tr><tr><td>Adam Bart\u00f3n&nbsp;<\/td><td>Director de escuela secundaria, Corporaci\u00f3n Escolar Comunitaria del Este de Hancock&nbsp;<\/td><\/tr><tr><td>Obispo Tara&nbsp;<\/td><td>Superintendente, Escuelas de la Comunidad Central de Perry&nbsp;<\/td><\/tr><tr><td>Dr. Jeff Colillas&nbsp;<\/td><td>Superintendente, municipio de MSD Wayne&nbsp;<\/td><\/tr><tr><td>Rebecca Daugherty-Saunders&nbsp;<\/td><td>Director de Distrito de Preparaci\u00f3n Universitaria y Profesional, MSD Wayne Township&nbsp;<\/td><\/tr><tr><td>Betsy Delgado&nbsp;<\/td><td>Vicepresidente senior y director de misi\u00f3n y educaci\u00f3n, Goodwill of Central &amp; Southern Indiana&nbsp;<\/td><\/tr><tr><td>jody franc\u00e9s&nbsp;<\/td><td>Jr.\/Sr. Director de escuela secundaria, Escuelas de la comunidad central de Perry&nbsp;<\/td><\/tr><tr><td>Dr. David Hoffert&nbsp;<\/td><td>Superintendente, Escuelas Comunitarias de Varsovia&nbsp;<\/td><\/tr><tr><td>Andrea Huff&nbsp;<\/td><td>Superintendente, Escuelas Comunitarias de Barr-Reeve&nbsp;<\/td><\/tr><tr><td>Dra. Aleesia Johnson&nbsp;<\/td><td>Superintendente, Escuelas P\u00fablicas de Indian\u00e1polis&nbsp;<\/td><\/tr><tr><td>Dra. Lisa Kendall&nbsp;<\/td><td>Superintendente Adjunto de Programaci\u00f3n Educativa, Escuelas Comunitarias de Concord&nbsp;<\/td><\/tr><tr><td>Pablo Ketcham&nbsp;<\/td><td>Superintendente, Corporaci\u00f3n Escolar Comunitaria de Batesville&nbsp;<\/td><\/tr><tr><td>Melissa Kissling&nbsp;<\/td><td>Gerente de Conexiones Universitarias y Profesionales, Escuelas Comunitarias de Varsovia&nbsp;<\/td><\/tr><tr><td>Robert McDermott&nbsp;<\/td><td>Superintendente adjunto, Corporaci\u00f3n Escolar de Duneland&nbsp;<\/td><\/tr><tr><td>Chip Pettit&nbsp;<\/td><td>Superintendente, Corporaci\u00f3n Escolar de Duneland&nbsp;<\/td><\/tr><tr><td>Dr. George Philhower&nbsp;<\/td><td>Superintendente, Corporaci\u00f3n Escolar Comunitaria del Este de Hancock&nbsp;<\/td><\/tr><tr><td>Tim Pletcher&nbsp;<\/td><td>Director de escuela secundaria, escuelas comunitarias de Baugo&nbsp;<\/td><\/tr><tr><td>Byron Sanders&nbsp;<\/td><td>Superintendente, Escuelas Comunitarias de Baugo&nbsp;<\/td><\/tr><tr><td>Dra. Keanna Warren&nbsp;<\/td><td>Director ejecutivo, Escuelas secundarias polit\u00e9cnicas de Purdue&nbsp;<\/td><\/tr><tr><td>BJ Watts&nbsp;<\/td><td>Director ejecutivo de OptIN, Corporaci\u00f3n Escolar Evansville-Vanderburgh&nbsp;<\/td><\/tr><tr><td colspan=\"2\"><strong>Socios estatales y intermediarios<\/strong><\/td><\/tr><tr><td>Beth Bray&nbsp;<\/td><td>Oficial de programa, Programa educativo, Walton Family Foundation&nbsp;<\/td><\/tr><tr><td>Jason Callahan&nbsp;<\/td><td>Subsecretario de Caminos y Oportunidades Estudiantiles, Departamento de Educaci\u00f3n de Indiana&nbsp;<\/td><\/tr><tr><td>Erika Seydel Cheney&nbsp;<\/td><td>Vicepresidente de aprendizaje relacionado con la carrera K-12, EmployIndy&nbsp;<\/td><\/tr><tr><td>Todd Hurst&nbsp;<\/td><td>Director Ejecutivo, Instituto para la Excelencia Laboral, C\u00e1mara de Comercio de Indiana&nbsp;<\/td><\/tr><tr><td>Sara Koontz&nbsp;<\/td><td>Director de Aprendizajes Juveniles CareerWise, CareerWise Condado de Elkhart&nbsp;<\/td><\/tr><tr><td>Dra. Katie Lash&nbsp;<\/td><td>Vicepresidente de iniciativas estrat\u00e9gicas y K-14, Ivy Tech Community College&nbsp;<\/td><\/tr><tr><td colspan=\"2\"><strong>COMIT\u00c9 DE EDUCACI\u00d3N SUPERIOR<\/strong><\/td><\/tr><tr><td><strong>S<\/strong><strong>ue Ellspermann, copresidente<\/strong>&nbsp;<\/td><td><strong>PAG<\/strong><strong>residente, Ivy Tech Community College<\/strong>&nbsp;<\/td><\/tr><tr><td><strong>Conocido<\/strong><strong>con Britt, copresidente<\/strong>&nbsp;<\/td><td><strong>Director de Operaciones y Canciller, Universidad Marian<\/strong>&nbsp;<\/td><\/tr><tr><td colspan=\"2\"><strong>Instituciones de Educaci\u00f3n Superior<\/strong>&nbsp;<\/td><\/tr><tr><td>Melissa Beckwith&nbsp;<\/td><td>Director de estrategia, Butler University&nbsp;<\/td><\/tr><tr><td>Daniel Castro Lacouture&nbsp;<\/td><td>Decano, Instituto Polit\u00e9cnico Purdue&nbsp;<\/td><\/tr><tr><td>Molly Dodge&nbsp;<\/td><td>Vicepresidente senior, fuerza laboral y carreras, Ivy Tech Community College&nbsp;<\/td><\/tr><tr><td>Sean Huddleston&nbsp;<\/td><td>Presidente, Universidad Mart\u00edn&nbsp;<\/td><\/tr><tr><td>rey dottie&nbsp;<\/td><td>Presidente y director ejecutivo, Colegios Independientes de Indiana&nbsp;<\/td><\/tr><tr><td>Andres Kocher&nbsp;<\/td><td>Vicepresidente de Asociaciones Corporativas y Comunitarias, Universidad de Indian\u00e1polis&nbsp;<\/td><\/tr><tr><td>Dra. Leah Nellis&nbsp;<\/td><td>Vicerrector de Innovaci\u00f3n y Proyectos Especiales; L\u00edder Estrat\u00e9gico de Iniciativas Acad\u00e9micas, Oficina de Asociaciones Escolares de IU; Profesor de Educaci\u00f3n, Universidad de Indiana&nbsp;<\/td><\/tr><tr><td>Dra. Lori Pence&nbsp;<\/td><td>Rector asociado de programas y asociaciones K-12, Universidad de Vincennes&nbsp;<\/td><\/tr><tr><td colspan=\"2\"><strong>Socios estatales y intermediarios<\/strong>&nbsp;<\/td><\/tr><tr><td>Dra. Michelle Ashcraft&nbsp;<\/td><td>Comisionado asociado principal y director de programas, Comisi\u00f3n de Educaci\u00f3n Superior de Indiana&nbsp;<\/td><\/tr><tr><td>Jason Bearce&nbsp;<\/td><td>Vicepresidente, Educaci\u00f3n y Desarrollo de la Fuerza Laboral, C\u00e1mara de Comercio de Indiana&nbsp;<\/td><\/tr><tr><td>Betsy Revell&nbsp;<\/td><td>Vicepresidente senior, carrera<em>&#8211;<\/em>Aprendizaje conectado, EmployIndy&nbsp;<\/td><\/tr><tr><td>Brian Wiebe&nbsp;<\/td><td>Presidente y director ejecutivo, Horizon Education Alliance&nbsp;<\/td><\/tr><tr><td colspan=\"2\"><strong>COMIT\u00c9 DE POL\u00cdTICA<\/strong><\/td><\/tr><tr><td><strong>Representante Bob Behning,<\/strong><strong> copresidente<\/strong>&nbsp;<\/td><td><strong>Presidente, Comit\u00e9 de Educaci\u00f3n, C\u00e1mara de Representantes de Indiana, Distrito 91<\/strong>&nbsp;<\/td><\/tr><tr><td><strong>Senador Jeff Raatz,<\/strong><strong> copresidente<\/strong>&nbsp;<\/td><td><strong>Presidente, Comit\u00e9 de Educaci\u00f3n y Desarrollo Profesional, Distrito Senatorial 27 de Indiana<\/strong>&nbsp;<\/td><\/tr><tr><td colspan=\"2\"><strong>Oficiales electos<\/strong>&nbsp;<\/td><\/tr><tr><td>Senadora Andrea Hunley&nbsp;<\/td><td>Senador, Distrito Senatorial 46 de Indiana&nbsp;<\/td><\/tr><tr><td>Representante Julie McGuire&nbsp;<\/td><td>Representante, Distrito 93 de la C\u00e1mara de Representantes de Indiana&nbsp;<\/td><\/tr><tr><td>Representante Vernon Smith&nbsp;<\/td><td>Representante, Distrito 14 de la C\u00e1mara de Representantes de Indiana&nbsp;<\/td><\/tr><tr><td colspan=\"2\"><strong>Socios estatales, corporativos e intermediarios<\/strong>&nbsp;<\/td><\/tr><tr><td>Jason Bearce&nbsp;<\/td><td>Vicepresidente, Educaci\u00f3n y Desarrollo de la Fuerza Laboral, C\u00e1mara de Comercio de Indiana&nbsp;<\/td><\/tr><tr><td>Susan Brock-Williams&nbsp;<\/td><td>Vicepresidente asociado, Asuntos gubernamentales estatales, Eli Lilly and Company&nbsp;<\/td><\/tr><tr><td>David Buyze&nbsp;<\/td><td>Director de Pol\u00edticas y Programas Especiales, Departamento de Educaci\u00f3n de Indiana&nbsp;<\/td><\/tr><tr><td>Miranda Cripe&nbsp;<\/td><td>CareerWise Gerente de asociaciones del condado de Elkhart, Horizon Education Alliance&nbsp;<\/td><\/tr><tr><td>Whitney Ertel&nbsp;<\/td><td>Director Ejecutivo, Gabinete de Fuerza Laboral del Gobernador&nbsp;<\/td><\/tr><tr><td>Jose Garrison&nbsp;<\/td><td>Comisionado asociado principal y jefe de personal, Comisi\u00f3n de Educaci\u00f3n Superior de Indiana&nbsp;<\/td><\/tr><tr><td>taylor hughes&nbsp;<\/td><td>Vicepresidente, Pol\u00edtica y Estrategia, C\u00e1mara Indy&nbsp;<\/td><\/tr><tr><td>Danny Kelley&nbsp;<\/td><td>Director de Pol\u00edticas, Republicanos de la C\u00e1mara de Representantes de Indiana&nbsp;<\/td><\/tr><tr><td>Mar\u00eda Mackintosh&nbsp;<\/td><td>Presidente y director ejecutivo, EmployIndy&nbsp;<\/td><\/tr><tr><td>tina peterson&nbsp;<\/td><td>Presidente y director ejecutivo, Iniciativas de oportunidades regionales&nbsp;<\/td><\/tr><tr><td>Betsy Wiley&nbsp;<\/td><td>Presidente y director ejecutivo, Instituto para la Educaci\u00f3n de Calidad&nbsp;<\/td><\/tr><\/tbody><\/table><\/figure>\n<\/div><\/div><\/section>","protected":false},"excerpt":{"rendered":"<p>M\u00e1s de 100 l\u00edderes de Indiana, incluidos directores ejecutivos corporativos, presidentes de universidades, superintendentes K-12 y funcionarios del gobierno estatal, se han unido a una coalici\u00f3n para desarrollar un sistema de aprendizaje juvenil moderno en todo el estado.<\/p>","protected":false},"author":7,"featured_media":13367,"comment_status":"closed","ping_status":"open","sticky":false,"template":"","format":"standard","meta":{"_acf_changed":false,"footnotes":""},"categories":[37,25],"tags":[],"class_list":["post-13416","post","type-post","status-publish","format-standard","has-post-thumbnail","hentry","category-education","category-vitality-of-indianapolis"],"acf":[],"yoast_head":"<!-- This site is optimized with the Yoast SEO plugin v26.0 - https:\/\/yoast.com\/wordpress\/plugins\/seo\/ -->\n<title>Indiana leaders form coalition to build, grow youth apprenticeship - Richard M. Fairbanks Foundation<\/title>\n<meta name=\"description\" content=\"Indiana leaders form coalition to build, grow youth apprenticeship. Business, education, government and philanthropic leaders join forces to help solve workforce development crisis.\" \/>\n<meta name=\"robots\" content=\"index, follow, max-snippet:-1, max-image-preview:large, max-video-preview:-1\" \/>\n<link rel=\"canonical\" href=\"https:\/\/old.rmff.wrhosting.net\/es\/2024\/01\/indiana-leaders-form-coalition-to-build-grow-youth-apprenticeship\/\" \/>\n<meta property=\"og:locale\" content=\"es_ES\" \/>\n<meta property=\"og:type\" content=\"article\" \/>\n<meta property=\"og:title\" content=\"Indiana leaders form coalition to build, grow youth apprenticeship - Richard M. Fairbanks Foundation\" \/>\n<meta property=\"og:description\" content=\"Indiana leaders form coalition to build, grow youth apprenticeship. Business, education, government and philanthropic leaders join forces to help solve workforce development crisis.\" \/>\n<meta property=\"og:url\" content=\"https:\/\/old.rmff.wrhosting.net\/es\/2024\/01\/indiana-leaders-form-coalition-to-build-grow-youth-apprenticeship\/\" \/>\n<meta property=\"og:site_name\" content=\"Richard M. Fairbanks Foundation\" \/>\n<meta property=\"article:published_time\" content=\"2024-01-23T12:30:00+00:00\" \/>\n<meta property=\"article:modified_time\" content=\"2024-02-19T16:25:57+00:00\" \/>\n<meta property=\"og:image\" content=\"https:\/\/old.rmff.wrhosting.net\/wp-content\/uploads\/2024\/01\/RMFF-143_NewsImages_696x366_Vitality.jpg\" \/>\n\t<meta property=\"og:image:width\" content=\"1450\" \/>\n\t<meta property=\"og:image:height\" content=\"762\" \/>\n\t<meta property=\"og:image:type\" content=\"image\/jpeg\" \/>\n<meta name=\"author\" content=\"RMFF Staff\" \/>\n<meta name=\"twitter:card\" content=\"summary_large_image\" \/>\n<meta name=\"twitter:label1\" content=\"Escrito por\" \/>\n\t<meta name=\"twitter:data1\" content=\"RMFF Staff\" \/>\n\t<meta name=\"twitter:label2\" content=\"Tiempo de lectura\" \/>\n\t<meta name=\"twitter:data2\" content=\"10 minutos\" \/>\n<script type=\"application\/ld+json\" class=\"yoast-schema-graph\">{\"@context\":\"https:\/\/schema.org\",\"@graph\":[{\"@type\":\"WebPage\",\"@id\":\"https:\/\/old.rmff.wrhosting.net\/2024\/01\/indiana-leaders-form-coalition-to-build-grow-youth-apprenticeship\/\",\"url\":\"https:\/\/old.rmff.wrhosting.net\/2024\/01\/indiana-leaders-form-coalition-to-build-grow-youth-apprenticeship\/\",\"name\":\"Indiana leaders form coalition to build, grow youth apprenticeship - Richard M. Fairbanks Foundation\",\"isPartOf\":{\"@id\":\"https:\/\/old.rmff.wrhosting.net\/#website\"},\"primaryImageOfPage\":{\"@id\":\"https:\/\/old.rmff.wrhosting.net\/2024\/01\/indiana-leaders-form-coalition-to-build-grow-youth-apprenticeship\/#primaryimage\"},\"image\":{\"@id\":\"https:\/\/old.rmff.wrhosting.net\/2024\/01\/indiana-leaders-form-coalition-to-build-grow-youth-apprenticeship\/#primaryimage\"},\"thumbnailUrl\":\"https:\/\/old.rmff.wrhosting.net\/wp-content\/uploads\/2024\/01\/RMFF-143_NewsImages_696x366_Vitality.jpg\",\"datePublished\":\"2024-01-23T12:30:00+00:00\",\"dateModified\":\"2024-02-19T16:25:57+00:00\",\"author\":{\"@id\":\"https:\/\/old.rmff.wrhosting.net\/#\/schema\/person\/b9b457f46976a7df932bc8f5cd932a2b\"},\"description\":\"Indiana leaders form coalition to build, grow youth apprenticeship. Business, education, government and philanthropic leaders join forces to help solve workforce development crisis.\",\"breadcrumb\":{\"@id\":\"https:\/\/old.rmff.wrhosting.net\/2024\/01\/indiana-leaders-form-coalition-to-build-grow-youth-apprenticeship\/#breadcrumb\"},\"inLanguage\":\"es\",\"potentialAction\":[{\"@type\":\"ReadAction\",\"target\":[\"https:\/\/old.rmff.wrhosting.net\/2024\/01\/indiana-leaders-form-coalition-to-build-grow-youth-apprenticeship\/\"]}]},{\"@type\":\"ImageObject\",\"inLanguage\":\"es\",\"@id\":\"https:\/\/old.rmff.wrhosting.net\/2024\/01\/indiana-leaders-form-coalition-to-build-grow-youth-apprenticeship\/#primaryimage\",\"url\":\"https:\/\/old.rmff.wrhosting.net\/wp-content\/uploads\/2024\/01\/RMFF-143_NewsImages_696x366_Vitality.jpg\",\"contentUrl\":\"https:\/\/old.rmff.wrhosting.net\/wp-content\/uploads\/2024\/01\/RMFF-143_NewsImages_696x366_Vitality.jpg\",\"width\":1450,\"height\":762},{\"@type\":\"BreadcrumbList\",\"@id\":\"https:\/\/old.rmff.wrhosting.net\/2024\/01\/indiana-leaders-form-coalition-to-build-grow-youth-apprenticeship\/#breadcrumb\",\"itemListElement\":[{\"@type\":\"ListItem\",\"position\":1,\"name\":\"Home\",\"item\":\"https:\/\/old.rmff.wrhosting.net\/\"},{\"@type\":\"ListItem\",\"position\":2,\"name\":\"Indiana leaders form coalition to build, grow youth apprenticeship\"}]},{\"@type\":\"WebSite\",\"@id\":\"https:\/\/old.rmff.wrhosting.net\/#website\",\"url\":\"https:\/\/old.rmff.wrhosting.net\/\",\"name\":\"Richard M. Fairbanks Foundation\",\"description\":\"Advancing the vitality of Indianapolis and the well-being of its people.\",\"potentialAction\":[{\"@type\":\"SearchAction\",\"target\":{\"@type\":\"EntryPoint\",\"urlTemplate\":\"https:\/\/old.rmff.wrhosting.net\/?s={search_term_string}\"},\"query-input\":{\"@type\":\"PropertyValueSpecification\",\"valueRequired\":true,\"valueName\":\"search_term_string\"}}],\"inLanguage\":\"es\"},{\"@type\":\"Person\",\"@id\":\"https:\/\/old.rmff.wrhosting.net\/#\/schema\/person\/b9b457f46976a7df932bc8f5cd932a2b\",\"name\":\"RMFF Staff\",\"image\":{\"@type\":\"ImageObject\",\"inLanguage\":\"es\",\"@id\":\"https:\/\/old.rmff.wrhosting.net\/#\/schema\/person\/image\/\",\"url\":\"https:\/\/secure.gravatar.com\/avatar\/12c7a6f2976d144ddd06770e26358ad375903bd67a5780c9e3f58914c92511a7?s=96&d=mm&r=g\",\"contentUrl\":\"https:\/\/secure.gravatar.com\/avatar\/12c7a6f2976d144ddd06770e26358ad375903bd67a5780c9e3f58914c92511a7?s=96&d=mm&r=g\",\"caption\":\"RMFF Staff\"},\"url\":\"https:\/\/old.rmff.wrhosting.net\/es\/author\/admin\/\"}]}<\/script>\n<!-- \/ Yoast SEO plugin. -->","yoast_head_json":{"title":"Indiana leaders form coalition to build, grow youth apprenticeship - Richard M. Fairbanks Foundation","description":"Indiana leaders form coalition to build, grow youth apprenticeship. Business, education, government and philanthropic leaders join forces to help solve workforce development crisis.","robots":{"index":"index","follow":"follow","max-snippet":"max-snippet:-1","max-image-preview":"max-image-preview:large","max-video-preview":"max-video-preview:-1"},"canonical":"https:\/\/old.rmff.wrhosting.net\/es\/2024\/01\/indiana-leaders-form-coalition-to-build-grow-youth-apprenticeship\/","og_locale":"es_ES","og_type":"article","og_title":"Indiana leaders form coalition to build, grow youth apprenticeship - Richard M. Fairbanks Foundation","og_description":"Indiana leaders form coalition to build, grow youth apprenticeship. Business, education, government and philanthropic leaders join forces to help solve workforce development crisis.","og_url":"https:\/\/old.rmff.wrhosting.net\/es\/2024\/01\/indiana-leaders-form-coalition-to-build-grow-youth-apprenticeship\/","og_site_name":"Richard M. Fairbanks Foundation","article_published_time":"2024-01-23T12:30:00+00:00","article_modified_time":"2024-02-19T16:25:57+00:00","og_image":[{"width":1450,"height":762,"url":"https:\/\/old.rmff.wrhosting.net\/wp-content\/uploads\/2024\/01\/RMFF-143_NewsImages_696x366_Vitality.jpg","type":"image\/jpeg"}],"author":"RMFF Staff","twitter_card":"summary_large_image","twitter_misc":{"Escrito por":"RMFF Staff","Tiempo de lectura":"10 minutos"},"schema":{"@context":"https:\/\/schema.org","@graph":[{"@type":"WebPage","@id":"https:\/\/old.rmff.wrhosting.net\/2024\/01\/indiana-leaders-form-coalition-to-build-grow-youth-apprenticeship\/","url":"https:\/\/old.rmff.wrhosting.net\/2024\/01\/indiana-leaders-form-coalition-to-build-grow-youth-apprenticeship\/","name":"Indiana leaders form coalition to build, grow youth apprenticeship - Richard M. Fairbanks Foundation","isPartOf":{"@id":"https:\/\/old.rmff.wrhosting.net\/#website"},"primaryImageOfPage":{"@id":"https:\/\/old.rmff.wrhosting.net\/2024\/01\/indiana-leaders-form-coalition-to-build-grow-youth-apprenticeship\/#primaryimage"},"image":{"@id":"https:\/\/old.rmff.wrhosting.net\/2024\/01\/indiana-leaders-form-coalition-to-build-grow-youth-apprenticeship\/#primaryimage"},"thumbnailUrl":"https:\/\/old.rmff.wrhosting.net\/wp-content\/uploads\/2024\/01\/RMFF-143_NewsImages_696x366_Vitality.jpg","datePublished":"2024-01-23T12:30:00+00:00","dateModified":"2024-02-19T16:25:57+00:00","author":{"@id":"https:\/\/old.rmff.wrhosting.net\/#\/schema\/person\/b9b457f46976a7df932bc8f5cd932a2b"},"description":"Indiana leaders form coalition to build, grow youth apprenticeship. Business, education, government and philanthropic leaders join forces to help solve workforce development crisis.","breadcrumb":{"@id":"https:\/\/old.rmff.wrhosting.net\/2024\/01\/indiana-leaders-form-coalition-to-build-grow-youth-apprenticeship\/#breadcrumb"},"inLanguage":"es","potentialAction":[{"@type":"ReadAction","target":["https:\/\/old.rmff.wrhosting.net\/2024\/01\/indiana-leaders-form-coalition-to-build-grow-youth-apprenticeship\/"]}]},{"@type":"ImageObject","inLanguage":"es","@id":"https:\/\/old.rmff.wrhosting.net\/2024\/01\/indiana-leaders-form-coalition-to-build-grow-youth-apprenticeship\/#primaryimage","url":"https:\/\/old.rmff.wrhosting.net\/wp-content\/uploads\/2024\/01\/RMFF-143_NewsImages_696x366_Vitality.jpg","contentUrl":"https:\/\/old.rmff.wrhosting.net\/wp-content\/uploads\/2024\/01\/RMFF-143_NewsImages_696x366_Vitality.jpg","width":1450,"height":762},{"@type":"BreadcrumbList","@id":"https:\/\/old.rmff.wrhosting.net\/2024\/01\/indiana-leaders-form-coalition-to-build-grow-youth-apprenticeship\/#breadcrumb","itemListElement":[{"@type":"ListItem","position":1,"name":"Home","item":"https:\/\/old.rmff.wrhosting.net\/"},{"@type":"ListItem","position":2,"name":"Indiana leaders form coalition to build, grow youth apprenticeship"}]},{"@type":"WebSite","@id":"https:\/\/old.rmff.wrhosting.net\/#website","url":"https:\/\/old.rmff.wrhosting.net\/","name":"Fundaci\u00f3n Richard M. Fairbanks","description":"Promover la vitalidad de Indian\u00e1polis y el bienestar de su gente.","potentialAction":[{"@type":"SearchAction","target":{"@type":"EntryPoint","urlTemplate":"https:\/\/old.rmff.wrhosting.net\/?s={search_term_string}"},"query-input":{"@type":"PropertyValueSpecification","valueRequired":true,"valueName":"search_term_string"}}],"inLanguage":"es"},{"@type":"Person","@id":"https:\/\/old.rmff.wrhosting.net\/#\/schema\/person\/b9b457f46976a7df932bc8f5cd932a2b","name":"RMFF Staff","image":{"@type":"ImageObject","inLanguage":"es","@id":"https:\/\/old.rmff.wrhosting.net\/#\/schema\/person\/image\/","url":"https:\/\/secure.gravatar.com\/avatar\/12c7a6f2976d144ddd06770e26358ad375903bd67a5780c9e3f58914c92511a7?s=96&d=mm&r=g","contentUrl":"https:\/\/secure.gravatar.com\/avatar\/12c7a6f2976d144ddd06770e26358ad375903bd67a5780c9e3f58914c92511a7?s=96&d=mm&r=g","caption":"RMFF Staff"},"url":"https:\/\/old.rmff.wrhosting.net\/es\/author\/admin\/"}]}},"_links":{"self":[{"href":"https:\/\/old.rmff.wrhosting.net\/es\/wp-json\/wp\/v2\/posts\/13416","targetHints":{"allow":["GET"]}}],"collection":[{"href":"https:\/\/old.rmff.wrhosting.net\/es\/wp-json\/wp\/v2\/posts"}],"about":[{"href":"https:\/\/old.rmff.wrhosting.net\/es\/wp-json\/wp\/v2\/types\/post"}],"author":[{"embeddable":true,"href":"https:\/\/old.rmff.wrhosting.net\/es\/wp-json\/wp\/v2\/users\/7"}],"replies":[{"embeddable":true,"href":"https:\/\/old.rmff.wrhosting.net\/es\/wp-json\/wp\/v2\/comments?post=13416"}],"version-history":[{"count":19,"href":"https:\/\/old.rmff.wrhosting.net\/es\/wp-json\/wp\/v2\/posts\/13416\/revisions"}],"predecessor-version":[{"id":13581,"href":"https:\/\/old.rmff.wrhosting.net\/es\/wp-json\/wp\/v2\/posts\/13416\/revisions\/13581"}],"wp:featuredmedia":[{"embeddable":true,"href":"https:\/\/old.rmff.wrhosting.net\/es\/wp-json\/wp\/v2\/media\/13367"}],"wp:attachment":[{"href":"https:\/\/old.rmff.wrhosting.net\/es\/wp-json\/wp\/v2\/media?parent=13416"}],"wp:term":[{"taxonomy":"category","embeddable":true,"href":"https:\/\/old.rmff.wrhosting.net\/es\/wp-json\/wp\/v2\/categories?post=13416"},{"taxonomy":"post_tag","embeddable":true,"href":"https:\/\/old.rmff.wrhosting.net\/es\/wp-json\/wp\/v2\/tags?post=13416"}],"curies":[{"name":"wp","href":"https:\/\/api.w.org\/{rel}","templated":true}]}}