{"id":13416,"date":"2024-01-23T07:30:00","date_gmt":"2024-01-23T12:30:00","guid":{"rendered":"https:\/\/www.rmff.org\/?p=13416"},"modified":"2024-02-19T11:25:57","modified_gmt":"2024-02-19T16:25:57","slug":"indiana-leaders-form-coalition-to-build-grow-youth-apprenticeship","status":"publish","type":"post","link":"https:\/\/old.rmff.wrhosting.net\/de\/2024\/01\/indiana-leaders-form-coalition-to-build-grow-youth-apprenticeship\/","title":{"rendered":"Politiker des Bundesstaats Indiana gr\u00fcnden Koalition zum Aufbau und zur F\u00f6rderung der Berufsausbildung f\u00fcr Jugendliche"},"content":{"rendered":"<section class=\"container  block wordpress-block wordpress-heading core-heading\"><div class=\"row\"><div class=\"col-12\">\n<h2 class=\"wp-block-heading has-text-align-center\"><strong>Politiker des Bundesstaats Indiana gr\u00fcnden Koalition zum Aufbau und zur F\u00f6rderung der Berufsausbildung f\u00fcr Jugendliche<\/strong><\/h2>\n<\/div><\/div><\/section>\n\n<section class=\"aligncenter block wordpress-block wordpress-paragraph core-paragraph\">\n<p class=\"has-text-align-center\"><em>F\u00fchrungskr\u00e4fte aus Wirtschaft, Bildung, Politik und Philanthropie b\u00fcndeln ihre Kr\u00e4fte<br>zur L\u00f6sung der Krise bei der Personalentwicklung beitragen<\/em><\/p>\n<\/section>\n\n<section class=\"block wordpress-block wordpress-paragraph core-paragraph\">\n<p>INDIANAPOLIS, 23. Januar 2024 \u2013 Mehr als 100 F\u00fchrungspers\u00f6nlichkeiten aus Indiana, darunter Unternehmens-CEOs, Universit\u00e4tspr\u00e4sidenten, Schulleiter von K-12-Schulen und Regierungsbeamte des Bundesstaates, haben sich einer Koalition angeschlossen, um in Indiana ein landesweites, modernes Ausbildungssystem f\u00fcr Jugendliche zu entwickeln, das eine m\u00f6gliche L\u00f6sung f\u00fcr die zunehmende Arbeitsmarktkrise des Bundesstaates darstellen soll.&nbsp;<\/p>\n<\/section>\n\n<section class=\"block wordpress-block wordpress-paragraph core-paragraph\">\n<p>Die Gruppe hat vor kurzem ein 10-monatiges Implementierungslabor (iLab) gestartet, eine intensive Zusammenarbeit, die zu einem umfassenden, landesweiten Plan zur Erh\u00f6hung der Anzahl verf\u00fcgbarer moderner Ausbildungspl\u00e4tze f\u00fcr Jugendliche f\u00fchren soll. Das Ausbildungsmodell f\u00fcr Jugendliche erm\u00f6glicht Sch\u00fclern der 11. Klasse die Teilnahme an einem dreij\u00e4hrigen, bezahlten Work-and-Learn-Programm. Die Ausbildung gipfelt in einem Highschool-Diplom, College-Credits und einem Branchenzertifikat und bereitet die Sch\u00fcler gleichzeitig auf gefragte Berufe vor. CEMETS iLab Indiana ist die Idee von Ursula Renold, Ph.D., und Katie Caves, Ph.D., von der <a href=\"https:\/\/cemets.ethz.ch\/\" target=\"_blank\" rel=\"noreferrer noopener\">Zentrum f\u00fcr \u00d6konomie und Management von Bildungs- und Ausbildungssystemen<\/a> (CEMETS) an der ETH Z\u00fcrich, die als herausragende Experten in der Forschung und Umsetzung des Lernens am Arbeitsplatz gelten.&nbsp;<\/p>\n<\/section>\n\n<section class=\"block wordpress-block wordpress-paragraph core-paragraph\">\n<p>Indianas langj\u00e4hriger Mangel an Talenten hat sich w\u00e4hrend der Pandemie versch\u00e4rft und ist <a href=\"https:\/\/ascendindiana.com\/resources\/indianas-evolving-labor-market-full-report-2022\" target=\"_blank\" rel=\"noreferrer noopener\">projiziert<\/a> aufgrund der alternden Bev\u00f6lkerung zu erh\u00f6hen und nur ein <a href=\"https:\/\/www.hoosierdata.in.gov\/indicator\/ind.aspx?indicator_id=10&amp;indicator_geo=18000&amp;indicator_style=full&amp;indicator_mode=html\" target=\"_blank\" rel=\"noreferrer noopener\">63% Erwerbsbeteiligungsrate<\/a>. Dar\u00fcber hinaus sollen bis 2031 <a href=\"https:\/\/cew.georgetown.edu\/cew-reports\/projections2031\/\" target=\"_blank\" rel=\"noreferrer noopener\">72% Arbeitspl\u00e4tze<\/a> in den USA wird eine postsekund\u00e4re Ausbildung und\/oder Schulung erforderlich sein. Indiana ist nicht auf dem Weg, diesen Bedarf zu decken, mit nur <a href=\"https:\/\/www.rmff.org\/community-data-snapshot\/education\/\" target=\"_blank\" rel=\"noreferrer noopener\">39% von Hoosier-Erwachsenen<\/a> 25 Jahre und \u00e4lter mit einem Associate Degree oder h\u00f6her. Um die Sache noch komplizierter zu machen, sank die Zahl der College-Einschreibungen in Indiana von <a href=\"https:\/\/www.in.gov\/che\/college-readiness-reports\/\" target=\"_blank\" rel=\"noreferrer noopener\">65% im Jahr 2015 bis 53% im Jahr 2021<\/a>. Insgesamt erwerben pro High-School-Abschlussjahrgang nur etwa 301 Absolventen einen Hochschulabschluss \u2013 das hei\u00dft, 701 Absolventen betreten den Arbeitsmarkt ohne Abschluss oder Qualifikation.&nbsp;<\/p>\n<\/section>\n\n<section class=\"block wordpress-block wordpress-paragraph core-paragraph\">\n<p>\u201eWir m\u00fcssen mutige Ma\u00dfnahmen ergreifen, um Indianas Bildungs- und Personalentwicklungssystem zu reformieren und so bessere Ergebnisse f\u00fcr Einzelpersonen, Arbeitgeber und die Wirtschaft des Staates zu erzielen\u201c, sagte David Becker, Vorsitzender und CEO von <a href=\"https:\/\/www.firstib.com\/\" target=\"_blank\" rel=\"noreferrer noopener\">Erste Internetbank<\/a> und Co-Vorsitzender von CEMETS iLab Indiana. \u201eIndem wir diese beispiellose Koalition bilden und die Ausbildungsm\u00f6glichkeiten erh\u00f6hen, k\u00f6nnen wir die Entwicklung der Arbeitsmarktprobleme in Indiana \u00e4ndern und die Wirtschaft unseres Staates st\u00e4rken.\u201c&nbsp;&nbsp;<\/p>\n<\/section>\n\n<section class=\"block wordpress-block wordpress-paragraph core-paragraph\">\n<p>Die Mitglieder des iLab \u2013 <a href=\"#members\">nachfolgend aufgef\u00fchrten<\/a> \u2013 darunter F\u00fchrungskr\u00e4fte aus Wirtschaft, Bildung, Regierung und Philanthropie, von denen viele w\u00e4hrend einer Indy Chamber Leadership Exchange-Reise im September 2023, um das Schweizer System in Aktion zu sehen, zu Unterst\u00fctzern der modernen Jugendlehrlingsbewegung wurden. Die Schweizer sind international f\u00fcr ihr System anerkannt, wobei zwei Drittel der 10. Kl\u00e4ssler aus etwa 250 verschiedenen Berufen aus allen Wirtschaftssektoren eine drei- oder vierj\u00e4hrige bezahlte Lehre beginnen.&nbsp;<\/p>\n<\/section>\n\n<section class=\"block wordpress-block wordpress-paragraph core-paragraph\">\n<p>W\u00e4hrend der Reise sprach Claire Fiddian-Green, Pr\u00e4sidentin und CEO der <a href=\"https:\/\/www.rmff.org\/\" target=\"_blank\" rel=\"noreferrer noopener\">Richard M. Fairbanks-Stiftung<\/a> und Co-Vorsitzender des iLab, k\u00fcndigte eine F\u00f6rderung von $180.000 an, die es CEMETS erm\u00f6glichen w\u00fcrde, ein iLab in Indiana zu betreiben. \u201eDas CEMETS iLab Indiana wird Interessenvertreter unterst\u00fctzen, die daran arbeiten, moderne Ausbildungsprogramme f\u00fcr Jugendliche sowohl in der Region Indianapolis als auch landesweit auszuweiten\u201c, sagte Fiddian-Green. \u201eIndem wir Indiana zu einem f\u00fchrenden Land im Bereich des arbeitsplatzbasierten Lernens machen, wollen wir zu einem Top-Ziel f\u00fcr Arbeitgeber werden, die bestehende Unternehmen erweitern m\u00f6chten, und f\u00fcr Unternehmer, die neue Unternehmen gr\u00fcnden m\u00f6chten.\u201c&nbsp;<\/p>\n<\/section>\n\n<section class=\"block wordpress-block wordpress-paragraph core-paragraph\">\n<p>Die Mitglieder des iLab sind in Aussch\u00fcsse aufgeteilt, die sich auf die Rollen der relevanten Interessengruppen konzentrieren \u2013 Arbeitgeber, Highschools und Hochschulen. Das iLab konzentriert sich speziell auf die Frage, wie die Ausbildung von Jugendlichen in drei Branchengruppen \u2013 Banken und Versicherungen, Biowissenschaften und Gesundheitswesen sowie moderne Fertigung \u2013 ausgeweitet werden kann. Alle drei Branchen sind mit einem zunehmenden Mangel an Talenten konfrontiert. Ein weiteres wichtiges Ergebnis des iLab ist die Empfehlung einer Verwaltungs- und Betriebsstruktur, die die Arbeit zur Ausweitung der Ausbildung von Jugendlichen im gesamten Bundesstaat \u00fcberwachen kann und schlie\u00dflich alle Sektoren der Wirtschaft von Indiana umfasst.&nbsp;&nbsp;<\/p>\n<\/section>\n\n<section class=\"block wordpress-block wordpress-paragraph core-paragraph\">\n<p>Aufgrund der langj\u00e4hrigen Investitionen der Fairbanks Foundation in die Einf\u00fchrung eines modernen Ausbildungssystems f\u00fcr Jugendliche in Indiana kann diese ihr Fachwissen einbringen und in Partnerschaft mit der CEMETS-Leitung das iLab von der Konzeption bis zur Fertigstellung betreuen. <a href=\"https:\/\/ascendindiana.com\/\" target=\"_blank\" rel=\"noreferrer noopener\">Aufstieg nach Indiana<\/a>, die Initiative zur Talent- und Personalentwicklung von <a href=\"https:\/\/www.cicpindiana.com\/\" target=\"_blank\" rel=\"noreferrer noopener\">Unternehmenspartnerschaft mit Zentral-Indiana<\/a>, bietet Projektmanagement f\u00fcr iLab-Komitees, bietet Branchenf\u00fchrern die M\u00f6glichkeit, Lehrlingsausbildungen in der Praxis kennenzulernen und koordiniert Zusammenk\u00fcnfte der iLab-Interessengruppen. <a href=\"https:\/\/indychamber.com\/\" target=\"_blank\" rel=\"noreferrer noopener\">Die Indy-Kammer<\/a> f\u00fchrt zur Unterst\u00fctzung der Arbeit des iLab eine Branchen-Berufsanalyse durch und wird einen Plan entwickeln, wie Arbeitgebern und anderen Interessenvertretern die moderne Berufsausbildung f\u00fcr Jugendliche vermittelt werden kann.&nbsp;<\/p>\n<\/section>\n\n<section class=\"block wordpress-block wordpress-paragraph core-paragraph\">\n<p>Zur Finanzierung der Verwaltung des iLab vergab die Fairbanks Foundation einen Zuschuss von $100.000 an die Indy Chamber, und ein Teil des bestehenden Zuschusses der Fairbanks Foundation von $6 Millionen an Ascend Indiana wird zur Finanzierung ihrer Arbeit mit dem iLab verwendet. Ascend wird auch branchenspezifische Reisen f\u00fcr iLab-Komiteemitglieder unterst\u00fctzen.&nbsp;<\/p>\n<\/section>\n\n<section class=\"block wordpress-block wordpress-paragraph core-paragraph\">\n<p>\u201eiLab Indiana ist der Schl\u00fcssel, um unserem Staat die M\u00f6glichkeit zu geben, den Bedarf an Talenten zu decken, indem es viel mehr Jugendlichen arbeitsplatzbezogene Lernm\u00f6glichkeiten bietet\u201c, sagte Melina Kennedy, CEO von Central Indiana Corporate Partnership. \u201eCICP ist gut aufgestellt, um diese Koalition durch seine Brancheninitiativen zu unterst\u00fctzen. Dar\u00fcber hinaus bringt Ascend eine einzigartige Perspektive mit, um diese Bem\u00fchungen zu koordinieren, da es \u00fcber seine Expertise als Vermittler im Arbeitsmarkt verf\u00fcgt und auch eine landesweite Community of Practice f\u00fcr die Ausbildung von Jugendlichen einberuft.\u201c&nbsp;<\/p>\n<\/section>\n\n<section class=\"block wordpress-block wordpress-paragraph core-paragraph\">\n<p>\u201eUnser derzeitiges System erf\u00fcllt weder die Bed\u00fcrfnisse der Studenten, Arbeitgeber noch des Staates. Das moderne Ausbildungsmodell f\u00fcr Jugendliche ist eine einmalige Gelegenheit, in einheimische Talente aus Indiana zu investieren und die Bed\u00fcrfnisse der Wirtschaft von morgen zu erf\u00fcllen\u201c, sagte Matt Mindrum, Pr\u00e4sident und CEO der Indy Chamber. \u201eGemeinsam k\u00f6nnen wir Indiana als Vorreiter und Innovator in der Bildungsreform und der Entwicklung der Arbeitskr\u00e4fte positionieren.\u201c&nbsp;<\/p>\n<\/section>\n\n<section class=\"block wordpress-block wordpress-paragraph core-paragraph\">\n<p>Das ultimative Ziel von CEMETS iLab Indiana ist es, sicherzustellen, dass bis 2034 jeder Student und erwachsene Lernende in Indiana Zugang zu hochwertigen Bildungs- und Ausbildungsm\u00f6glichkeiten hat. Das Erreichen dieses Ziels wird es allen Einwohnern von Indiana erm\u00f6glichen, ihre Leidenschaften zu entdecken, ihr volles Potenzial auszusch\u00f6pfen und einen bedeutenden Beitrag zur wirtschaftlichen und gesellschaftlichen Vitalit\u00e4t ihrer Gemeinden zu leisten.&nbsp;<\/p>\n<\/section>\n\n<section class=\"container  block wordpress-block wordpress-heading core-heading\"><div class=\"row\"><div class=\"col-12\">\n<h2 class=\"wp-block-heading has-text-align-center\" id=\"members\">###<\/h2>\n<\/div><\/div><\/section>\n\n<section class=\"aligncenter block wordpress-block wordpress-paragraph core-paragraph\">\n<p class=\"has-text-align-center\"><em>Hinweis: Diese Liste ist auf dem Stand vom 16. Februar 2024.<\/em><\/p>\n<\/section>\n\n<section class=\"container  block wordpress-block wordpress-table core-table\"><div class=\"row\"><div class=\"col-12\">\n<figure class=\"wp-block-table\"><table><tbody><tr><td colspan=\"2\"><strong>LEITUNGSKOMITEE<\/strong><\/td><\/tr><tr><td><strong>David Becker, Co-Vorsitzender<\/strong>&nbsp;<\/td><td><strong>Vorsitzender und CEO, First Internet Bank<\/strong>&nbsp;<\/td><\/tr><tr><td><strong>Claire Fiddian-Green, Co-Vorsitzende<\/strong>&nbsp;<\/td><td><strong>Pr\u00e4sident und CEO, Richard M. Fairbanks Foundation<\/strong>&nbsp;<\/td><\/tr><tr><td>Senator Rod Bray&nbsp;<\/td><td>Pr\u00e4sident pro tempore des Senats von Indiana, Distrikt 37&nbsp;<\/td><\/tr><tr><td>Jeff Harrison&nbsp;<\/td><td>Pr\u00e4sident und CEO, Citizens Energy Group&nbsp;<\/td><\/tr><tr><td>Abgeordneter Todd Huston&nbsp;<\/td><td>Sprecher des Repr\u00e4sentantenhauses von Indiana, Distrikt 37&nbsp;<\/td><\/tr><tr><td>Katie Jenner&nbsp;<\/td><td>Bildungsminister von Indiana&nbsp;<\/td><\/tr><tr><td>Melina Kennedy&nbsp;<\/td><td>CEO, Central Indiana Community Partnership&nbsp;<\/td><\/tr><tr><td>Chris Lowery&nbsp;<\/td><td>Indiana-Beauftragter f\u00fcr Hochschulbildung&nbsp;<\/td><\/tr><tr><td>Matt Mindrum&nbsp;<\/td><td>Pr\u00e4sident und CEO, Indy Chamber&nbsp;<\/td><\/tr><tr><td>Mario Rodriguez&nbsp;<\/td><td>Gesch\u00e4ftsf\u00fchrender Direktor, Indianapolis Airport Authority&nbsp;<\/td><\/tr><tr><td>Pamela Whitten&nbsp;<\/td><td>Pr\u00e4sident, Indiana University&nbsp;<\/td><\/tr><tr><td colspan=\"2\"><strong>INDUSTRIEKOMITEE<\/strong><\/td><\/tr><tr><td><strong>Mike Ash, Co-Vorsitzender<\/strong>&nbsp;<\/td><td><strong>R<\/strong><strong>Regionalpr\u00e4sident, Fifth Third Bank<\/strong>&nbsp;&nbsp;&nbsp;&nbsp;&nbsp;&nbsp; &nbsp;<\/td><\/tr><tr><td><strong>Dennis Murphy, Co-Vorsitzender<\/strong>&nbsp;<\/td><td><strong>Pr\u00e4sident und CEO, Indiana University Health<\/strong>&nbsp;<\/td><\/tr><tr><td colspan=\"2\"><strong>Bankwesen<\/strong>&nbsp;<\/td><\/tr><tr><td>Scott Bove&nbsp;<\/td><td>Pr\u00e4sident der Region S\u00fcd, Star Financial Bank&nbsp;<\/td><\/tr><tr><td>Kyra Clark&nbsp;<\/td><td>SVP und Personalleiter, Lake City Bank&nbsp;<\/td><\/tr><tr><td>Angie Dane&nbsp;<\/td><td>SVP, Personalleiter, Star Financial Bank&nbsp;<\/td><\/tr><tr><td>Jason Eckerle&nbsp;<\/td><td>Regionalpr\u00e4sident, Zentral- und S\u00fcd-Indiana, PNC Bank&nbsp;<\/td><\/tr><tr><td>David Findlay&nbsp;<\/td><td>Vorsitzender und CEO, Lake City Bank&nbsp;<\/td><\/tr><tr><td>Juan Gonz\u00e1lez&nbsp;<\/td><td>Pr\u00e4sident, Central Indiana, KeyBank&nbsp;<\/td><\/tr><tr><td>Steve Harris&nbsp;<\/td><td>Leitender Vizepr\u00e4sident und Personalleiter, First Merchants Bank&nbsp;<\/td><\/tr><tr><td>Annie Hills&nbsp;<\/td><td>Stabschef, Old National Bank&nbsp;<\/td><\/tr><tr><td>Carrie Houston&nbsp;<\/td><td>Erster Vizepr\u00e4sident und Personalchef, The National Bank of Indianapolis&nbsp;<\/td><\/tr><tr><td>Jon Loftin&nbsp;<\/td><td>Pr\u00e4sident und COO, MJ Insurance&nbsp;<\/td><\/tr><tr><td>Lucia Mar&nbsp;<\/td><td>Leitender Vizepr\u00e4sident und Marktleiter, Bank of America&nbsp;<\/td><\/tr><tr><td>Ann Merkel&nbsp;<\/td><td>SVP und Chief Market Development Officer, The National Bank of Indianapolis&nbsp;<\/td><\/tr><tr><td>Lorraine Ortiz&nbsp;<\/td><td>Erster Vizepr\u00e4sident, Chief People Officer, First Internet Bank&nbsp;<\/td><\/tr><tr><td>James Ryan III&nbsp;<\/td><td>CEO, Old National Bank&nbsp;<\/td><\/tr><tr><td>Jake Sappenfield&nbsp;<\/td><td>Pr\u00e4sident des kommerziellen Marktes, First Financial Bank&nbsp;<\/td><\/tr><tr><td>Robert Senz&nbsp;<\/td><td>Leitender Vizepr\u00e4sident, Talentmanagement, PNC Bank&nbsp;<\/td><\/tr><tr><td>Michael Stewart&nbsp;<\/td><td>Pr\u00e4sident, First Merchants Corporation und First Merchants Bank&nbsp;<\/td><\/tr><tr><td>Amber Van Til&nbsp;<\/td><td>Pr\u00e4sident und CEO, Indiana Bankers Association&nbsp;<\/td><\/tr><tr><td colspan=\"2\"><strong>Versicherung<\/strong>&nbsp;<\/td><\/tr><tr><td>Scott Davison&nbsp;<\/td><td>Vorsitzender, Pr\u00e4sident und CEO, OneAmerica&nbsp;<\/td><\/tr><tr><td>Amanda Pennington&nbsp;<\/td><td>Vizepr\u00e4sident f\u00fcr Vertriebsunterst\u00fctzung, UnitedHealth Group&nbsp;<\/td><\/tr><tr><td>Karin Sarratt&nbsp;<\/td><td>Ausf\u00fchrender Vizepr\u00e4sident, OneAmerica&nbsp;<\/td><\/tr><tr><td>Kim Thomas&nbsp;<\/td><td>Vizepr\u00e4sident, Diversit\u00e4t, Gleichberechtigung, Inklusion und Gemeinschaftsangelegenheiten, OneAmerica&nbsp;<\/td><\/tr><tr><td>Kevin Wheeler&nbsp;<\/td><td>Vertreter des Indiana Insurance Industry Training Consortium&nbsp;<\/td><\/tr><tr><td colspan=\"2\"><strong>Gesundheitspflege<\/strong><\/td><\/tr><tr><td>Karly Cope&nbsp;<\/td><td>Vizepr\u00e4sident f\u00fcr Talentmanagement, Community Health Network&nbsp;<\/td><\/tr><tr><td>Nancy Foster&nbsp;<\/td><td>Marktleiter Personalwesen, Ascension St. Vincent&nbsp;<\/td><\/tr><tr><td>Kreg Gruber&nbsp;<\/td><td>CEO, Beacon Health System&nbsp;<\/td><\/tr><tr><td>Lisa Harris, MD&nbsp;<\/td><td>CEO, Eskenazi Health&nbsp;<\/td><\/tr><tr><td>Christia Hicks&nbsp;<\/td><td>Personalleiter, Eskenazi Health&nbsp;<\/td><\/tr><tr><td>Erin LaCross, DNP, RN, NEA-BC, CENP&nbsp;<\/td><td>Leitender Vizepr\u00e4sident, berufliche Weiterbildung im Pflegebereich, Parkview Health&nbsp;<\/td><\/tr><tr><td>Melinda Lebofsky&nbsp;<\/td><td>Leitender Vizepr\u00e4sident, Personalleiter, Deaconess Health System&nbsp;<\/td><\/tr><tr><td>Michelle Mahaffey&nbsp;<\/td><td>Personalleiter, Community Health Network&nbsp;<\/td><\/tr><tr><td>Michael Schroyer, RN, MSN, FACHE&nbsp;<\/td><td>Pr\u00e4sident, Baptist Health Floyd&nbsp;<\/td><\/tr><tr><td>Adrienne D. Sims&nbsp;<\/td><td>Leitender Vizepr\u00e4sident, Personalleiter, Indiana University Health&nbsp;<\/td><\/tr><tr><td>Maria Jo Smith&nbsp;<\/td><td>Leitender Vizepr\u00e4sident f\u00fcr Personalwesen, Franciscan Alliance&nbsp;<\/td><\/tr><tr><td>Ram Yeleti, MD&nbsp;<\/td><td>Leitender Vizepr\u00e4sident, leitender Arzt, Community Health Network&nbsp;<\/td><\/tr><tr><td colspan=\"2\"><strong>Biowissenschaften<\/strong><\/td><\/tr><tr><td>Bridget Boyle&nbsp;<\/td><td>Leiter People &amp; Culture, Roche Diagnostics&nbsp;<\/td><\/tr><tr><td>Kelly Copes-Anderson&nbsp;<\/td><td>Vizepr\u00e4sident und globaler Leiter f\u00fcr Diversit\u00e4t, Gleichberechtigung und Inklusion, Eli Lilly and Company&nbsp;<\/td><\/tr><tr><td>Travis Christman&nbsp;<\/td><td>Vizepr\u00e4sident f\u00fcr Qualit\u00e4t und Regulierung, Medartis&nbsp;<\/td><\/tr><tr><td>Allyn Decker&nbsp;<\/td><td>Vizepr\u00e4sident f\u00fcr Betrieb und Engagement, OrthoWorx Indiana&nbsp;<\/td><\/tr><tr><td>Trevor Foughty&nbsp;<\/td><td>Vizepr\u00e4sident f\u00fcr \u00f6ffentliche Angelegenheiten, Heartland BioWorks&nbsp;<\/td><\/tr><tr><td>Erin Hughes&nbsp;<\/td><td>Leitender Personalmanager, Medartis&nbsp;<\/td><\/tr><tr><td>Matthew Linville&nbsp;<\/td><td>Leitender Direktor, Personalwesen, Zimmer Biomet&nbsp;<\/td><\/tr><tr><td>Erin Serafino&nbsp;<\/td><td>Talentdirektor, OrthoWorx Indiana&nbsp;<\/td><\/tr><tr><td>Maurice Taylor&nbsp;<\/td><td>Gesch\u00e4ftsf\u00fchrer, Talentgewinnung, Rekrutierungsmarketing und Mitarbeiterbeteiligungsprogramme, Eli Lilly and Company&nbsp;<\/td><\/tr><tr><td>Robert Vitoux&nbsp;<\/td><td>Pr\u00e4sident und CEO, OrthoWorx Indiana&nbsp;<\/td><\/tr><tr><td>Vince Wong&nbsp;<\/td><td>Pr\u00e4sident und CEO, BioCrossroads&nbsp;<\/td><\/tr><tr><td colspan=\"2\"><strong>Fortschrittliche Fertigung<\/strong>&nbsp;<\/td><\/tr><tr><td>Vertreter&nbsp;<\/td><td>Subaru Impreza&nbsp;<\/td><\/tr><tr><td>Katrin Gerig&nbsp;<\/td><td>Vizepr\u00e4sident f\u00fcr Personalwesen, Telamon&nbsp;<\/td><\/tr><tr><td>Dannette Howard&nbsp;&nbsp;<\/td><td>Globaler Bildungsdirektor, Unternehmensverantwortung, Cummins, Inc.&nbsp;&nbsp;&nbsp;&nbsp;<\/td><\/tr><tr><td>Mark Murphy&nbsp;<\/td><td>Pr\u00e4sident, PRD, Inc.&nbsp;<\/td><\/tr><tr><td>Maribeth Nelson&nbsp;<\/td><td>Personalmanager, Precision Medical Technologies&nbsp;<\/td><\/tr><tr><td>Nicole Otte&nbsp;<\/td><td>Direktor f\u00fcr Personalentwicklung, Endress+Hauser USA&nbsp;<\/td><\/tr><tr><td>Josh Wilber&nbsp;<\/td><td>Personalleiter, Grote Industries&nbsp;<\/td><\/tr><tr><td colspan=\"2\"><strong>Staatliche und zwischengeschaltete Partner<\/strong>&nbsp;<\/td><\/tr><tr><td>Tony Denhart&nbsp;<\/td><td>Ausf\u00fchrender Vizepr\u00e4sident, Arbeitskr\u00e4fte und Talente, Indiana Economic Development Corporation&nbsp;<\/td><\/tr><tr><td>Carrie Lebhaft&nbsp;<\/td><td>Gesch\u00e4ftsf\u00fchrender Direktor, The Pursuit Institute&nbsp;<\/td><\/tr><tr><td>Michi McClaine&nbsp;<\/td><td>Vizepr\u00e4sident f\u00fcr Talententwicklung, Regionale Chanceninitiativen&nbsp;<\/td><\/tr><tr><td>Matt Mindrum&nbsp;<\/td><td>Pr\u00e4sident und CEO, Indy Chamber&nbsp;<\/td><\/tr><tr><td>Richard Paulk&nbsp;<\/td><td>Beauftragter, Indiana Department of Workforce Development&nbsp;<\/td><\/tr><tr><td>David Rosenberg&nbsp;<\/td><td>Handelsminister, Indiana Economic Development Corporation&nbsp;<\/td><\/tr><tr><td>Vanessa Green Sinders&nbsp;<\/td><td>Pr\u00e4sident und CEO, Handelskammer von Indiana&nbsp;<\/td><\/tr><tr><td>Jay Styles&nbsp;<\/td><td>Senior Vice President, Partnerschaften und Talentverbindungen, EmployIndy&nbsp;<\/td><\/tr><tr><td colspan=\"2\"><strong>AUSSCHUSS DER OBERSCHULE<\/strong><\/td><\/tr><tr><td><strong>Dan Funston, Co-Vorsitzender<\/strong>&nbsp;<\/td><td><strong>S<\/strong><strong>Oberaufseher, Concord Community Schools<\/strong>&nbsp;<\/td><\/tr><tr><td><strong>Kent Kramer, Co-Vorsitzender<\/strong>&nbsp;<\/td><td><strong>Pr\u00e4sident und CEO, Goodwill of Central &amp; Southern Indiana<\/strong>&nbsp;<\/td><\/tr><tr><td colspan=\"2\"><strong>Bezirke oder Charter-Schulnetzwerke<\/strong><\/td><\/tr><tr><td>Andy Allen&nbsp;<\/td><td>Schulleiter der Batesville Community School Corporation&nbsp;<\/td><\/tr><tr><td>Adam Barton&nbsp;<\/td><td>Schulleiter der High School, Eastern Hancock Community School Corporation&nbsp;<\/td><\/tr><tr><td>Tara Bischof&nbsp;<\/td><td>Superintendent, Perry Central Community Schools&nbsp;<\/td><\/tr><tr><td>Dr. Jeff Butts&nbsp;<\/td><td>Superintendent, MSD Wayne Township&nbsp;<\/td><\/tr><tr><td>Rebecca Daugherty-Saunders&nbsp;<\/td><td>Bezirksdirektor f\u00fcr College- und Karrierevorbereitung, MSD Wayne Township&nbsp;<\/td><\/tr><tr><td>Betsy Delgado&nbsp;<\/td><td>Leitender Vizepr\u00e4sident und Chief Mission und Education Officer, Goodwill of Central &amp; Southern Indiana&nbsp;<\/td><\/tr><tr><td>Jody Franz\u00f6sisch&nbsp;<\/td><td>Schulleiter der Junior\/Sr. High School, Perry Central Community Schools&nbsp;<\/td><\/tr><tr><td>David Hoffert&nbsp;<\/td><td>Superintendent, Warsaw Community Schools&nbsp;<\/td><\/tr><tr><td>Andrea Huff&nbsp;<\/td><td>Superintendent, Barr-Reeve Community Schools&nbsp;<\/td><\/tr><tr><td>Dr. Aleesia Johnson&nbsp;<\/td><td>Superintendent, \u00d6ffentliche Schulen von Indianapolis&nbsp;<\/td><\/tr><tr><td>Lisa Kendall&nbsp;<\/td><td>Stellvertretender Superintendent f\u00fcr Bildungsprogramme, Concord Community Schools&nbsp;<\/td><\/tr><tr><td>Paul Ketcham&nbsp;<\/td><td>Superintendent, Batesville Community School Corporation&nbsp;<\/td><\/tr><tr><td>Melissa Kissling&nbsp;<\/td><td>Manager f\u00fcr College- und Karriereverbindungen, Warsaw Community Schools&nbsp;<\/td><\/tr><tr><td>Robert McDermott&nbsp;<\/td><td>Stellvertretender Superintendent, Duneland School Corporation&nbsp;<\/td><\/tr><tr><td>Chip Pettit&nbsp;<\/td><td>Superintendent, Duneland School Corporation&nbsp;<\/td><\/tr><tr><td>Dr. George Philhower&nbsp;<\/td><td>Superintendent, Eastern Hancock Community School Corporation&nbsp;<\/td><\/tr><tr><td>Tim Pletcher&nbsp;<\/td><td>Schulleiter der Baugo Community Schools&nbsp;<\/td><\/tr><tr><td>Byron Sanders&nbsp;<\/td><td>Superintendent, Baugo Community Schools&nbsp;<\/td><\/tr><tr><td>Dr. Keanna Warren&nbsp;<\/td><td>CEO, Purdue Polytechnic High Schools&nbsp;<\/td><\/tr><tr><td>BJ Watts&nbsp;<\/td><td>OptIN-Gesch\u00e4ftsf\u00fchrer, Evansville-Vanderburgh School Corporation&nbsp;<\/td><\/tr><tr><td colspan=\"2\"><strong>Staatliche und zwischengeschaltete Partner<\/strong><\/td><\/tr><tr><td>Beth Bray&nbsp;<\/td><td>Programmverantwortlicher, Bildungsprogramm, Walton Family Foundation&nbsp;<\/td><\/tr><tr><td>Jason Callahan&nbsp;<\/td><td>Stellvertretender Minister f\u00fcr Studienwege und -chancen, Bildungsministerium von Indiana&nbsp;<\/td><\/tr><tr><td>Erika Seydel Cheney&nbsp;<\/td><td>Vizepr\u00e4sidentin, K-12 Berufsbezogenes Lernen, EmployIndy&nbsp;<\/td><\/tr><tr><td>Todd Hurst&nbsp;<\/td><td>Gesch\u00e4ftsf\u00fchrender Direktor, Institute for Workforce Excellence, Handelskammer von Indiana&nbsp;<\/td><\/tr><tr><td>Sarah Koontz&nbsp;<\/td><td>Direktor f\u00fcr Berufsausbildungen f\u00fcr Jugendliche von CareerWise, CareerWise Elkhart County&nbsp;<\/td><\/tr><tr><td>Dr. Katie Lash&nbsp;<\/td><td>Vizepr\u00e4sident f\u00fcr K-14 und strategische Initiativen, Ivy Tech Community College&nbsp;<\/td><\/tr><tr><td colspan=\"2\"><strong>HOCHSCHULAUSSCHUSS<\/strong><\/td><\/tr><tr><td><strong>S<\/strong><strong>ue Ellspermann, Co-Vorsitzende<\/strong>&nbsp;<\/td><td><strong>P<\/strong><strong>Bewohner, Ivy Tech Community College<\/strong>&nbsp;<\/td><\/tr><tr><td><strong>Ken<\/strong><strong>mit Britt, Co-Vorsitzende<\/strong>&nbsp;<\/td><td><strong>COO und Kanzler, Marian University<\/strong>&nbsp;<\/td><\/tr><tr><td colspan=\"2\"><strong>Hochschulen<\/strong>&nbsp;<\/td><\/tr><tr><td>Melissa Beckwith&nbsp;<\/td><td>Chief Strategy Officer, Butler University&nbsp;<\/td><\/tr><tr><td>Daniel Castro-Lacouture&nbsp;<\/td><td>Dekan, Purdue Polytechnic Institute&nbsp;<\/td><\/tr><tr><td>Molly Dodge&nbsp;<\/td><td>Senior Vice President, Arbeitskr\u00e4fte und Karrieren, Ivy Tech Community College&nbsp;<\/td><\/tr><tr><td>Sean Huddleston&nbsp;<\/td><td>Pr\u00e4sident, Martin University&nbsp;<\/td><\/tr><tr><td>Dottie K\u00f6nig&nbsp;<\/td><td>Pr\u00e4sident und CEO, Independent Colleges of Indiana&nbsp;<\/td><\/tr><tr><td>Andrew Kocher&nbsp;<\/td><td>Vizepr\u00e4sident f\u00fcr Unternehmens- und Gemeinschaftspartnerschaften, University of Indianapolis&nbsp;<\/td><\/tr><tr><td>Leah Nellis&nbsp;<\/td><td>Vizekanzler f\u00fcr Innovation und Sonderprojekte; Strategischer Leiter f\u00fcr akademische Initiativen, IU Office of School Partnerships; Professor f\u00fcr P\u00e4dagogik, Indiana University&nbsp;<\/td><\/tr><tr><td>Dr. Lori Pence&nbsp;<\/td><td>Stellvertretender Provost f\u00fcr K-12-Programme und Partnerschaften, Vincennes University&nbsp;<\/td><\/tr><tr><td colspan=\"2\"><strong>Staatliche und zwischengeschaltete Partner<\/strong>&nbsp;<\/td><\/tr><tr><td>Michelle Ashcraft&nbsp;<\/td><td>Leitender stellvertretender Beauftragter und leitender Programmbeauftragter der Indiana Commission for Higher Education&nbsp;<\/td><\/tr><tr><td>Jason Bearce&nbsp;<\/td><td>Vizepr\u00e4sident, Bildung und Personalentwicklung, Handelskammer von Indiana&nbsp;<\/td><\/tr><tr><td>Betsy Revell&nbsp;<\/td><td>Senior Vice President, Karriere<em>&#8211;<\/em>Vernetztes Lernen, EmployIndy&nbsp;<\/td><\/tr><tr><td>Brian Wiebe&nbsp;<\/td><td>Pr\u00e4sident und CEO, Horizon Education Alliance&nbsp;<\/td><\/tr><tr><td colspan=\"2\"><strong>POLITIKAUSSCHUSS<\/strong><\/td><\/tr><tr><td><strong>Abgeordneter Bob Behning,<\/strong><strong> Co-Vorsitzender<\/strong>&nbsp;<\/td><td><strong>Vorsitzender des Bildungsausschusses des Repr\u00e4sentantenhauses von Indiana, Wahlkreis 91<\/strong>&nbsp;<\/td><\/tr><tr><td><strong>Senator Jeff Raatz,<\/strong><strong> Co-Vorsitzender<\/strong>&nbsp;<\/td><td><strong>Vorsitzender des Ausschusses f\u00fcr Bildung und berufliche Entwicklung, Senatsbezirk 27 von Indiana<\/strong>&nbsp;<\/td><\/tr><tr><td colspan=\"2\"><strong>Mandatstr\u00e4ger<\/strong>&nbsp;<\/td><\/tr><tr><td>Senatorin Andrea Hunley&nbsp;<\/td><td>Senator, Indiana Senatsbezirk 46&nbsp;<\/td><\/tr><tr><td>Vertreterin Julie McGuire&nbsp;<\/td><td>Abgeordneter, Indiana House District 93&nbsp;<\/td><\/tr><tr><td>Abgeordneter Vernon Smith&nbsp;<\/td><td>Abgeordneter, Indiana House District 14&nbsp;<\/td><\/tr><tr><td colspan=\"2\"><strong>Staatliche, Unternehmens- und Vermittlerpartner<\/strong>&nbsp;<\/td><\/tr><tr><td>Jason Bearce&nbsp;<\/td><td>Vizepr\u00e4sident, Bildung und Personalentwicklung, Handelskammer von Indiana&nbsp;<\/td><\/tr><tr><td>Susan Brock-Williams&nbsp;<\/td><td>Stellvertretender Vizepr\u00e4sident, Staatsregierungsangelegenheiten, Eli Lilly and Company&nbsp;<\/td><\/tr><tr><td>David Buyze&nbsp;<\/td><td>Direktor f\u00fcr Politik und Sonderprogramme, Bildungsministerium von Indiana&nbsp;<\/td><\/tr><tr><td>Miranda Cripe&nbsp;<\/td><td>CareerWise Elkhart County Partnerschaftsmanager, Horizon Education Alliance&nbsp;<\/td><\/tr><tr><td>Whitney Ertel&nbsp;<\/td><td>Gesch\u00e4ftsf\u00fchrender Direktor des Governor&#039;s Workforce Cabinet&nbsp;<\/td><\/tr><tr><td>Josh Garrison&nbsp;<\/td><td>Leitender stellvertretender Kommissar und Stabschef der Indiana Commission for Higher Education&nbsp;<\/td><\/tr><tr><td>Taylor Hughes&nbsp;<\/td><td>Vizepr\u00e4sident, Politik und Strategie, Indy Chamber&nbsp;<\/td><\/tr><tr><td>Daniel Kelley&nbsp;<\/td><td>Politischer Direktor, Republikaner im Repr\u00e4sentantenhaus von Indiana&nbsp;<\/td><\/tr><tr><td>Marie Mackintosh&nbsp;<\/td><td>Pr\u00e4sident und CEO, EmployIndy&nbsp;<\/td><\/tr><tr><td>Tina Peterson&nbsp;<\/td><td>Pr\u00e4sident und CEO, Regional Opportunity Initiatives&nbsp;<\/td><\/tr><tr><td>Betsy Wiley&nbsp;<\/td><td>Pr\u00e4sident und CEO, Institute for Quality Education&nbsp;<\/td><\/tr><\/tbody><\/table><\/figure>\n<\/div><\/div><\/section>","protected":false},"excerpt":{"rendered":"<p>Mehr als 100 F\u00fchrungspers\u00f6nlichkeiten des Staates Indiana, darunter Unternehmenschefs, Universit\u00e4tspr\u00e4sidenten, Schulinspektoren f\u00fcr die Klassen K-12 und Regierungsbeamte des Staates, haben sich einer Koalition zur Entwicklung eines landesweiten modernen Berufsausbildungssystems f\u00fcr Jugendliche angeschlossen.<\/p>","protected":false},"author":7,"featured_media":13367,"comment_status":"closed","ping_status":"open","sticky":false,"template":"","format":"standard","meta":{"_acf_changed":false,"footnotes":""},"categories":[37,25],"tags":[],"class_list":["post-13416","post","type-post","status-publish","format-standard","has-post-thumbnail","hentry","category-education","category-vitality-of-indianapolis"],"acf":[],"yoast_head":"<!-- This site is optimized with the Yoast SEO plugin v26.0 - https:\/\/yoast.com\/wordpress\/plugins\/seo\/ -->\n<title>Indiana leaders form coalition to build, grow youth apprenticeship - Richard M. Fairbanks Foundation<\/title>\n<meta name=\"description\" content=\"Indiana leaders form coalition to build, grow youth apprenticeship. Business, education, government and philanthropic leaders join forces to help solve workforce development crisis.\" \/>\n<meta name=\"robots\" content=\"index, follow, max-snippet:-1, max-image-preview:large, max-video-preview:-1\" \/>\n<link rel=\"canonical\" href=\"https:\/\/old.rmff.wrhosting.net\/de\/2024\/01\/indiana-leaders-form-coalition-to-build-grow-youth-apprenticeship\/\" \/>\n<meta property=\"og:locale\" content=\"de_DE\" \/>\n<meta property=\"og:type\" content=\"article\" \/>\n<meta property=\"og:title\" content=\"Indiana leaders form coalition to build, grow youth apprenticeship - Richard M. Fairbanks Foundation\" \/>\n<meta property=\"og:description\" content=\"Indiana leaders form coalition to build, grow youth apprenticeship. Business, education, government and philanthropic leaders join forces to help solve workforce development crisis.\" \/>\n<meta property=\"og:url\" content=\"https:\/\/old.rmff.wrhosting.net\/de\/2024\/01\/indiana-leaders-form-coalition-to-build-grow-youth-apprenticeship\/\" \/>\n<meta property=\"og:site_name\" content=\"Richard M. Fairbanks Foundation\" \/>\n<meta property=\"article:published_time\" content=\"2024-01-23T12:30:00+00:00\" \/>\n<meta property=\"article:modified_time\" content=\"2024-02-19T16:25:57+00:00\" \/>\n<meta property=\"og:image\" content=\"https:\/\/old.rmff.wrhosting.net\/wp-content\/uploads\/2024\/01\/RMFF-143_NewsImages_696x366_Vitality.jpg\" \/>\n\t<meta property=\"og:image:width\" content=\"1450\" \/>\n\t<meta property=\"og:image:height\" content=\"762\" \/>\n\t<meta property=\"og:image:type\" content=\"image\/jpeg\" \/>\n<meta name=\"author\" content=\"RMFF Staff\" \/>\n<meta name=\"twitter:card\" content=\"summary_large_image\" \/>\n<meta name=\"twitter:label1\" content=\"Verfasst von\" \/>\n\t<meta name=\"twitter:data1\" content=\"RMFF Staff\" \/>\n\t<meta name=\"twitter:label2\" content=\"Gesch\u00e4tzte Lesezeit\" \/>\n\t<meta name=\"twitter:data2\" content=\"10\u00a0Minuten\" \/>\n<script type=\"application\/ld+json\" class=\"yoast-schema-graph\">{\"@context\":\"https:\/\/schema.org\",\"@graph\":[{\"@type\":\"WebPage\",\"@id\":\"https:\/\/old.rmff.wrhosting.net\/2024\/01\/indiana-leaders-form-coalition-to-build-grow-youth-apprenticeship\/\",\"url\":\"https:\/\/old.rmff.wrhosting.net\/2024\/01\/indiana-leaders-form-coalition-to-build-grow-youth-apprenticeship\/\",\"name\":\"Indiana leaders form coalition to build, grow youth apprenticeship - Richard M. Fairbanks Foundation\",\"isPartOf\":{\"@id\":\"https:\/\/old.rmff.wrhosting.net\/#website\"},\"primaryImageOfPage\":{\"@id\":\"https:\/\/old.rmff.wrhosting.net\/2024\/01\/indiana-leaders-form-coalition-to-build-grow-youth-apprenticeship\/#primaryimage\"},\"image\":{\"@id\":\"https:\/\/old.rmff.wrhosting.net\/2024\/01\/indiana-leaders-form-coalition-to-build-grow-youth-apprenticeship\/#primaryimage\"},\"thumbnailUrl\":\"https:\/\/old.rmff.wrhosting.net\/wp-content\/uploads\/2024\/01\/RMFF-143_NewsImages_696x366_Vitality.jpg\",\"datePublished\":\"2024-01-23T12:30:00+00:00\",\"dateModified\":\"2024-02-19T16:25:57+00:00\",\"author\":{\"@id\":\"https:\/\/old.rmff.wrhosting.net\/#\/schema\/person\/b9b457f46976a7df932bc8f5cd932a2b\"},\"description\":\"Indiana leaders form coalition to build, grow youth apprenticeship. Business, education, government and philanthropic leaders join forces to help solve workforce development crisis.\",\"breadcrumb\":{\"@id\":\"https:\/\/old.rmff.wrhosting.net\/2024\/01\/indiana-leaders-form-coalition-to-build-grow-youth-apprenticeship\/#breadcrumb\"},\"inLanguage\":\"de\",\"potentialAction\":[{\"@type\":\"ReadAction\",\"target\":[\"https:\/\/old.rmff.wrhosting.net\/2024\/01\/indiana-leaders-form-coalition-to-build-grow-youth-apprenticeship\/\"]}]},{\"@type\":\"ImageObject\",\"inLanguage\":\"de\",\"@id\":\"https:\/\/old.rmff.wrhosting.net\/2024\/01\/indiana-leaders-form-coalition-to-build-grow-youth-apprenticeship\/#primaryimage\",\"url\":\"https:\/\/old.rmff.wrhosting.net\/wp-content\/uploads\/2024\/01\/RMFF-143_NewsImages_696x366_Vitality.jpg\",\"contentUrl\":\"https:\/\/old.rmff.wrhosting.net\/wp-content\/uploads\/2024\/01\/RMFF-143_NewsImages_696x366_Vitality.jpg\",\"width\":1450,\"height\":762},{\"@type\":\"BreadcrumbList\",\"@id\":\"https:\/\/old.rmff.wrhosting.net\/2024\/01\/indiana-leaders-form-coalition-to-build-grow-youth-apprenticeship\/#breadcrumb\",\"itemListElement\":[{\"@type\":\"ListItem\",\"position\":1,\"name\":\"Home\",\"item\":\"https:\/\/old.rmff.wrhosting.net\/\"},{\"@type\":\"ListItem\",\"position\":2,\"name\":\"Indiana leaders form coalition to build, grow youth apprenticeship\"}]},{\"@type\":\"WebSite\",\"@id\":\"https:\/\/old.rmff.wrhosting.net\/#website\",\"url\":\"https:\/\/old.rmff.wrhosting.net\/\",\"name\":\"Richard M. Fairbanks Foundation\",\"description\":\"Advancing the vitality of Indianapolis and the well-being of its people.\",\"potentialAction\":[{\"@type\":\"SearchAction\",\"target\":{\"@type\":\"EntryPoint\",\"urlTemplate\":\"https:\/\/old.rmff.wrhosting.net\/?s={search_term_string}\"},\"query-input\":{\"@type\":\"PropertyValueSpecification\",\"valueRequired\":true,\"valueName\":\"search_term_string\"}}],\"inLanguage\":\"de\"},{\"@type\":\"Person\",\"@id\":\"https:\/\/old.rmff.wrhosting.net\/#\/schema\/person\/b9b457f46976a7df932bc8f5cd932a2b\",\"name\":\"RMFF Staff\",\"image\":{\"@type\":\"ImageObject\",\"inLanguage\":\"de\",\"@id\":\"https:\/\/old.rmff.wrhosting.net\/#\/schema\/person\/image\/\",\"url\":\"https:\/\/secure.gravatar.com\/avatar\/12c7a6f2976d144ddd06770e26358ad375903bd67a5780c9e3f58914c92511a7?s=96&d=mm&r=g\",\"contentUrl\":\"https:\/\/secure.gravatar.com\/avatar\/12c7a6f2976d144ddd06770e26358ad375903bd67a5780c9e3f58914c92511a7?s=96&d=mm&r=g\",\"caption\":\"RMFF Staff\"},\"url\":\"https:\/\/old.rmff.wrhosting.net\/de\/author\/admin\/\"}]}<\/script>\n<!-- \/ Yoast SEO plugin. -->","yoast_head_json":{"title":"Indiana leaders form coalition to build, grow youth apprenticeship - Richard M. Fairbanks Foundation","description":"Indiana leaders form coalition to build, grow youth apprenticeship. Business, education, government and philanthropic leaders join forces to help solve workforce development crisis.","robots":{"index":"index","follow":"follow","max-snippet":"max-snippet:-1","max-image-preview":"max-image-preview:large","max-video-preview":"max-video-preview:-1"},"canonical":"https:\/\/old.rmff.wrhosting.net\/de\/2024\/01\/indiana-leaders-form-coalition-to-build-grow-youth-apprenticeship\/","og_locale":"de_DE","og_type":"article","og_title":"Indiana leaders form coalition to build, grow youth apprenticeship - Richard M. Fairbanks Foundation","og_description":"Indiana leaders form coalition to build, grow youth apprenticeship. Business, education, government and philanthropic leaders join forces to help solve workforce development crisis.","og_url":"https:\/\/old.rmff.wrhosting.net\/de\/2024\/01\/indiana-leaders-form-coalition-to-build-grow-youth-apprenticeship\/","og_site_name":"Richard M. Fairbanks Foundation","article_published_time":"2024-01-23T12:30:00+00:00","article_modified_time":"2024-02-19T16:25:57+00:00","og_image":[{"width":1450,"height":762,"url":"https:\/\/old.rmff.wrhosting.net\/wp-content\/uploads\/2024\/01\/RMFF-143_NewsImages_696x366_Vitality.jpg","type":"image\/jpeg"}],"author":"RMFF Staff","twitter_card":"summary_large_image","twitter_misc":{"Verfasst von":"RMFF Staff","Gesch\u00e4tzte Lesezeit":"10\u00a0Minuten"},"schema":{"@context":"https:\/\/schema.org","@graph":[{"@type":"WebPage","@id":"https:\/\/old.rmff.wrhosting.net\/2024\/01\/indiana-leaders-form-coalition-to-build-grow-youth-apprenticeship\/","url":"https:\/\/old.rmff.wrhosting.net\/2024\/01\/indiana-leaders-form-coalition-to-build-grow-youth-apprenticeship\/","name":"Indiana leaders form coalition to build, grow youth apprenticeship - Richard M. Fairbanks Foundation","isPartOf":{"@id":"https:\/\/old.rmff.wrhosting.net\/#website"},"primaryImageOfPage":{"@id":"https:\/\/old.rmff.wrhosting.net\/2024\/01\/indiana-leaders-form-coalition-to-build-grow-youth-apprenticeship\/#primaryimage"},"image":{"@id":"https:\/\/old.rmff.wrhosting.net\/2024\/01\/indiana-leaders-form-coalition-to-build-grow-youth-apprenticeship\/#primaryimage"},"thumbnailUrl":"https:\/\/old.rmff.wrhosting.net\/wp-content\/uploads\/2024\/01\/RMFF-143_NewsImages_696x366_Vitality.jpg","datePublished":"2024-01-23T12:30:00+00:00","dateModified":"2024-02-19T16:25:57+00:00","author":{"@id":"https:\/\/old.rmff.wrhosting.net\/#\/schema\/person\/b9b457f46976a7df932bc8f5cd932a2b"},"description":"Indiana leaders form coalition to build, grow youth apprenticeship. Business, education, government and philanthropic leaders join forces to help solve workforce development crisis.","breadcrumb":{"@id":"https:\/\/old.rmff.wrhosting.net\/2024\/01\/indiana-leaders-form-coalition-to-build-grow-youth-apprenticeship\/#breadcrumb"},"inLanguage":"de","potentialAction":[{"@type":"ReadAction","target":["https:\/\/old.rmff.wrhosting.net\/2024\/01\/indiana-leaders-form-coalition-to-build-grow-youth-apprenticeship\/"]}]},{"@type":"ImageObject","inLanguage":"de","@id":"https:\/\/old.rmff.wrhosting.net\/2024\/01\/indiana-leaders-form-coalition-to-build-grow-youth-apprenticeship\/#primaryimage","url":"https:\/\/old.rmff.wrhosting.net\/wp-content\/uploads\/2024\/01\/RMFF-143_NewsImages_696x366_Vitality.jpg","contentUrl":"https:\/\/old.rmff.wrhosting.net\/wp-content\/uploads\/2024\/01\/RMFF-143_NewsImages_696x366_Vitality.jpg","width":1450,"height":762},{"@type":"BreadcrumbList","@id":"https:\/\/old.rmff.wrhosting.net\/2024\/01\/indiana-leaders-form-coalition-to-build-grow-youth-apprenticeship\/#breadcrumb","itemListElement":[{"@type":"ListItem","position":1,"name":"Home","item":"https:\/\/old.rmff.wrhosting.net\/"},{"@type":"ListItem","position":2,"name":"Indiana leaders form coalition to build, grow youth apprenticeship"}]},{"@type":"WebSite","@id":"https:\/\/old.rmff.wrhosting.net\/#website","url":"https:\/\/old.rmff.wrhosting.net\/","name":"Richard M. Fairbanks-Stiftung","description":"F\u00f6rderung der Vitalit\u00e4t von Indianapolis und des Wohlergehens seiner Bev\u00f6lkerung.","potentialAction":[{"@type":"SearchAction","target":{"@type":"EntryPoint","urlTemplate":"https:\/\/old.rmff.wrhosting.net\/?s={search_term_string}"},"query-input":{"@type":"PropertyValueSpecification","valueRequired":true,"valueName":"search_term_string"}}],"inLanguage":"de"},{"@type":"Person","@id":"https:\/\/old.rmff.wrhosting.net\/#\/schema\/person\/b9b457f46976a7df932bc8f5cd932a2b","name":"RMFF Staff","image":{"@type":"ImageObject","inLanguage":"de","@id":"https:\/\/old.rmff.wrhosting.net\/#\/schema\/person\/image\/","url":"https:\/\/secure.gravatar.com\/avatar\/12c7a6f2976d144ddd06770e26358ad375903bd67a5780c9e3f58914c92511a7?s=96&d=mm&r=g","contentUrl":"https:\/\/secure.gravatar.com\/avatar\/12c7a6f2976d144ddd06770e26358ad375903bd67a5780c9e3f58914c92511a7?s=96&d=mm&r=g","caption":"RMFF Staff"},"url":"https:\/\/old.rmff.wrhosting.net\/de\/author\/admin\/"}]}},"_links":{"self":[{"href":"https:\/\/old.rmff.wrhosting.net\/de\/wp-json\/wp\/v2\/posts\/13416","targetHints":{"allow":["GET"]}}],"collection":[{"href":"https:\/\/old.rmff.wrhosting.net\/de\/wp-json\/wp\/v2\/posts"}],"about":[{"href":"https:\/\/old.rmff.wrhosting.net\/de\/wp-json\/wp\/v2\/types\/post"}],"author":[{"embeddable":true,"href":"https:\/\/old.rmff.wrhosting.net\/de\/wp-json\/wp\/v2\/users\/7"}],"replies":[{"embeddable":true,"href":"https:\/\/old.rmff.wrhosting.net\/de\/wp-json\/wp\/v2\/comments?post=13416"}],"version-history":[{"count":19,"href":"https:\/\/old.rmff.wrhosting.net\/de\/wp-json\/wp\/v2\/posts\/13416\/revisions"}],"predecessor-version":[{"id":13581,"href":"https:\/\/old.rmff.wrhosting.net\/de\/wp-json\/wp\/v2\/posts\/13416\/revisions\/13581"}],"wp:featuredmedia":[{"embeddable":true,"href":"https:\/\/old.rmff.wrhosting.net\/de\/wp-json\/wp\/v2\/media\/13367"}],"wp:attachment":[{"href":"https:\/\/old.rmff.wrhosting.net\/de\/wp-json\/wp\/v2\/media?parent=13416"}],"wp:term":[{"taxonomy":"category","embeddable":true,"href":"https:\/\/old.rmff.wrhosting.net\/de\/wp-json\/wp\/v2\/categories?post=13416"},{"taxonomy":"post_tag","embeddable":true,"href":"https:\/\/old.rmff.wrhosting.net\/de\/wp-json\/wp\/v2\/tags?post=13416"}],"curies":[{"name":"wp","href":"https:\/\/api.w.org\/{rel}","templated":true}]}}