{"id":13051,"date":"2023-11-16T09:18:46","date_gmt":"2023-11-16T14:18:46","guid":{"rendered":"https:\/\/www.rmff.org\/?p=13051"},"modified":"2023-11-16T09:18:47","modified_gmt":"2023-11-16T14:18:47","slug":"paul-halverson-dean-of-fairbanks-school-of-public-health-departing-in-2024","status":"publish","type":"post","link":"https:\/\/old.rmff.wrhosting.net\/de\/2023\/11\/paul-halverson-dean-of-fairbanks-school-of-public-health-departing-in-2024\/","title":{"rendered":"Paul Halverson, Dekan der Fairbanks School of Public Health, verl\u00e4sst das Institut im Jahr 2024"},"content":{"rendered":"<section class=\"block wordpress-block wordpress-paragraph core-paragraph\">\n<p>Paul Halverson, Doktor der \u00f6ffentlichen Gesundheit und Gr\u00fcndungsdekan der <a href=\"https:\/\/fsph.iupui.edu\/index.html\" target=\"_blank\" rel=\"noreferrer noopener\">Richard M. Fairbanks School of Public Health der Indiana University<\/a>, wird am 1. Februar 2024 eine neue Stelle in Oregon antreten.&nbsp;<\/p>\n<\/section>\n\n<section class=\"block wordpress-block wordpress-paragraph core-paragraph\">\n<p>Die Fairbanks School of Public Health wurde im September 2012 teilweise durch einen Zuschuss von $20 Millionen aus dem <a href=\"https:\/\/www.rmff.org\/grantmaking\/grants-awarded\/\" target=\"_blank\" rel=\"noreferrer noopener\">Richard M. Fairbanks-Stiftung<\/a>. Halverson kam 2013 als Gr\u00fcndungsdekan hinzu. Die Position reizte ihn, weil sie ihm die M\u00f6glichkeit bot, akademische Arbeit und Praxis an einer Schule zu verbinden, die sich zum Ziel gesetzt hat, im Bereich der \u00f6ffentlichen Gesundheit wirklich etwas zu bewegen.&nbsp;<\/p>\n<\/section>\n\n<section class=\"alignleft block wordpress-block wordpress-paragraph core-paragraph\">\n<p class=\"has-text-align-left\">W\u00e4hrend seiner zehnj\u00e4hrigen Amtszeit pr\u00e4gte Halverson die Ausrichtung der Schule und war federf\u00fchrend bei der Rekrutierung von Lehrpersonal, der Einrichtung neuer Studieng\u00e4nge und der F\u00f6rderung der Gesundheitsforschung in der Bev\u00f6lkerung. \u201eEs war gro\u00dfartig, dass wir erstklassige Teamleiter, Lehrpersonal und Mitarbeiter zusammenstellen konnten, die sich wirklich f\u00fcr unsere Arbeit einsetzen\u201c, sagte Halverson.&nbsp;<\/p>\n<\/section>\n\n<section class=\"block wordpress-block wordpress-paragraph core-paragraph\">\n<p>Neben dieser Arbeit nannte Halverson den Aufbau von Partnerschaften als einen der grundlegendsten Aspekte seiner Arbeit als Gr\u00fcndungsdekan und sagte: \u201eEines der Dinge, auf die ich am meisten stolz bin, ist, dass die Fairbanks School of Public Health von unseren Kollegen im Gesundheitswesen als Partner angesehen wird.\u201c Von der Zusammenarbeit mit Dr. Virginia Caine, der Leiterin des Gesundheitsamtes von Marion County, bis hin zur Arbeit mit mehreren staatlichen Gesundheitskommissaren und landesweiten Verb\u00e4nden f\u00fcr lokale Gesundheitsbeh\u00f6rden und Krankenh\u00e4user war Halverson ma\u00dfgeblich an der Entwicklung dieser dauerhaften Partnerschaften im Namen der Schule beteiligt.&nbsp;<\/p>\n<\/section>\n\n<section class=\"block wordpress-block wordpress-paragraph core-paragraph\">\n<p>Die Fairbanks School of Public Health hat einen langfristigen Fahrplan f\u00fcr die Zukunft erstellt und sich neben konkreten Forschungsarbeiten und Projekten in Bereichen wie Tabak und COVID-19 der Entwicklung von Empfehlungen f\u00fcr die \u00f6ffentliche Gesundheitspolitik verschrieben.&nbsp;<\/p>\n<\/section>\n\n<section class=\"block wordpress-block wordpress-paragraph core-paragraph\">\n<p>Bei seinem Abschied von seinem Posten ist Halverson zuversichtlich, dass die Fairbanks School of Public Health ihre Arbeit zur St\u00e4rkung des \u00f6ffentlichen Gesundheitssystems in Indiana zum Wohle aller Einwohner von Indiana fortsetzen wird. \u201eUnabh\u00e4ngig davon, wo Sie leben, hat jeder Mensch in Indiana Anspruch auf ein voll funktionsf\u00e4higes \u00f6ffentliches Gesundheitssystem, das dazu beitr\u00e4gt, die Bedingungen zu schaffen, unter denen die Menschen ein erf\u00fclltes und gesundes Leben f\u00fchren k\u00f6nnen.\u201c&nbsp;<\/p>\n<\/section>\n\n<section class=\"block wordpress-block wordpress-paragraph core-paragraph\">\n<p>Wir danken Paul Halverson f\u00fcr seine Leitung der Fakult\u00e4t im letzten Jahrzehnt und w\u00fcnschen ihm alles Gute in seiner neuen Position als Dekan und Professor an der School of Public Health der Oregon Health &amp; Science University und der Portland State University.&nbsp;<\/p>\n<\/section>","protected":false},"excerpt":{"rendered":"<p>Paul Halverson, Doktor der \u00f6ffentlichen Gesundheit und Gr\u00fcndungsdekan der Richard M. Fairbanks School of Public Health der Indiana University, wird am 1. Februar 2024 eine neue Stelle in Oregon antreten.<\/p>","protected":false},"author":7,"featured_media":13053,"comment_status":"closed","ping_status":"open","sticky":false,"template":"","format":"standard","meta":{"_acf_changed":false,"footnotes":""},"categories":[13],"tags":[153],"class_list":["post-13051","post","type-post","status-publish","format-standard","has-post-thumbnail","hentry","category-health","tag-indianapolis"],"acf":[],"yoast_head":"<!-- This site is optimized with the Yoast SEO plugin v26.0 - https:\/\/yoast.com\/wordpress\/plugins\/seo\/ -->\n<title>Paul Halverson, Dean of Fairbanks School of Public Health, Departing in 2024\u202f - Richard M. Fairbanks Foundation<\/title>\n<meta name=\"description\" content=\"Paul Halverson, founding dean of the Indiana University Richard M. Fairbanks School of Public Health, will begin a new position in Oregon on Feb. 1, 2024.\u00a0\" \/>\n<meta name=\"robots\" content=\"index, follow, max-snippet:-1, max-image-preview:large, max-video-preview:-1\" \/>\n<link rel=\"canonical\" href=\"https:\/\/old.rmff.wrhosting.net\/de\/2023\/11\/paul-halverson-dean-of-fairbanks-school-of-public-health-departing-in-2024\/\" \/>\n<meta property=\"og:locale\" content=\"de_DE\" \/>\n<meta property=\"og:type\" content=\"article\" \/>\n<meta property=\"og:title\" content=\"Paul Halverson, Dean of Fairbanks School of Public Health, Departing in 2024\u202f - Richard M. Fairbanks Foundation\" \/>\n<meta property=\"og:description\" content=\"Paul Halverson, founding dean of the Indiana University Richard M. Fairbanks School of Public Health, will begin a new position in Oregon on Feb. 1, 2024.\u00a0\" \/>\n<meta property=\"og:url\" content=\"https:\/\/old.rmff.wrhosting.net\/de\/2023\/11\/paul-halverson-dean-of-fairbanks-school-of-public-health-departing-in-2024\/\" \/>\n<meta property=\"og:site_name\" content=\"Richard M. Fairbanks Foundation\" \/>\n<meta property=\"article:published_time\" content=\"2023-11-16T14:18:46+00:00\" \/>\n<meta property=\"article:modified_time\" content=\"2023-11-16T14:18:47+00:00\" \/>\n<meta property=\"og:image\" content=\"https:\/\/old.rmff.wrhosting.net\/wp-content\/uploads\/2023\/11\/20231004_Paul_Halverson_LK_017R-scaled.jpg\" \/>\n\t<meta property=\"og:image:width\" content=\"2560\" \/>\n\t<meta property=\"og:image:height\" content=\"1708\" \/>\n\t<meta property=\"og:image:type\" content=\"image\/jpeg\" \/>\n<meta name=\"author\" content=\"RMFF Staff\" \/>\n<meta name=\"twitter:card\" content=\"summary_large_image\" \/>\n<meta name=\"twitter:label1\" content=\"Verfasst von\" \/>\n\t<meta name=\"twitter:data1\" content=\"RMFF Staff\" \/>\n\t<meta name=\"twitter:label2\" content=\"Gesch\u00e4tzte Lesezeit\" \/>\n\t<meta name=\"twitter:data2\" content=\"2\u00a0Minuten\" \/>\n<script type=\"application\/ld+json\" class=\"yoast-schema-graph\">{\"@context\":\"https:\/\/schema.org\",\"@graph\":[{\"@type\":\"WebPage\",\"@id\":\"https:\/\/old.rmff.wrhosting.net\/my\/2023\/11\/paul-halverson-dean-of-fairbanks-school-of-public-health-departing-in-2024\/\",\"url\":\"https:\/\/old.rmff.wrhosting.net\/my\/2023\/11\/paul-halverson-dean-of-fairbanks-school-of-public-health-departing-in-2024\/\",\"name\":\"Paul Halverson, Dean of Fairbanks School of Public Health, Departing in 2024\u202f - Richard M. Fairbanks Foundation\",\"isPartOf\":{\"@id\":\"https:\/\/old.rmff.wrhosting.net\/#website\"},\"primaryImageOfPage\":{\"@id\":\"https:\/\/old.rmff.wrhosting.net\/my\/2023\/11\/paul-halverson-dean-of-fairbanks-school-of-public-health-departing-in-2024\/#primaryimage\"},\"image\":{\"@id\":\"https:\/\/old.rmff.wrhosting.net\/my\/2023\/11\/paul-halverson-dean-of-fairbanks-school-of-public-health-departing-in-2024\/#primaryimage\"},\"thumbnailUrl\":\"https:\/\/old.rmff.wrhosting.net\/wp-content\/uploads\/2023\/11\/20231004_Paul_Halverson_LK_017R-scaled.jpg\",\"datePublished\":\"2023-11-16T14:18:46+00:00\",\"dateModified\":\"2023-11-16T14:18:47+00:00\",\"author\":{\"@id\":\"https:\/\/old.rmff.wrhosting.net\/#\/schema\/person\/b9b457f46976a7df932bc8f5cd932a2b\"},\"description\":\"Paul Halverson, founding dean of the Indiana University Richard M. Fairbanks School of Public Health, will begin a new position in Oregon on Feb. 1, 2024.\u00a0\",\"breadcrumb\":{\"@id\":\"https:\/\/old.rmff.wrhosting.net\/my\/2023\/11\/paul-halverson-dean-of-fairbanks-school-of-public-health-departing-in-2024\/#breadcrumb\"},\"inLanguage\":\"de\",\"potentialAction\":[{\"@type\":\"ReadAction\",\"target\":[\"https:\/\/old.rmff.wrhosting.net\/my\/2023\/11\/paul-halverson-dean-of-fairbanks-school-of-public-health-departing-in-2024\/\"]}]},{\"@type\":\"ImageObject\",\"inLanguage\":\"de\",\"@id\":\"https:\/\/old.rmff.wrhosting.net\/my\/2023\/11\/paul-halverson-dean-of-fairbanks-school-of-public-health-departing-in-2024\/#primaryimage\",\"url\":\"https:\/\/old.rmff.wrhosting.net\/wp-content\/uploads\/2023\/11\/20231004_Paul_Halverson_LK_017R-scaled.jpg\",\"contentUrl\":\"https:\/\/old.rmff.wrhosting.net\/wp-content\/uploads\/2023\/11\/20231004_Paul_Halverson_LK_017R-scaled.jpg\",\"width\":2560,\"height\":1708,\"caption\":\"Indiana University Richard M. Fairbanks School of Public Health founding Dean Paul Halverson poses for a portrait at University Hall on Wednesday, Sept. 25, 2023. (Photo by Liz Kaye\/Indiana University)\"},{\"@type\":\"BreadcrumbList\",\"@id\":\"https:\/\/old.rmff.wrhosting.net\/my\/2023\/11\/paul-halverson-dean-of-fairbanks-school-of-public-health-departing-in-2024\/#breadcrumb\",\"itemListElement\":[{\"@type\":\"ListItem\",\"position\":1,\"name\":\"Home\",\"item\":\"https:\/\/old.rmff.wrhosting.net\/\"},{\"@type\":\"ListItem\",\"position\":2,\"name\":\"Paul Halverson, Dean of Fairbanks School of Public Health, Departing in 2024\u202f\"}]},{\"@type\":\"WebSite\",\"@id\":\"https:\/\/old.rmff.wrhosting.net\/#website\",\"url\":\"https:\/\/old.rmff.wrhosting.net\/\",\"name\":\"Richard M. Fairbanks Foundation\",\"description\":\"Advancing the vitality of Indianapolis and the well-being of its people.\",\"potentialAction\":[{\"@type\":\"SearchAction\",\"target\":{\"@type\":\"EntryPoint\",\"urlTemplate\":\"https:\/\/old.rmff.wrhosting.net\/?s={search_term_string}\"},\"query-input\":{\"@type\":\"PropertyValueSpecification\",\"valueRequired\":true,\"valueName\":\"search_term_string\"}}],\"inLanguage\":\"de\"},{\"@type\":\"Person\",\"@id\":\"https:\/\/old.rmff.wrhosting.net\/#\/schema\/person\/b9b457f46976a7df932bc8f5cd932a2b\",\"name\":\"RMFF Staff\",\"image\":{\"@type\":\"ImageObject\",\"inLanguage\":\"de\",\"@id\":\"https:\/\/old.rmff.wrhosting.net\/#\/schema\/person\/image\/\",\"url\":\"https:\/\/secure.gravatar.com\/avatar\/12c7a6f2976d144ddd06770e26358ad375903bd67a5780c9e3f58914c92511a7?s=96&d=mm&r=g\",\"contentUrl\":\"https:\/\/secure.gravatar.com\/avatar\/12c7a6f2976d144ddd06770e26358ad375903bd67a5780c9e3f58914c92511a7?s=96&d=mm&r=g\",\"caption\":\"RMFF Staff\"},\"url\":\"https:\/\/old.rmff.wrhosting.net\/de\/author\/admin\/\"}]}<\/script>\n<!-- \/ Yoast SEO plugin. -->","yoast_head_json":{"title":"Paul Halverson, Dean of Fairbanks School of Public Health, Departing in 2024\u202f - Richard M. Fairbanks Foundation","description":"Paul Halverson, founding dean of the Indiana University Richard M. Fairbanks School of Public Health, will begin a new position in Oregon on Feb. 1, 2024.\u00a0","robots":{"index":"index","follow":"follow","max-snippet":"max-snippet:-1","max-image-preview":"max-image-preview:large","max-video-preview":"max-video-preview:-1"},"canonical":"https:\/\/old.rmff.wrhosting.net\/de\/2023\/11\/paul-halverson-dean-of-fairbanks-school-of-public-health-departing-in-2024\/","og_locale":"de_DE","og_type":"article","og_title":"Paul Halverson, Dean of Fairbanks School of Public Health, Departing in 2024\u202f - Richard M. Fairbanks Foundation","og_description":"Paul Halverson, founding dean of the Indiana University Richard M. Fairbanks School of Public Health, will begin a new position in Oregon on Feb. 1, 2024.\u00a0","og_url":"https:\/\/old.rmff.wrhosting.net\/de\/2023\/11\/paul-halverson-dean-of-fairbanks-school-of-public-health-departing-in-2024\/","og_site_name":"Richard M. Fairbanks Foundation","article_published_time":"2023-11-16T14:18:46+00:00","article_modified_time":"2023-11-16T14:18:47+00:00","og_image":[{"width":2560,"height":1708,"url":"https:\/\/old.rmff.wrhosting.net\/wp-content\/uploads\/2023\/11\/20231004_Paul_Halverson_LK_017R-scaled.jpg","type":"image\/jpeg"}],"author":"RMFF Staff","twitter_card":"summary_large_image","twitter_misc":{"Verfasst von":"RMFF Staff","Gesch\u00e4tzte Lesezeit":"2\u00a0Minuten"},"schema":{"@context":"https:\/\/schema.org","@graph":[{"@type":"WebPage","@id":"https:\/\/old.rmff.wrhosting.net\/my\/2023\/11\/paul-halverson-dean-of-fairbanks-school-of-public-health-departing-in-2024\/","url":"https:\/\/old.rmff.wrhosting.net\/my\/2023\/11\/paul-halverson-dean-of-fairbanks-school-of-public-health-departing-in-2024\/","name":"Paul Halverson, Dean of Fairbanks School of Public Health, Departing in 2024\u202f - Richard M. Fairbanks Foundation","isPartOf":{"@id":"https:\/\/old.rmff.wrhosting.net\/#website"},"primaryImageOfPage":{"@id":"https:\/\/old.rmff.wrhosting.net\/my\/2023\/11\/paul-halverson-dean-of-fairbanks-school-of-public-health-departing-in-2024\/#primaryimage"},"image":{"@id":"https:\/\/old.rmff.wrhosting.net\/my\/2023\/11\/paul-halverson-dean-of-fairbanks-school-of-public-health-departing-in-2024\/#primaryimage"},"thumbnailUrl":"https:\/\/old.rmff.wrhosting.net\/wp-content\/uploads\/2023\/11\/20231004_Paul_Halverson_LK_017R-scaled.jpg","datePublished":"2023-11-16T14:18:46+00:00","dateModified":"2023-11-16T14:18:47+00:00","author":{"@id":"https:\/\/old.rmff.wrhosting.net\/#\/schema\/person\/b9b457f46976a7df932bc8f5cd932a2b"},"description":"Paul Halverson, founding dean of the Indiana University Richard M. Fairbanks School of Public Health, will begin a new position in Oregon on Feb. 1, 2024.\u00a0","breadcrumb":{"@id":"https:\/\/old.rmff.wrhosting.net\/my\/2023\/11\/paul-halverson-dean-of-fairbanks-school-of-public-health-departing-in-2024\/#breadcrumb"},"inLanguage":"de","potentialAction":[{"@type":"ReadAction","target":["https:\/\/old.rmff.wrhosting.net\/my\/2023\/11\/paul-halverson-dean-of-fairbanks-school-of-public-health-departing-in-2024\/"]}]},{"@type":"ImageObject","inLanguage":"de","@id":"https:\/\/old.rmff.wrhosting.net\/my\/2023\/11\/paul-halverson-dean-of-fairbanks-school-of-public-health-departing-in-2024\/#primaryimage","url":"https:\/\/old.rmff.wrhosting.net\/wp-content\/uploads\/2023\/11\/20231004_Paul_Halverson_LK_017R-scaled.jpg","contentUrl":"https:\/\/old.rmff.wrhosting.net\/wp-content\/uploads\/2023\/11\/20231004_Paul_Halverson_LK_017R-scaled.jpg","width":2560,"height":1708,"caption":"Indiana University Richard M. Fairbanks School of Public Health founding Dean Paul Halverson poses for a portrait at University Hall on Wednesday, Sept. 25, 2023. (Photo by Liz Kaye\/Indiana University)"},{"@type":"BreadcrumbList","@id":"https:\/\/old.rmff.wrhosting.net\/my\/2023\/11\/paul-halverson-dean-of-fairbanks-school-of-public-health-departing-in-2024\/#breadcrumb","itemListElement":[{"@type":"ListItem","position":1,"name":"Home","item":"https:\/\/old.rmff.wrhosting.net\/"},{"@type":"ListItem","position":2,"name":"Paul Halverson, Dean of Fairbanks School of Public Health, Departing in 2024\u202f"}]},{"@type":"WebSite","@id":"https:\/\/old.rmff.wrhosting.net\/#website","url":"https:\/\/old.rmff.wrhosting.net\/","name":"Richard M. Fairbanks-Stiftung","description":"F\u00f6rderung der Vitalit\u00e4t von Indianapolis und des Wohlergehens seiner Bev\u00f6lkerung.","potentialAction":[{"@type":"SearchAction","target":{"@type":"EntryPoint","urlTemplate":"https:\/\/old.rmff.wrhosting.net\/?s={search_term_string}"},"query-input":{"@type":"PropertyValueSpecification","valueRequired":true,"valueName":"search_term_string"}}],"inLanguage":"de"},{"@type":"Person","@id":"https:\/\/old.rmff.wrhosting.net\/#\/schema\/person\/b9b457f46976a7df932bc8f5cd932a2b","name":"RMFF Staff","image":{"@type":"ImageObject","inLanguage":"de","@id":"https:\/\/old.rmff.wrhosting.net\/#\/schema\/person\/image\/","url":"https:\/\/secure.gravatar.com\/avatar\/12c7a6f2976d144ddd06770e26358ad375903bd67a5780c9e3f58914c92511a7?s=96&d=mm&r=g","contentUrl":"https:\/\/secure.gravatar.com\/avatar\/12c7a6f2976d144ddd06770e26358ad375903bd67a5780c9e3f58914c92511a7?s=96&d=mm&r=g","caption":"RMFF Staff"},"url":"https:\/\/old.rmff.wrhosting.net\/de\/author\/admin\/"}]}},"_links":{"self":[{"href":"https:\/\/old.rmff.wrhosting.net\/de\/wp-json\/wp\/v2\/posts\/13051","targetHints":{"allow":["GET"]}}],"collection":[{"href":"https:\/\/old.rmff.wrhosting.net\/de\/wp-json\/wp\/v2\/posts"}],"about":[{"href":"https:\/\/old.rmff.wrhosting.net\/de\/wp-json\/wp\/v2\/types\/post"}],"author":[{"embeddable":true,"href":"https:\/\/old.rmff.wrhosting.net\/de\/wp-json\/wp\/v2\/users\/7"}],"replies":[{"embeddable":true,"href":"https:\/\/old.rmff.wrhosting.net\/de\/wp-json\/wp\/v2\/comments?post=13051"}],"version-history":[{"count":7,"href":"https:\/\/old.rmff.wrhosting.net\/de\/wp-json\/wp\/v2\/posts\/13051\/revisions"}],"predecessor-version":[{"id":13071,"href":"https:\/\/old.rmff.wrhosting.net\/de\/wp-json\/wp\/v2\/posts\/13051\/revisions\/13071"}],"wp:featuredmedia":[{"embeddable":true,"href":"https:\/\/old.rmff.wrhosting.net\/de\/wp-json\/wp\/v2\/media\/13053"}],"wp:attachment":[{"href":"https:\/\/old.rmff.wrhosting.net\/de\/wp-json\/wp\/v2\/media?parent=13051"}],"wp:term":[{"taxonomy":"category","embeddable":true,"href":"https:\/\/old.rmff.wrhosting.net\/de\/wp-json\/wp\/v2\/categories?post=13051"},{"taxonomy":"post_tag","embeddable":true,"href":"https:\/\/old.rmff.wrhosting.net\/de\/wp-json\/wp\/v2\/tags?post=13051"}],"curies":[{"name":"wp","href":"https:\/\/api.w.org\/{rel}","templated":true}]}}