{"id":13051,"date":"2023-11-16T09:18:46","date_gmt":"2023-11-16T14:18:46","guid":{"rendered":"https:\/\/www.rmff.org\/?p=13051"},"modified":"2023-11-16T09:18:47","modified_gmt":"2023-11-16T14:18:47","slug":"paul-halverson-dean-of-fairbanks-school-of-public-health-departing-in-2024","status":"publish","type":"post","link":"http:\/\/old.rmff.wrhosting.net\/vi\/2023\/11\/paul-halverson-dean-of-fairbanks-school-of-public-health-departing-in-2024\/","title":{"rendered":"Paul Halverson, Hi\u1ec7u tr\u01b0\u1edfng Tr\u01b0\u1eddng Y t\u1ebf C\u00f4ng c\u1ed9ng Fairbanks, Kh\u1edfi h\u00e0nh v\u00e0o n\u0103m 2024"},"content":{"rendered":"<section class=\"block wordpress-block wordpress-paragraph core-paragraph\">\n<p>Paul Halverson, ng\u01b0\u1eddi c\u00f3 b\u1eb1ng ti\u1ebfn s\u0129 v\u1ec1 y t\u1ebf c\u00f4ng c\u1ed9ng v\u00e0 l\u00e0 tr\u01b0\u1edfng khoa s\u00e1ng l\u1eadp c\u1ee7a <a href=\"https:\/\/fsph.iupui.edu\/index.html\" target=\"_blank\" rel=\"noreferrer noopener\">\u0110\u1ea1i h\u1ecdc Indiana Tr\u01b0\u1eddng Y t\u1ebf C\u00f4ng c\u1ed9ng Richard M. Fairbanks<\/a>, s\u1ebd b\u1eaft \u0111\u1ea7u m\u1ed9t v\u1ecb tr\u00ed m\u1edbi \u1edf Oregon v\u00e0o ng\u00e0y 1 th\u00e1ng 2 n\u0103m 2024.&nbsp;<\/p>\n<\/section>\n\n<section class=\"block wordpress-block wordpress-paragraph core-paragraph\">\n<p>Tr\u01b0\u1eddng Y t\u1ebf C\u00f4ng c\u1ed9ng Fairbanks \u0111\u01b0\u1ee3c th\u00e0nh l\u1eadp v\u00e0o th\u00e1ng 9 n\u0103m 2012 m\u1ed9t ph\u1ea7n th\u00f4ng qua kho\u1ea3n t\u00e0i tr\u1ee3 $20 tri\u1ec7u t\u1eeb Ch\u00ednh ph\u1ee7. <a href=\"https:\/\/www.rmff.org\/grantmaking\/grants-awarded\/\" target=\"_blank\" rel=\"noreferrer noopener\">Qu\u1ef9 Richard M. Fairbanks<\/a>. Halverson gia nh\u1eadp v\u00e0o n\u0103m 2013 v\u1edbi t\u01b0 c\u00e1ch l\u00e0 tr\u01b0\u1edfng khoa s\u00e1ng l\u1eadp. Anh \u1ea5y b\u1ecb thu h\u00fat b\u1edfi v\u1ecb tr\u00ed n\u00e0y v\u00ec c\u01a1 h\u1ed9i k\u1ebft n\u1ed1i c\u00f4ng vi\u1ec7c h\u1ecdc t\u1eadp v\u00e0 th\u1ef1c h\u00e0nh t\u1ea1i m\u1ed9t ng\u00f4i tr\u01b0\u1eddng th\u1ef1c s\u1ef1 t\u1ea1o ra s\u1ef1 kh\u00e1c bi\u1ec7t trong s\u1ee9c kh\u1ecfe c\u1ed9ng \u0111\u1ed3ng.&nbsp;<\/p>\n<\/section>\n\n<section class=\"alignleft block wordpress-block wordpress-paragraph core-paragraph\">\n<p class=\"has-text-align-left\">Trong nhi\u1ec7m k\u1ef3 k\u00e9o d\u00e0i h\u00e0ng th\u1eadp k\u1ef7 c\u1ee7a m\u00ecnh \u1edf v\u1ecb tr\u00ed n\u00e0y, Halverson \u0111\u00e3 \u0111\u1ecbnh h\u00ecnh ph\u01b0\u01a1ng h\u01b0\u1edbng c\u1ee7a tr\u01b0\u1eddng, d\u1eabn \u0111\u1ea7u c\u00e1c n\u1ed7 l\u1ef1c tuy\u1ec3n d\u1ee5ng gi\u1ea3ng vi\u00ean, thi\u1ebft l\u1eadp c\u00e1c ch\u01b0\u01a1ng tr\u00ecnh c\u1ea5p b\u1eb1ng m\u1edbi v\u00e0 t\u0103ng c\u01b0\u1eddng nghi\u00ean c\u1ee9u s\u1ee9c kh\u1ecfe c\u1ed9ng \u0111\u1ed3ng. Halverson n\u00f3i: \u201cTh\u1eadt tuy\u1ec7t v\u1eddi khi c\u00f3 th\u1ec3 t\u1eadp h\u1ee3p \u0111\u01b0\u1ee3c nh\u1eefng l\u00e3nh \u0111\u1ea1o nh\u00f3m, gi\u1ea3ng vi\u00ean v\u00e0 nh\u00e2n vi\u00ean h\u00e0ng \u0111\u1ea7u, nh\u1eefng ng\u01b0\u1eddi th\u1ef1c s\u1ef1 t\u1eadn t\u00e2m v\u1edbi c\u00f4ng vi\u1ec7c ch\u00fang t\u00f4i \u0111ang l\u00e0m\u201d.&nbsp;<\/p>\n<\/section>\n\n<section class=\"block wordpress-block wordpress-paragraph core-paragraph\">\n<p>Ngo\u00e0i c\u00f4ng vi\u1ec7c n\u00e0y, Halverson c\u00f2n coi vi\u1ec7c x\u00e2y d\u1ef1ng quan h\u1ec7 \u0111\u1ed1i t\u00e1c l\u00e0 m\u1ed9t trong nh\u1eefng kh\u00eda c\u1ea1nh c\u01a1 b\u1ea3n nh\u1ea5t trong c\u00f4ng vi\u1ec7c c\u1ee7a \u00f4ng v\u1edbi t\u01b0 c\u00e1ch l\u00e0 hi\u1ec7u tr\u01b0\u1edfng s\u00e1ng l\u1eadp, n\u00f3i r\u1eb1ng \u201cm\u1ed9t trong nh\u1eefng \u0111i\u1ec1u t\u00f4i t\u1ef1 h\u00e0o nh\u1ea5t l\u00e0 Tr\u01b0\u1eddng Y t\u1ebf C\u00f4ng c\u1ed9ng Fairbanks \u0111\u01b0\u1ee3c c\u00e1c \u0111\u1ed3ng nghi\u1ec7p y t\u1ebf c\u1ee7a ch\u00fang t\u00f4i \u0111\u00e1nh gi\u00e1 cao. v\u1edbi t\u01b0 c\u00e1ch l\u00e0 m\u1ed9t \u0111\u1ed1i t\u00e1c.\u201d T\u1eeb vi\u1ec7c h\u1ee3p t\u00e1c v\u1edbi Ti\u1ebfn s\u0129 Virginia Caine, gi\u00e1m \u0111\u1ed1c S\u1edf Y t\u1ebf C\u00f4ng c\u1ed9ng Qu\u1eadn Marion, \u0111\u1ebfn l\u00e0m vi\u1ec7c v\u1edbi nhi\u1ec1u \u1ee7y vi\u00ean y t\u1ebf ti\u1ec3u bang v\u00e0 c\u00e1c hi\u1ec7p h\u1ed9i to\u00e0n ti\u1ec3u bang cho c\u00e1c h\u1ed9i \u0111\u1ed3ng y t\u1ebf v\u00e0 b\u1ec7nh vi\u1ec7n \u0111\u1ecba ph\u01b0\u01a1ng, Halverson \u0111\u00e3 \u0111\u00f3ng vai tr\u00f2 quan tr\u1ecdng trong vi\u1ec7c ph\u00e1t tri\u1ec3n c\u00e1c m\u1ed1i quan h\u1ec7 \u0111\u1ed1i t\u00e1c l\u00e2u d\u00e0i n\u00e0y thay m\u1eb7t cho Nh\u00e0 tr\u01b0\u1eddng.&nbsp;<\/p>\n<\/section>\n\n<section class=\"block wordpress-block wordpress-paragraph core-paragraph\">\n<p>Tr\u01b0\u1eddng Y t\u1ebf C\u00f4ng c\u1ed9ng Fairbanks \u0111\u00e3 x\u00e2y d\u1ef1ng l\u1ed9 tr\u00ecnh d\u00e0i h\u1ea1n cho t\u01b0\u01a1ng lai, t\u1eadn t\u00e2m ph\u00e1t tri\u1ec3n c\u00e1c khuy\u1ebfn ngh\u1ecb v\u1ec1 ch\u00ednh s\u00e1ch y t\u1ebf c\u00f4ng c\u1ed9ng b\u00ean c\u1ea1nh c\u00e1c nghi\u00ean c\u1ee9u v\u00e0 d\u1ef1 \u00e1n c\u1ee5 th\u1ec3 trong c\u00e1c l\u0129nh v\u1ef1c bao g\u1ed3m thu\u1ed1c l\u00e1 v\u00e0 COVID-19.&nbsp;<\/p>\n<\/section>\n\n<section class=\"block wordpress-block wordpress-paragraph core-paragraph\">\n<p>Khi r\u1eddi kh\u1ecfi v\u1ecb tr\u00ed c\u1ee7a m\u00ecnh, Halverson tin t\u01b0\u1edfng Tr\u01b0\u1eddng Y t\u1ebf C\u00f4ng c\u1ed9ng Fairbanks s\u1ebd ti\u1ebfp t\u1ee5c c\u00f4ng vi\u1ec7c c\u1ee7ng c\u1ed1 h\u1ec7 th\u1ed1ng y t\u1ebf c\u00f4ng c\u1ed9ng \u1edf Indiana, v\u00ec l\u1ee3i \u00edch c\u1ee7a t\u1ea5t c\u1ea3 ng\u01b0\u1eddi d\u00e2n Hoosier. \u201cB\u1ea5t k\u1ec3 b\u1ea1n s\u1ed1ng \u1edf \u0111\u00e2u, m\u1ecdi ng\u01b0\u1eddi \u1edf Indiana \u0111\u1ec1u x\u1ee9ng \u0111\u00e1ng \u0111\u01b0\u1ee3c ph\u1ee5c v\u1ee5 b\u1edfi m\u1ed9t h\u1ec7 th\u1ed1ng y t\u1ebf c\u00f4ng c\u1ed9ng ho\u1ea1t \u0111\u1ed9ng \u0111\u1ea7y \u0111\u1ee7, gi\u00fap t\u1ea1o \u0111i\u1ec1u ki\u1ec7n \u0111\u1ec3 m\u1ecdi ng\u01b0\u1eddi c\u00f3 th\u1ec3 s\u1ed1ng m\u1ed9t cu\u1ed9c s\u1ed1ng \u0111\u1ea7y \u0111\u1ee7 v\u00e0 kh\u1ecfe m\u1ea1nh.\u201d&nbsp;<\/p>\n<\/section>\n\n<section class=\"block wordpress-block wordpress-paragraph core-paragraph\">\n<p>Ch\u00fang t\u00f4i c\u1ea3m \u01a1n Paul Halverson v\u00ec s\u1ef1 l\u00e3nh \u0111\u1ea1o c\u1ee7a \u00f4ng \u0111\u1ed1i v\u1edbi Tr\u01b0\u1eddng trong th\u1eadp k\u1ef7 qua v\u00e0 ch\u00fang t\u00f4i ch\u00fac \u00f4ng m\u1ecdi \u0111i\u1ec1u t\u1ed1t \u0111\u1eb9p nh\u1ea5t tr\u00ean c\u01b0\u01a1ng v\u1ecb m\u1edbi l\u00e0 tr\u01b0\u1edfng khoa v\u00e0 gi\u00e1o s\u01b0 t\u1ea1i Tr\u01b0\u1eddng Y t\u1ebf C\u00f4ng c\u1ed9ng t\u1ea1i \u0110\u1ea1i h\u1ecdc Khoa h\u1ecdc &amp; S\u1ee9c kh\u1ecfe Oregon v\u00e0 \u0110\u1ea1i h\u1ecdc Bang Portland.&nbsp;<\/p>\n<\/section>","protected":false},"excerpt":{"rendered":"<p>Paul Halverson, ng\u01b0\u1eddi c\u00f3 b\u1eb1ng ti\u1ebfn s\u0129 v\u1ec1 y t\u1ebf c\u00f4ng c\u1ed9ng v\u00e0 l\u00e0 hi\u1ec7u tr\u01b0\u1edfng s\u00e1ng l\u1eadp c\u1ee7a Tr\u01b0\u1eddng Y t\u1ebf C\u00f4ng c\u1ed9ng Richard M. Fairbanks thu\u1ed9c \u0110\u1ea1i h\u1ecdc Indiana, s\u1ebd b\u1eaft \u0111\u1ea7u \u0111\u1ea3m nhi\u1ec7m ch\u1ee9c v\u1ee5 m\u1edbi t\u1ea1i Oregon v\u00e0o ng\u00e0y 1 th\u00e1ng 2 n\u0103m 2024.<\/p>","protected":false},"author":7,"featured_media":13053,"comment_status":"closed","ping_status":"open","sticky":false,"template":"","format":"standard","meta":{"_acf_changed":false,"footnotes":""},"categories":[13],"tags":[153],"class_list":["post-13051","post","type-post","status-publish","format-standard","has-post-thumbnail","hentry","category-health","tag-indianapolis"],"acf":[],"yoast_head":"<!-- This site is optimized with the Yoast SEO plugin v26.0 - https:\/\/yoast.com\/wordpress\/plugins\/seo\/ -->\n<title>Paul Halverson, Dean of Fairbanks School of Public Health, Departing in 2024\u202f - Richard M. Fairbanks Foundation<\/title>\n<meta name=\"description\" content=\"Paul Halverson, founding dean of the Indiana University Richard M. Fairbanks School of Public Health, will begin a new position in Oregon on Feb. 1, 2024.\u00a0\" \/>\n<meta name=\"robots\" content=\"index, follow, max-snippet:-1, max-image-preview:large, max-video-preview:-1\" \/>\n<link rel=\"canonical\" href=\"https:\/\/old.rmff.wrhosting.net\/vi\/2023\/11\/paul-halverson-dean-of-fairbanks-school-of-public-health-departing-in-2024\/\" \/>\n<meta property=\"og:locale\" content=\"vi_VN\" \/>\n<meta property=\"og:type\" content=\"article\" \/>\n<meta property=\"og:title\" content=\"Paul Halverson, Dean of Fairbanks School of Public Health, Departing in 2024\u202f - Richard M. Fairbanks Foundation\" \/>\n<meta property=\"og:description\" content=\"Paul Halverson, founding dean of the Indiana University Richard M. Fairbanks School of Public Health, will begin a new position in Oregon on Feb. 1, 2024.\u00a0\" \/>\n<meta property=\"og:url\" content=\"https:\/\/old.rmff.wrhosting.net\/vi\/2023\/11\/paul-halverson-dean-of-fairbanks-school-of-public-health-departing-in-2024\/\" \/>\n<meta property=\"og:site_name\" content=\"Richard M. Fairbanks Foundation\" \/>\n<meta property=\"article:published_time\" content=\"2023-11-16T14:18:46+00:00\" \/>\n<meta property=\"article:modified_time\" content=\"2023-11-16T14:18:47+00:00\" \/>\n<meta property=\"og:image\" content=\"https:\/\/old.rmff.wrhosting.net\/wp-content\/uploads\/2023\/11\/20231004_Paul_Halverson_LK_017R-scaled.jpg\" \/>\n\t<meta property=\"og:image:width\" content=\"2560\" \/>\n\t<meta property=\"og:image:height\" content=\"1708\" \/>\n\t<meta property=\"og:image:type\" content=\"image\/jpeg\" \/>\n<meta name=\"author\" content=\"RMFF Staff\" \/>\n<meta name=\"twitter:card\" content=\"summary_large_image\" \/>\n<meta name=\"twitter:label1\" content=\"\u0110\u01b0\u1ee3c vi\u1ebft b\u1edfi\" \/>\n\t<meta name=\"twitter:data1\" content=\"RMFF Staff\" \/>\n\t<meta name=\"twitter:label2\" content=\"\u01af\u1edbc t\u00ednh th\u1eddi gian \u0111\u1ecdc\" \/>\n\t<meta name=\"twitter:data2\" content=\"2 ph\u00fat\" \/>\n<script type=\"application\/ld+json\" class=\"yoast-schema-graph\">{\"@context\":\"https:\/\/schema.org\",\"@graph\":[{\"@type\":\"WebPage\",\"@id\":\"https:\/\/old.rmff.wrhosting.net\/my\/2023\/11\/paul-halverson-dean-of-fairbanks-school-of-public-health-departing-in-2024\/\",\"url\":\"https:\/\/old.rmff.wrhosting.net\/my\/2023\/11\/paul-halverson-dean-of-fairbanks-school-of-public-health-departing-in-2024\/\",\"name\":\"Paul Halverson, Dean of Fairbanks School of Public Health, Departing in 2024\u202f - Richard M. Fairbanks Foundation\",\"isPartOf\":{\"@id\":\"https:\/\/old.rmff.wrhosting.net\/#website\"},\"primaryImageOfPage\":{\"@id\":\"https:\/\/old.rmff.wrhosting.net\/my\/2023\/11\/paul-halverson-dean-of-fairbanks-school-of-public-health-departing-in-2024\/#primaryimage\"},\"image\":{\"@id\":\"https:\/\/old.rmff.wrhosting.net\/my\/2023\/11\/paul-halverson-dean-of-fairbanks-school-of-public-health-departing-in-2024\/#primaryimage\"},\"thumbnailUrl\":\"https:\/\/old.rmff.wrhosting.net\/wp-content\/uploads\/2023\/11\/20231004_Paul_Halverson_LK_017R-scaled.jpg\",\"datePublished\":\"2023-11-16T14:18:46+00:00\",\"dateModified\":\"2023-11-16T14:18:47+00:00\",\"author\":{\"@id\":\"https:\/\/old.rmff.wrhosting.net\/#\/schema\/person\/b9b457f46976a7df932bc8f5cd932a2b\"},\"description\":\"Paul Halverson, founding dean of the Indiana University Richard M. Fairbanks School of Public Health, will begin a new position in Oregon on Feb. 1, 2024.\u00a0\",\"breadcrumb\":{\"@id\":\"https:\/\/old.rmff.wrhosting.net\/my\/2023\/11\/paul-halverson-dean-of-fairbanks-school-of-public-health-departing-in-2024\/#breadcrumb\"},\"inLanguage\":\"vi\",\"potentialAction\":[{\"@type\":\"ReadAction\",\"target\":[\"https:\/\/old.rmff.wrhosting.net\/my\/2023\/11\/paul-halverson-dean-of-fairbanks-school-of-public-health-departing-in-2024\/\"]}]},{\"@type\":\"ImageObject\",\"inLanguage\":\"vi\",\"@id\":\"https:\/\/old.rmff.wrhosting.net\/my\/2023\/11\/paul-halverson-dean-of-fairbanks-school-of-public-health-departing-in-2024\/#primaryimage\",\"url\":\"https:\/\/old.rmff.wrhosting.net\/wp-content\/uploads\/2023\/11\/20231004_Paul_Halverson_LK_017R-scaled.jpg\",\"contentUrl\":\"https:\/\/old.rmff.wrhosting.net\/wp-content\/uploads\/2023\/11\/20231004_Paul_Halverson_LK_017R-scaled.jpg\",\"width\":2560,\"height\":1708,\"caption\":\"Indiana University Richard M. Fairbanks School of Public Health founding Dean Paul Halverson poses for a portrait at University Hall on Wednesday, Sept. 25, 2023. (Photo by Liz Kaye\/Indiana University)\"},{\"@type\":\"BreadcrumbList\",\"@id\":\"https:\/\/old.rmff.wrhosting.net\/my\/2023\/11\/paul-halverson-dean-of-fairbanks-school-of-public-health-departing-in-2024\/#breadcrumb\",\"itemListElement\":[{\"@type\":\"ListItem\",\"position\":1,\"name\":\"Home\",\"item\":\"https:\/\/old.rmff.wrhosting.net\/\"},{\"@type\":\"ListItem\",\"position\":2,\"name\":\"Paul Halverson, Dean of Fairbanks School of Public Health, Departing in 2024\u202f\"}]},{\"@type\":\"WebSite\",\"@id\":\"https:\/\/old.rmff.wrhosting.net\/#website\",\"url\":\"https:\/\/old.rmff.wrhosting.net\/\",\"name\":\"Richard M. Fairbanks Foundation\",\"description\":\"Advancing the vitality of Indianapolis and the well-being of its people.\",\"potentialAction\":[{\"@type\":\"SearchAction\",\"target\":{\"@type\":\"EntryPoint\",\"urlTemplate\":\"https:\/\/old.rmff.wrhosting.net\/?s={search_term_string}\"},\"query-input\":{\"@type\":\"PropertyValueSpecification\",\"valueRequired\":true,\"valueName\":\"search_term_string\"}}],\"inLanguage\":\"vi\"},{\"@type\":\"Person\",\"@id\":\"https:\/\/old.rmff.wrhosting.net\/#\/schema\/person\/b9b457f46976a7df932bc8f5cd932a2b\",\"name\":\"RMFF Staff\",\"image\":{\"@type\":\"ImageObject\",\"inLanguage\":\"vi\",\"@id\":\"https:\/\/old.rmff.wrhosting.net\/#\/schema\/person\/image\/\",\"url\":\"https:\/\/secure.gravatar.com\/avatar\/12c7a6f2976d144ddd06770e26358ad375903bd67a5780c9e3f58914c92511a7?s=96&d=mm&r=g\",\"contentUrl\":\"https:\/\/secure.gravatar.com\/avatar\/12c7a6f2976d144ddd06770e26358ad375903bd67a5780c9e3f58914c92511a7?s=96&d=mm&r=g\",\"caption\":\"RMFF Staff\"},\"url\":\"http:\/\/old.rmff.wrhosting.net\/vi\/author\/admin\/\"}]}<\/script>\n<!-- \/ Yoast SEO plugin. -->","yoast_head_json":{"title":"Paul Halverson, Dean of Fairbanks School of Public Health, Departing in 2024\u202f - Richard M. Fairbanks Foundation","description":"Paul Halverson, founding dean of the Indiana University Richard M. Fairbanks School of Public Health, will begin a new position in Oregon on Feb. 1, 2024.\u00a0","robots":{"index":"index","follow":"follow","max-snippet":"max-snippet:-1","max-image-preview":"max-image-preview:large","max-video-preview":"max-video-preview:-1"},"canonical":"https:\/\/old.rmff.wrhosting.net\/vi\/2023\/11\/paul-halverson-dean-of-fairbanks-school-of-public-health-departing-in-2024\/","og_locale":"vi_VN","og_type":"article","og_title":"Paul Halverson, Dean of Fairbanks School of Public Health, Departing in 2024\u202f - Richard M. Fairbanks Foundation","og_description":"Paul Halverson, founding dean of the Indiana University Richard M. Fairbanks School of Public Health, will begin a new position in Oregon on Feb. 1, 2024.\u00a0","og_url":"https:\/\/old.rmff.wrhosting.net\/vi\/2023\/11\/paul-halverson-dean-of-fairbanks-school-of-public-health-departing-in-2024\/","og_site_name":"Richard M. Fairbanks Foundation","article_published_time":"2023-11-16T14:18:46+00:00","article_modified_time":"2023-11-16T14:18:47+00:00","og_image":[{"width":2560,"height":1708,"url":"https:\/\/old.rmff.wrhosting.net\/wp-content\/uploads\/2023\/11\/20231004_Paul_Halverson_LK_017R-scaled.jpg","type":"image\/jpeg"}],"author":"RMFF Staff","twitter_card":"summary_large_image","twitter_misc":{"\u0110\u01b0\u1ee3c vi\u1ebft b\u1edfi":"RMFF Staff","\u01af\u1edbc t\u00ednh th\u1eddi gian \u0111\u1ecdc":"2 ph\u00fat"},"schema":{"@context":"https:\/\/schema.org","@graph":[{"@type":"WebPage","@id":"https:\/\/old.rmff.wrhosting.net\/my\/2023\/11\/paul-halverson-dean-of-fairbanks-school-of-public-health-departing-in-2024\/","url":"https:\/\/old.rmff.wrhosting.net\/my\/2023\/11\/paul-halverson-dean-of-fairbanks-school-of-public-health-departing-in-2024\/","name":"Paul Halverson, Dean of Fairbanks School of Public Health, Departing in 2024\u202f - Richard M. Fairbanks Foundation","isPartOf":{"@id":"https:\/\/old.rmff.wrhosting.net\/#website"},"primaryImageOfPage":{"@id":"https:\/\/old.rmff.wrhosting.net\/my\/2023\/11\/paul-halverson-dean-of-fairbanks-school-of-public-health-departing-in-2024\/#primaryimage"},"image":{"@id":"https:\/\/old.rmff.wrhosting.net\/my\/2023\/11\/paul-halverson-dean-of-fairbanks-school-of-public-health-departing-in-2024\/#primaryimage"},"thumbnailUrl":"https:\/\/old.rmff.wrhosting.net\/wp-content\/uploads\/2023\/11\/20231004_Paul_Halverson_LK_017R-scaled.jpg","datePublished":"2023-11-16T14:18:46+00:00","dateModified":"2023-11-16T14:18:47+00:00","author":{"@id":"https:\/\/old.rmff.wrhosting.net\/#\/schema\/person\/b9b457f46976a7df932bc8f5cd932a2b"},"description":"Paul Halverson, founding dean of the Indiana University Richard M. Fairbanks School of Public Health, will begin a new position in Oregon on Feb. 1, 2024.\u00a0","breadcrumb":{"@id":"https:\/\/old.rmff.wrhosting.net\/my\/2023\/11\/paul-halverson-dean-of-fairbanks-school-of-public-health-departing-in-2024\/#breadcrumb"},"inLanguage":"vi","potentialAction":[{"@type":"ReadAction","target":["https:\/\/old.rmff.wrhosting.net\/my\/2023\/11\/paul-halverson-dean-of-fairbanks-school-of-public-health-departing-in-2024\/"]}]},{"@type":"ImageObject","inLanguage":"vi","@id":"https:\/\/old.rmff.wrhosting.net\/my\/2023\/11\/paul-halverson-dean-of-fairbanks-school-of-public-health-departing-in-2024\/#primaryimage","url":"https:\/\/old.rmff.wrhosting.net\/wp-content\/uploads\/2023\/11\/20231004_Paul_Halverson_LK_017R-scaled.jpg","contentUrl":"https:\/\/old.rmff.wrhosting.net\/wp-content\/uploads\/2023\/11\/20231004_Paul_Halverson_LK_017R-scaled.jpg","width":2560,"height":1708,"caption":"Indiana University Richard M. Fairbanks School of Public Health founding Dean Paul Halverson poses for a portrait at University Hall on Wednesday, Sept. 25, 2023. (Photo by Liz Kaye\/Indiana University)"},{"@type":"BreadcrumbList","@id":"https:\/\/old.rmff.wrhosting.net\/my\/2023\/11\/paul-halverson-dean-of-fairbanks-school-of-public-health-departing-in-2024\/#breadcrumb","itemListElement":[{"@type":"ListItem","position":1,"name":"Home","item":"https:\/\/old.rmff.wrhosting.net\/"},{"@type":"ListItem","position":2,"name":"Paul Halverson, Dean of Fairbanks School of Public Health, Departing in 2024\u202f"}]},{"@type":"WebSite","@id":"https:\/\/old.rmff.wrhosting.net\/#website","url":"https:\/\/old.rmff.wrhosting.net\/","name":"Qu\u1ef9 Richard M. Fairbanks","description":"N\u00e2ng cao s\u1ee9c s\u1ed1ng c\u1ee7a Indianapolis v\u00e0 ph\u00fac l\u1ee3i c\u1ee7a ng\u01b0\u1eddi d\u00e2n n\u01a1i \u0111\u00e2y.","potentialAction":[{"@type":"SearchAction","target":{"@type":"EntryPoint","urlTemplate":"https:\/\/old.rmff.wrhosting.net\/?s={search_term_string}"},"query-input":{"@type":"PropertyValueSpecification","valueRequired":true,"valueName":"search_term_string"}}],"inLanguage":"vi"},{"@type":"Person","@id":"https:\/\/old.rmff.wrhosting.net\/#\/schema\/person\/b9b457f46976a7df932bc8f5cd932a2b","name":"RMFF Staff","image":{"@type":"ImageObject","inLanguage":"vi","@id":"https:\/\/old.rmff.wrhosting.net\/#\/schema\/person\/image\/","url":"https:\/\/secure.gravatar.com\/avatar\/12c7a6f2976d144ddd06770e26358ad375903bd67a5780c9e3f58914c92511a7?s=96&d=mm&r=g","contentUrl":"https:\/\/secure.gravatar.com\/avatar\/12c7a6f2976d144ddd06770e26358ad375903bd67a5780c9e3f58914c92511a7?s=96&d=mm&r=g","caption":"RMFF Staff"},"url":"http:\/\/old.rmff.wrhosting.net\/vi\/author\/admin\/"}]}},"_links":{"self":[{"href":"http:\/\/old.rmff.wrhosting.net\/vi\/wp-json\/wp\/v2\/posts\/13051","targetHints":{"allow":["GET"]}}],"collection":[{"href":"http:\/\/old.rmff.wrhosting.net\/vi\/wp-json\/wp\/v2\/posts"}],"about":[{"href":"http:\/\/old.rmff.wrhosting.net\/vi\/wp-json\/wp\/v2\/types\/post"}],"author":[{"embeddable":true,"href":"http:\/\/old.rmff.wrhosting.net\/vi\/wp-json\/wp\/v2\/users\/7"}],"replies":[{"embeddable":true,"href":"http:\/\/old.rmff.wrhosting.net\/vi\/wp-json\/wp\/v2\/comments?post=13051"}],"version-history":[{"count":7,"href":"http:\/\/old.rmff.wrhosting.net\/vi\/wp-json\/wp\/v2\/posts\/13051\/revisions"}],"predecessor-version":[{"id":13071,"href":"http:\/\/old.rmff.wrhosting.net\/vi\/wp-json\/wp\/v2\/posts\/13051\/revisions\/13071"}],"wp:featuredmedia":[{"embeddable":true,"href":"http:\/\/old.rmff.wrhosting.net\/vi\/wp-json\/wp\/v2\/media\/13053"}],"wp:attachment":[{"href":"http:\/\/old.rmff.wrhosting.net\/vi\/wp-json\/wp\/v2\/media?parent=13051"}],"wp:term":[{"taxonomy":"category","embeddable":true,"href":"http:\/\/old.rmff.wrhosting.net\/vi\/wp-json\/wp\/v2\/categories?post=13051"},{"taxonomy":"post_tag","embeddable":true,"href":"http:\/\/old.rmff.wrhosting.net\/vi\/wp-json\/wp\/v2\/tags?post=13051"}],"curies":[{"name":"wp","href":"https:\/\/api.w.org\/{rel}","templated":true}]}}