{"id":13051,"date":"2023-11-16T09:18:46","date_gmt":"2023-11-16T14:18:46","guid":{"rendered":"https:\/\/www.rmff.org\/?p=13051"},"modified":"2023-11-16T09:18:47","modified_gmt":"2023-11-16T14:18:47","slug":"paul-halverson-dean-of-fairbanks-school-of-public-health-departing-in-2024","status":"publish","type":"post","link":"http:\/\/old.rmff.wrhosting.net\/pt\/2023\/11\/paul-halverson-dean-of-fairbanks-school-of-public-health-departing-in-2024\/","title":{"rendered":"Paul Halverson, reitor da Escola de Sa\u00fade P\u00fablica de Fairbanks, partindo em 2024"},"content":{"rendered":"<section class=\"block wordpress-block wordpress-paragraph core-paragraph\">\n<p>Paul Halverson, que possui doutorado em sa\u00fade p\u00fablica e \u00e9 o reitor fundador do <a href=\"https:\/\/fsph.iupui.edu\/index.html\" target=\"_blank\" rel=\"noreferrer noopener\">Escola de Sa\u00fade P\u00fablica Richard M. Fairbanks da Universidade de Indiana<\/a>, assumir\u00e1 um novo cargo em Oregon em 1\u00ba de fevereiro de 2024.&nbsp;<\/p>\n<\/section>\n\n<section class=\"block wordpress-block wordpress-paragraph core-paragraph\">\n<p>A Escola de Sa\u00fade P\u00fablica Fairbanks foi lan\u00e7ada em setembro de 2012, em parte atrav\u00e9s de uma doa\u00e7\u00e3o de $20 milh\u00f5es do <a href=\"https:\/\/www.rmff.org\/grantmaking\/grants-awarded\/\" target=\"_blank\" rel=\"noreferrer noopener\">Funda\u00e7\u00e3o Richard M. Fairbanks<\/a>. Halverson ingressou em 2013 como reitor fundador. Ele foi atra\u00eddo para o cargo pela oportunidade de unir o trabalho acad\u00eamico e a pr\u00e1tica em uma escola que se prop\u00f4s a realmente fazer a diferen\u00e7a na sa\u00fade p\u00fablica.&nbsp;<\/p>\n<\/section>\n\n<section class=\"alignleft block wordpress-block wordpress-paragraph core-paragraph\">\n<p class=\"has-text-align-left\">Durante sua gest\u00e3o de uma d\u00e9cada no cargo, Halverson moldou a dire\u00e7\u00e3o da escola, liderando esfor\u00e7os para recrutar professores, estabelecer novos programas de gradua\u00e7\u00e3o e aprimorar a pesquisa em sa\u00fade comunit\u00e1ria. \u201cTem sido fant\u00e1stico conseguir reunir l\u00edderes de equipe, professores e funcion\u00e1rios de alto n\u00edvel que s\u00e3o realmente dedicados ao trabalho que estamos fazendo\u201d, disse Halverson.&nbsp;<\/p>\n<\/section>\n\n<section class=\"block wordpress-block wordpress-paragraph core-paragraph\">\n<p>Al\u00e9m deste trabalho, Halverson citou a constru\u00e7\u00e3o de parcerias como um dos aspectos mais fundamentais do seu trabalho como reitor fundador, dizendo \u201cuma das coisas de que mais me orgulho \u00e9 que a Escola de Sa\u00fade P\u00fablica de Fairbanks \u00e9 considerada pelos nossos colegas de sa\u00fade como parceiro.\u201d Virginia Caine, diretora do Departamento de Sa\u00fade P\u00fablica do Condado de Marion, at\u00e9 trabalhar com v\u00e1rios comiss\u00e1rios estaduais de sa\u00fade e associa\u00e7\u00f5es estaduais para conselhos locais de sa\u00fade e hospitais, Halverson foi fundamental no desenvolvimento dessas parcerias duradouras em nome da Escola.&nbsp;<\/p>\n<\/section>\n\n<section class=\"block wordpress-block wordpress-paragraph core-paragraph\">\n<p>A Escola de Sa\u00fade P\u00fablica de Fairbanks construiu um roteiro de longo prazo para o futuro, dedicando-se ao desenvolvimento de recomenda\u00e7\u00f5es de pol\u00edticas de sa\u00fade p\u00fablica, al\u00e9m de pesquisas e projetos espec\u00edficos em \u00e1reas como tabaco e COVID-19.&nbsp;<\/p>\n<\/section>\n\n<section class=\"block wordpress-block wordpress-paragraph core-paragraph\">\n<p>Ao deixar seu cargo, Halverson est\u00e1 confiante de que a Escola de Sa\u00fade P\u00fablica de Fairbanks continuar\u00e1 seu trabalho para fortalecer o sistema de sa\u00fade p\u00fablica em Indiana, para o benef\u00edcio de todos os Hoosiers. \u201cIndependentemente de onde voc\u00ea mora, todas as pessoas em Indiana merecem ser atendidas por um sistema de sa\u00fade p\u00fablica em pleno funcionamento que ajude a criar as condi\u00e7\u00f5es sob as quais as pessoas possam viver uma vida plena e saud\u00e1vel.\u201d&nbsp;<\/p>\n<\/section>\n\n<section class=\"block wordpress-block wordpress-paragraph core-paragraph\">\n<p>Agradecemos a Paul Halverson por sua lideran\u00e7a na Escola durante a \u00faltima d\u00e9cada e desejamos-lhe tudo de melhor em sua nova posi\u00e7\u00e3o como reitor e professor da Escola de Sa\u00fade P\u00fablica da Oregon Health &amp; Science University e da Portland State University.&nbsp;<\/p>\n<\/section>","protected":false},"excerpt":{"rendered":"<p>Paul Halverson, que possui doutorado em sa\u00fade p\u00fablica e \u00e9 o reitor fundador da Escola de Sa\u00fade P\u00fablica Richard M. Fairbanks da Universidade de Indiana, assumir\u00e1 um novo cargo em Oregon em 1\u00ba de fevereiro de 2024.<\/p>","protected":false},"author":7,"featured_media":13053,"comment_status":"closed","ping_status":"open","sticky":false,"template":"","format":"standard","meta":{"_acf_changed":false,"footnotes":""},"categories":[13],"tags":[153],"class_list":["post-13051","post","type-post","status-publish","format-standard","has-post-thumbnail","hentry","category-health","tag-indianapolis"],"acf":[],"yoast_head":"<!-- This site is optimized with the Yoast SEO plugin v26.0 - https:\/\/yoast.com\/wordpress\/plugins\/seo\/ -->\n<title>Paul Halverson, Dean of Fairbanks School of Public Health, Departing in 2024\u202f - Richard M. Fairbanks Foundation<\/title>\n<meta name=\"description\" content=\"Paul Halverson, founding dean of the Indiana University Richard M. Fairbanks School of Public Health, will begin a new position in Oregon on Feb. 1, 2024.\u00a0\" \/>\n<meta name=\"robots\" content=\"index, follow, max-snippet:-1, max-image-preview:large, max-video-preview:-1\" \/>\n<link rel=\"canonical\" href=\"https:\/\/old.rmff.wrhosting.net\/pt\/2023\/11\/paul-halverson-dean-of-fairbanks-school-of-public-health-departing-in-2024\/\" \/>\n<meta property=\"og:locale\" content=\"pt_PT\" \/>\n<meta property=\"og:type\" content=\"article\" \/>\n<meta property=\"og:title\" content=\"Paul Halverson, Dean of Fairbanks School of Public Health, Departing in 2024\u202f - Richard M. Fairbanks Foundation\" \/>\n<meta property=\"og:description\" content=\"Paul Halverson, founding dean of the Indiana University Richard M. Fairbanks School of Public Health, will begin a new position in Oregon on Feb. 1, 2024.\u00a0\" \/>\n<meta property=\"og:url\" content=\"https:\/\/old.rmff.wrhosting.net\/pt\/2023\/11\/paul-halverson-dean-of-fairbanks-school-of-public-health-departing-in-2024\/\" \/>\n<meta property=\"og:site_name\" content=\"Richard M. Fairbanks Foundation\" \/>\n<meta property=\"article:published_time\" content=\"2023-11-16T14:18:46+00:00\" \/>\n<meta property=\"article:modified_time\" content=\"2023-11-16T14:18:47+00:00\" \/>\n<meta property=\"og:image\" content=\"https:\/\/old.rmff.wrhosting.net\/wp-content\/uploads\/2023\/11\/20231004_Paul_Halverson_LK_017R-scaled.jpg\" \/>\n\t<meta property=\"og:image:width\" content=\"2560\" \/>\n\t<meta property=\"og:image:height\" content=\"1708\" \/>\n\t<meta property=\"og:image:type\" content=\"image\/jpeg\" \/>\n<meta name=\"author\" content=\"RMFF Staff\" \/>\n<meta name=\"twitter:card\" content=\"summary_large_image\" \/>\n<meta name=\"twitter:label1\" content=\"Escrito por\" \/>\n\t<meta name=\"twitter:data1\" content=\"RMFF Staff\" \/>\n\t<meta name=\"twitter:label2\" content=\"Tempo estimado de leitura\" \/>\n\t<meta name=\"twitter:data2\" content=\"2 minutos\" \/>\n<script type=\"application\/ld+json\" class=\"yoast-schema-graph\">{\"@context\":\"https:\/\/schema.org\",\"@graph\":[{\"@type\":\"WebPage\",\"@id\":\"https:\/\/old.rmff.wrhosting.net\/my\/2023\/11\/paul-halverson-dean-of-fairbanks-school-of-public-health-departing-in-2024\/\",\"url\":\"https:\/\/old.rmff.wrhosting.net\/my\/2023\/11\/paul-halverson-dean-of-fairbanks-school-of-public-health-departing-in-2024\/\",\"name\":\"Paul Halverson, Dean of Fairbanks School of Public Health, Departing in 2024\u202f - Richard M. Fairbanks Foundation\",\"isPartOf\":{\"@id\":\"https:\/\/old.rmff.wrhosting.net\/#website\"},\"primaryImageOfPage\":{\"@id\":\"https:\/\/old.rmff.wrhosting.net\/my\/2023\/11\/paul-halverson-dean-of-fairbanks-school-of-public-health-departing-in-2024\/#primaryimage\"},\"image\":{\"@id\":\"https:\/\/old.rmff.wrhosting.net\/my\/2023\/11\/paul-halverson-dean-of-fairbanks-school-of-public-health-departing-in-2024\/#primaryimage\"},\"thumbnailUrl\":\"https:\/\/old.rmff.wrhosting.net\/wp-content\/uploads\/2023\/11\/20231004_Paul_Halverson_LK_017R-scaled.jpg\",\"datePublished\":\"2023-11-16T14:18:46+00:00\",\"dateModified\":\"2023-11-16T14:18:47+00:00\",\"author\":{\"@id\":\"https:\/\/old.rmff.wrhosting.net\/#\/schema\/person\/b9b457f46976a7df932bc8f5cd932a2b\"},\"description\":\"Paul Halverson, founding dean of the Indiana University Richard M. Fairbanks School of Public Health, will begin a new position in Oregon on Feb. 1, 2024.\u00a0\",\"breadcrumb\":{\"@id\":\"https:\/\/old.rmff.wrhosting.net\/my\/2023\/11\/paul-halverson-dean-of-fairbanks-school-of-public-health-departing-in-2024\/#breadcrumb\"},\"inLanguage\":\"pt-PT\",\"potentialAction\":[{\"@type\":\"ReadAction\",\"target\":[\"https:\/\/old.rmff.wrhosting.net\/my\/2023\/11\/paul-halverson-dean-of-fairbanks-school-of-public-health-departing-in-2024\/\"]}]},{\"@type\":\"ImageObject\",\"inLanguage\":\"pt-PT\",\"@id\":\"https:\/\/old.rmff.wrhosting.net\/my\/2023\/11\/paul-halverson-dean-of-fairbanks-school-of-public-health-departing-in-2024\/#primaryimage\",\"url\":\"https:\/\/old.rmff.wrhosting.net\/wp-content\/uploads\/2023\/11\/20231004_Paul_Halverson_LK_017R-scaled.jpg\",\"contentUrl\":\"https:\/\/old.rmff.wrhosting.net\/wp-content\/uploads\/2023\/11\/20231004_Paul_Halverson_LK_017R-scaled.jpg\",\"width\":2560,\"height\":1708,\"caption\":\"Indiana University Richard M. Fairbanks School of Public Health founding Dean Paul Halverson poses for a portrait at University Hall on Wednesday, Sept. 25, 2023. (Photo by Liz Kaye\/Indiana University)\"},{\"@type\":\"BreadcrumbList\",\"@id\":\"https:\/\/old.rmff.wrhosting.net\/my\/2023\/11\/paul-halverson-dean-of-fairbanks-school-of-public-health-departing-in-2024\/#breadcrumb\",\"itemListElement\":[{\"@type\":\"ListItem\",\"position\":1,\"name\":\"Home\",\"item\":\"https:\/\/old.rmff.wrhosting.net\/\"},{\"@type\":\"ListItem\",\"position\":2,\"name\":\"Paul Halverson, Dean of Fairbanks School of Public Health, Departing in 2024\u202f\"}]},{\"@type\":\"WebSite\",\"@id\":\"https:\/\/old.rmff.wrhosting.net\/#website\",\"url\":\"https:\/\/old.rmff.wrhosting.net\/\",\"name\":\"Richard M. Fairbanks Foundation\",\"description\":\"Advancing the vitality of Indianapolis and the well-being of its people.\",\"potentialAction\":[{\"@type\":\"SearchAction\",\"target\":{\"@type\":\"EntryPoint\",\"urlTemplate\":\"https:\/\/old.rmff.wrhosting.net\/?s={search_term_string}\"},\"query-input\":{\"@type\":\"PropertyValueSpecification\",\"valueRequired\":true,\"valueName\":\"search_term_string\"}}],\"inLanguage\":\"pt-PT\"},{\"@type\":\"Person\",\"@id\":\"https:\/\/old.rmff.wrhosting.net\/#\/schema\/person\/b9b457f46976a7df932bc8f5cd932a2b\",\"name\":\"RMFF Staff\",\"image\":{\"@type\":\"ImageObject\",\"inLanguage\":\"pt-PT\",\"@id\":\"https:\/\/old.rmff.wrhosting.net\/#\/schema\/person\/image\/\",\"url\":\"https:\/\/secure.gravatar.com\/avatar\/12c7a6f2976d144ddd06770e26358ad375903bd67a5780c9e3f58914c92511a7?s=96&d=mm&r=g\",\"contentUrl\":\"https:\/\/secure.gravatar.com\/avatar\/12c7a6f2976d144ddd06770e26358ad375903bd67a5780c9e3f58914c92511a7?s=96&d=mm&r=g\",\"caption\":\"RMFF Staff\"},\"url\":\"http:\/\/old.rmff.wrhosting.net\/pt\/author\/admin\/\"}]}<\/script>\n<!-- \/ Yoast SEO plugin. -->","yoast_head_json":{"title":"Paul Halverson, Dean of Fairbanks School of Public Health, Departing in 2024\u202f - Richard M. Fairbanks Foundation","description":"Paul Halverson, founding dean of the Indiana University Richard M. Fairbanks School of Public Health, will begin a new position in Oregon on Feb. 1, 2024.\u00a0","robots":{"index":"index","follow":"follow","max-snippet":"max-snippet:-1","max-image-preview":"max-image-preview:large","max-video-preview":"max-video-preview:-1"},"canonical":"https:\/\/old.rmff.wrhosting.net\/pt\/2023\/11\/paul-halverson-dean-of-fairbanks-school-of-public-health-departing-in-2024\/","og_locale":"pt_PT","og_type":"article","og_title":"Paul Halverson, Dean of Fairbanks School of Public Health, Departing in 2024\u202f - Richard M. Fairbanks Foundation","og_description":"Paul Halverson, founding dean of the Indiana University Richard M. Fairbanks School of Public Health, will begin a new position in Oregon on Feb. 1, 2024.\u00a0","og_url":"https:\/\/old.rmff.wrhosting.net\/pt\/2023\/11\/paul-halverson-dean-of-fairbanks-school-of-public-health-departing-in-2024\/","og_site_name":"Richard M. Fairbanks Foundation","article_published_time":"2023-11-16T14:18:46+00:00","article_modified_time":"2023-11-16T14:18:47+00:00","og_image":[{"width":2560,"height":1708,"url":"https:\/\/old.rmff.wrhosting.net\/wp-content\/uploads\/2023\/11\/20231004_Paul_Halverson_LK_017R-scaled.jpg","type":"image\/jpeg"}],"author":"RMFF Staff","twitter_card":"summary_large_image","twitter_misc":{"Escrito por":"RMFF Staff","Tempo estimado de leitura":"2 minutos"},"schema":{"@context":"https:\/\/schema.org","@graph":[{"@type":"WebPage","@id":"https:\/\/old.rmff.wrhosting.net\/my\/2023\/11\/paul-halverson-dean-of-fairbanks-school-of-public-health-departing-in-2024\/","url":"https:\/\/old.rmff.wrhosting.net\/my\/2023\/11\/paul-halverson-dean-of-fairbanks-school-of-public-health-departing-in-2024\/","name":"Paul Halverson, Dean of Fairbanks School of Public Health, Departing in 2024\u202f - Richard M. Fairbanks Foundation","isPartOf":{"@id":"https:\/\/old.rmff.wrhosting.net\/#website"},"primaryImageOfPage":{"@id":"https:\/\/old.rmff.wrhosting.net\/my\/2023\/11\/paul-halverson-dean-of-fairbanks-school-of-public-health-departing-in-2024\/#primaryimage"},"image":{"@id":"https:\/\/old.rmff.wrhosting.net\/my\/2023\/11\/paul-halverson-dean-of-fairbanks-school-of-public-health-departing-in-2024\/#primaryimage"},"thumbnailUrl":"https:\/\/old.rmff.wrhosting.net\/wp-content\/uploads\/2023\/11\/20231004_Paul_Halverson_LK_017R-scaled.jpg","datePublished":"2023-11-16T14:18:46+00:00","dateModified":"2023-11-16T14:18:47+00:00","author":{"@id":"https:\/\/old.rmff.wrhosting.net\/#\/schema\/person\/b9b457f46976a7df932bc8f5cd932a2b"},"description":"Paul Halverson, founding dean of the Indiana University Richard M. Fairbanks School of Public Health, will begin a new position in Oregon on Feb. 1, 2024.\u00a0","breadcrumb":{"@id":"https:\/\/old.rmff.wrhosting.net\/my\/2023\/11\/paul-halverson-dean-of-fairbanks-school-of-public-health-departing-in-2024\/#breadcrumb"},"inLanguage":"pt-PT","potentialAction":[{"@type":"ReadAction","target":["https:\/\/old.rmff.wrhosting.net\/my\/2023\/11\/paul-halverson-dean-of-fairbanks-school-of-public-health-departing-in-2024\/"]}]},{"@type":"ImageObject","inLanguage":"pt-PT","@id":"https:\/\/old.rmff.wrhosting.net\/my\/2023\/11\/paul-halverson-dean-of-fairbanks-school-of-public-health-departing-in-2024\/#primaryimage","url":"https:\/\/old.rmff.wrhosting.net\/wp-content\/uploads\/2023\/11\/20231004_Paul_Halverson_LK_017R-scaled.jpg","contentUrl":"https:\/\/old.rmff.wrhosting.net\/wp-content\/uploads\/2023\/11\/20231004_Paul_Halverson_LK_017R-scaled.jpg","width":2560,"height":1708,"caption":"Indiana University Richard M. Fairbanks School of Public Health founding Dean Paul Halverson poses for a portrait at University Hall on Wednesday, Sept. 25, 2023. (Photo by Liz Kaye\/Indiana University)"},{"@type":"BreadcrumbList","@id":"https:\/\/old.rmff.wrhosting.net\/my\/2023\/11\/paul-halverson-dean-of-fairbanks-school-of-public-health-departing-in-2024\/#breadcrumb","itemListElement":[{"@type":"ListItem","position":1,"name":"Home","item":"https:\/\/old.rmff.wrhosting.net\/"},{"@type":"ListItem","position":2,"name":"Paul Halverson, Dean of Fairbanks School of Public Health, Departing in 2024\u202f"}]},{"@type":"WebSite","@id":"https:\/\/old.rmff.wrhosting.net\/#website","url":"https:\/\/old.rmff.wrhosting.net\/","name":"Funda\u00e7\u00e3o Richard M. Fairbanks","description":"Promovendo a vitalidade de Indian\u00e1polis e o bem-estar de seu povo.","potentialAction":[{"@type":"SearchAction","target":{"@type":"EntryPoint","urlTemplate":"https:\/\/old.rmff.wrhosting.net\/?s={search_term_string}"},"query-input":{"@type":"PropertyValueSpecification","valueRequired":true,"valueName":"search_term_string"}}],"inLanguage":"pt-PT"},{"@type":"Person","@id":"https:\/\/old.rmff.wrhosting.net\/#\/schema\/person\/b9b457f46976a7df932bc8f5cd932a2b","name":"RMFF Staff","image":{"@type":"ImageObject","inLanguage":"pt-PT","@id":"https:\/\/old.rmff.wrhosting.net\/#\/schema\/person\/image\/","url":"https:\/\/secure.gravatar.com\/avatar\/12c7a6f2976d144ddd06770e26358ad375903bd67a5780c9e3f58914c92511a7?s=96&d=mm&r=g","contentUrl":"https:\/\/secure.gravatar.com\/avatar\/12c7a6f2976d144ddd06770e26358ad375903bd67a5780c9e3f58914c92511a7?s=96&d=mm&r=g","caption":"RMFF Staff"},"url":"http:\/\/old.rmff.wrhosting.net\/pt\/author\/admin\/"}]}},"_links":{"self":[{"href":"http:\/\/old.rmff.wrhosting.net\/pt\/wp-json\/wp\/v2\/posts\/13051","targetHints":{"allow":["GET"]}}],"collection":[{"href":"http:\/\/old.rmff.wrhosting.net\/pt\/wp-json\/wp\/v2\/posts"}],"about":[{"href":"http:\/\/old.rmff.wrhosting.net\/pt\/wp-json\/wp\/v2\/types\/post"}],"author":[{"embeddable":true,"href":"http:\/\/old.rmff.wrhosting.net\/pt\/wp-json\/wp\/v2\/users\/7"}],"replies":[{"embeddable":true,"href":"http:\/\/old.rmff.wrhosting.net\/pt\/wp-json\/wp\/v2\/comments?post=13051"}],"version-history":[{"count":7,"href":"http:\/\/old.rmff.wrhosting.net\/pt\/wp-json\/wp\/v2\/posts\/13051\/revisions"}],"predecessor-version":[{"id":13071,"href":"http:\/\/old.rmff.wrhosting.net\/pt\/wp-json\/wp\/v2\/posts\/13051\/revisions\/13071"}],"wp:featuredmedia":[{"embeddable":true,"href":"http:\/\/old.rmff.wrhosting.net\/pt\/wp-json\/wp\/v2\/media\/13053"}],"wp:attachment":[{"href":"http:\/\/old.rmff.wrhosting.net\/pt\/wp-json\/wp\/v2\/media?parent=13051"}],"wp:term":[{"taxonomy":"category","embeddable":true,"href":"http:\/\/old.rmff.wrhosting.net\/pt\/wp-json\/wp\/v2\/categories?post=13051"},{"taxonomy":"post_tag","embeddable":true,"href":"http:\/\/old.rmff.wrhosting.net\/pt\/wp-json\/wp\/v2\/tags?post=13051"}],"curies":[{"name":"wp","href":"https:\/\/api.w.org\/{rel}","templated":true}]}}