{"id":13416,"date":"2024-01-23T07:30:00","date_gmt":"2024-01-23T12:30:00","guid":{"rendered":"https:\/\/www.rmff.org\/?p=13416"},"modified":"2024-02-19T11:25:57","modified_gmt":"2024-02-19T16:25:57","slug":"indiana-leaders-form-coalition-to-build-grow-youth-apprenticeship","status":"publish","type":"post","link":"http:\/\/old.rmff.wrhosting.net\/it\/2024\/01\/indiana-leaders-form-coalition-to-build-grow-youth-apprenticeship\/","title":{"rendered":"I leader dell\u2019Indiana formano una coalizione per costruire e far crescere l\u2019apprendistato giovanile"},"content":{"rendered":"<section class=\"container  block wordpress-block wordpress-heading core-heading\"><div class=\"row\"><div class=\"col-12\">\n<h2 class=\"wp-block-heading has-text-align-center\"><strong>I leader dell\u2019Indiana formano una coalizione per costruire e far crescere l\u2019apprendistato giovanile<\/strong><\/h2>\n<\/div><\/div><\/section>\n\n<section class=\"aligncenter block wordpress-block wordpress-paragraph core-paragraph\">\n<p class=\"has-text-align-center\"><em>Leader del mondo imprenditoriale, educativo, governativo e filantropico uniscono le forze<br>contribuire a risolvere la crisi relativa allo sviluppo della forza lavoro<\/em><\/p>\n<\/section>\n\n<section class=\"block wordpress-block wordpress-paragraph core-paragraph\">\n<p>INDIANAPOLIS, 23 gennaio 2024 \u2013 Pi\u00f9 di 100 leader dell\u2019Indiana, tra cui amministratori delegati di aziende, presidenti di universit\u00e0, sovrintendenti delle scuole primarie e secondarie e funzionari del governo statale, si sono uniti a una coalizione per sviluppare un moderno sistema di apprendistato giovanile a livello statale in Indiana come una potenziale soluzione al problema crescente crisi della forza lavoro nello Stato.&nbsp;<\/p>\n<\/section>\n\n<section class=\"block wordpress-block wordpress-paragraph core-paragraph\">\n<p>Il gruppo ha recentemente avviato un laboratorio di implementazione della durata di 10 mesi (denominato iLab), un\u2019intensa collaborazione che si tradurr\u00e0 in un piano completo a livello statale per aumentare il numero di apprendistati giovanili moderni disponibili. Il modello di apprendistato giovanile consente agli studenti delle scuole superiori dell&#039;11\u00b0 grado di partecipare a un programma di lavoro e apprendimento retribuito triennale. L&#039;apprendistato culmina con un diploma di scuola superiore, crediti universitari e credenziali di settore, preparando allo stesso tempo gli studenti per le carriere pi\u00f9 richieste. CEMETS iLab Indiana nasce da un&#039;idea di Ursula Renold, Ph.D., e Katie Caves, Ph.D., del <a href=\"https:\/\/cemets.ethz.ch\/\" target=\"_blank\" rel=\"noreferrer noopener\">Centro di Economia e Gestione dei Sistemi di Istruzione e Formazione<\/a> (CEMETS) presso l&#039;ETH di Zurigo, considerati i massimi esperti nella ricerca e nell&#039;implementazione dell&#039;apprendimento sul posto di lavoro.&nbsp;<\/p>\n<\/section>\n\n<section class=\"block wordpress-block wordpress-paragraph core-paragraph\">\n<p>La carenza di talenti di lunga data dell\u2019Indiana \u00e8 peggiorata durante la pandemia e lo \u00e8 <a href=\"https:\/\/ascendindiana.com\/resources\/indianas-evolving-labor-market-full-report-2022\" target=\"_blank\" rel=\"noreferrer noopener\">proiettato<\/a> ad aumentare a causa dell\u2019invecchiamento della popolazione e solo a <a href=\"https:\/\/www.hoosierdata.in.gov\/indicator\/ind.aspx?indicator_id=10&amp;indicator_geo=18000&amp;indicator_style=full&amp;indicator_mode=html\" target=\"_blank\" rel=\"noreferrer noopener\">63% tasso di partecipazione alla forza lavoro<\/a>. Inoltre, entro il 2031, <a href=\"https:\/\/cew.georgetown.edu\/cew-reports\/projections2031\/\" target=\"_blank\" rel=\"noreferrer noopener\">72% di posti di lavoro<\/a> negli Stati Uniti richieder\u00e0 istruzione e\/o formazione post-secondaria. L&#039;Indiana non \u00e8 sulla buona strada per soddisfare questa esigenza, solo con <a href=\"https:\/\/www.rmff.org\/community-data-snapshot\/education\/\" target=\"_blank\" rel=\"noreferrer noopener\">39% degli adulti Hoosier<\/a> 25 anni e pi\u00f9 con titolo di studio associato o superiore. A complicare le cose, le iscrizioni al college in Indiana sono diminuite <a href=\"https:\/\/www.in.gov\/che\/college-readiness-reports\/\" target=\"_blank\" rel=\"noreferrer noopener\">65% nel 2015 a 53% nel 2021<\/a>. Nel complesso, per ogni classe di diplomati delle scuole superiori, solo circa 30% ottengono una laurea, il che significa che 70% entrano nel mercato del lavoro senza una laurea o credenziali.&nbsp;<\/p>\n<\/section>\n\n<section class=\"block wordpress-block wordpress-paragraph core-paragraph\">\n<p>&quot;Dobbiamo intraprendere azioni coraggiose per riformare il sistema di istruzione e sviluppo della forza lavoro dell&#039;Indiana per fornire risultati migliori per gli individui, i datori di lavoro e l&#039;economia dello stato&quot;, ha affermato David Becker, presidente e amministratore delegato di <a href=\"https:\/\/www.firstib.com\/\" target=\"_blank\" rel=\"noreferrer noopener\">Prima banca online<\/a> e co-presidente di CEMETS iLab Indiana. \u201cFormando questa coalizione senza precedenti e aumentando le opportunit\u00e0 di apprendistato, possiamo cambiare la traiettoria dei problemi della forza lavoro dell\u2019Indiana e rafforzare l\u2019economia del nostro Stato\u201d.&nbsp;&nbsp;<\/p>\n<\/section>\n\n<section class=\"block wordpress-block wordpress-paragraph core-paragraph\">\n<p>I membri dell&#039;iLab \u2013 <a href=\"#members\">di seguito elencati<\/a> \u2013 includono leader del mondo degli affari, dell\u2019istruzione, del governo e della filantropia, molti dei quali sono diventati sostenitori del moderno movimento di apprendistato giovanile durante un viaggio di scambio di leadership della Camera di Indy del settembre 2023 per vedere il sistema svizzero in azione. Gli svizzeri sono riconosciuti a livello internazionale per il loro sistema, con due terzi degli alunni della 10a elementare che iniziano un apprendistato retribuito di tre o quattro anni da circa 250 diverse occupazioni che abbracciano tutti i settori dell\u2019economia.&nbsp;<\/p>\n<\/section>\n\n<section class=\"block wordpress-block wordpress-paragraph core-paragraph\">\n<p>Durante il viaggio, Claire Fiddian-Green, presidente e amministratore delegato della <a href=\"https:\/\/www.rmff.org\/\" target=\"_blank\" rel=\"noreferrer noopener\">Fondazione Richard M. Fairbanks<\/a> e co-presidente di iLab, hanno annunciato una sovvenzione di $180.000 che consentirebbe a CEMETS di ospitare un iLab in Indiana. \u201cCEMETS iLab Indiana supporter\u00e0 le parti interessate che lavorano per ampliare i moderni programmi di apprendistato giovanile sia nella regione di Indianapolis che in tutto lo stato\u201d, ha affermato Fiddian-Green. \u201cRendendo l\u2019Indiana un leader nell\u2019apprendimento basato sul lavoro, stiamo cercando di diventare una destinazione privilegiata per i datori di lavoro che desiderano espandere le attivit\u00e0 esistenti e per gli imprenditori che lavorano per avviare nuove attivit\u00e0\u201d.&nbsp;<\/p>\n<\/section>\n\n<section class=\"block wordpress-block wordpress-paragraph core-paragraph\">\n<p>I membri dell&#039;iLab sono divisi in comitati che si concentrano sui ruoli dei gruppi di stakeholder rilevanti: datori di lavoro, scuole superiori e istituti di istruzione superiore. L\u2019iLab si concentra in particolare su come ampliare l\u2019apprendistato giovanile in tre gruppi industriali: bancario e assicurativo, scienze della vita e assistenza sanitaria e manifatturiero avanzato, che devono tutti affrontare una crescente carenza di talenti. Inoltre, un risultato chiave dell\u2019iLab \u00e8 la raccomandazione di una struttura governativa e operativa in grado di supervisionare il lavoro per estendere l\u2019apprendistato giovanile a tutto lo stato, abbracciando infine tutti i settori dell\u2019economia dell\u2019Indiana.&nbsp;&nbsp;<\/p>\n<\/section>\n\n<section class=\"block wordpress-block wordpress-paragraph core-paragraph\">\n<p>Grazie agli investimenti pluriennali della Fairbanks Foundation volti a portare il moderno sistema di apprendistato giovanile in Indiana, l&#039;azienda fornisce competenze in materia e collabora con la leadership di CEMETS per supervisionare l&#039;iLab dall&#039;inizio al completamento. <a href=\"https:\/\/ascendindiana.com\/\" target=\"_blank\" rel=\"noreferrer noopener\">Sali sull&#039;Indiana<\/a>, l&#039;iniziativa per lo sviluppo del talento e della forza lavoro di <a href=\"https:\/\/www.cicpindiana.com\/\" target=\"_blank\" rel=\"noreferrer noopener\">Partenariato aziendale dell&#039;Indiana centrale<\/a>, fornisce gestione dei progetti per i comitati iLab, offre opportunit\u00e0 ai leader del settore di vedere gli apprendistati in azione e coordina le riunioni delle parti interessate di iLab. <a href=\"https:\/\/indychamber.com\/\" target=\"_blank\" rel=\"noreferrer noopener\">La Camera di Indy<\/a> sta conducendo un&#039;analisi dell&#039;occupazione nel settore per informare il lavoro dell&#039;iLab e svilupper\u00e0 un piano su come comunicare l&#039;apprendistato giovanile moderno ai datori di lavoro e ad altre parti interessate.&nbsp;<\/p>\n<\/section>\n\n<section class=\"block wordpress-block wordpress-paragraph core-paragraph\">\n<p>Per finanziare la gestione dell&#039;iLab, la Fairbanks Foundation ha assegnato una sovvenzione di $100.000 alla Indy Chamber e una parte della sovvenzione esistente di $6 milioni della Fairbanks Foundation ad Ascend Indiana viene utilizzata per finanziare il loro lavoro con l&#039;iLab. Ascend supporter\u00e0 anche viaggi specifici del settore per i membri del comitato iLab.&nbsp;<\/p>\n<\/section>\n\n<section class=\"block wordpress-block wordpress-paragraph core-paragraph\">\n<p>\u201ciLab Indiana \u00e8 fondamentale per consentire al nostro Stato di soddisfare le esigenze di talento collegando molti pi\u00f9 giovani con opportunit\u00e0 di apprendimento basato sul lavoro\u201d, ha affermato Melina Kennedy, CEO di Central Indiana Corporate Partnership. \u201cIl CICP \u00e8 ben posizionato per sostenere questa coalizione attraverso le sue iniziative nel settore industriale. Inoltre, Ascend offre una prospettiva unica per coordinare questo sforzo, data la sua esperienza come intermediario della forza lavoro che convoca anche una comunit\u00e0 di pratica di apprendistato giovanile a livello statale\u201d.&nbsp;<\/p>\n<\/section>\n\n<section class=\"block wordpress-block wordpress-paragraph core-paragraph\">\n<p>\u201cIl nostro sistema attuale non soddisfa le esigenze degli studenti, dei datori di lavoro o dello Stato. Il moderno modello di apprendistato giovanile rappresenta un&#039;opportunit\u00e0 unica per investire nei talenti locali di Hoosier e per soddisfare le esigenze dell&#039;economia di domani&quot;, ha affermato Matt Mindrum, presidente e CEO di Indy Chamber. \u201cInsieme, possiamo posizionare l\u2019Indiana come leader e innovatore nella riforma dell\u2019istruzione e nello sviluppo della forza lavoro\u201d.&nbsp;<\/p>\n<\/section>\n\n<section class=\"block wordpress-block wordpress-paragraph core-paragraph\">\n<p>L&#039;obiettivo finale di CEMETS iLab Indiana \u00e8 garantire che entro il 2034 ogni studente e discente adulto in Indiana abbia accesso a opzioni di istruzione e formazione di alta qualit\u00e0. Il raggiungimento di questo obiettivo consentir\u00e0 a tutti gli Hoosier di scoprire le proprie passioni, raggiungere il massimo potenziale e contribuire in modo significativo alla vitalit\u00e0 economica e civica delle loro comunit\u00e0.&nbsp;<\/p>\n<\/section>\n\n<section class=\"container  block wordpress-block wordpress-heading core-heading\"><div class=\"row\"><div class=\"col-12\">\n<h2 class=\"wp-block-heading has-text-align-center\" id=\"members\">###<\/h2>\n<\/div><\/div><\/section>\n\n<section class=\"aligncenter block wordpress-block wordpress-paragraph core-paragraph\">\n<p class=\"has-text-align-center\"><em>Nota: questo elenco \u00e8 aggiornato al 16 febbraio 2024.<\/em><\/p>\n<\/section>\n\n<section class=\"container  block wordpress-block wordpress-table core-table\"><div class=\"row\"><div class=\"col-12\">\n<figure class=\"wp-block-table\"><table><tbody><tr><td colspan=\"2\"><strong>COMITATO GOVERNANTE<\/strong><\/td><\/tr><tr><td><strong>David Becker, co-presidente<\/strong>&nbsp;<\/td><td><strong>Presidente e CEO della prima banca Internet<\/strong>&nbsp;<\/td><\/tr><tr><td><strong>Claire Fiddian-Green, co-presidente<\/strong>&nbsp;<\/td><td><strong>Presidente e amministratore delegato della Fondazione Richard M. Fairbanks<\/strong>&nbsp;<\/td><\/tr><tr><td>Il senatore Rod Bray&nbsp;<\/td><td>Presidente Pro Tempore del Senato dell&#039;Indiana, Distretto 37&nbsp;<\/td><\/tr><tr><td>Jeff Harrison&nbsp;<\/td><td>Presidente e CEO di Citizens Energy Group&nbsp;<\/td><\/tr><tr><td>Il rappresentante Todd Huston&nbsp;<\/td><td>Presidente della Camera dei rappresentanti dell&#039;Indiana, distretto 37&nbsp;<\/td><\/tr><tr><td>La dottoressa Katie Jenner&nbsp;<\/td><td>Segretario dell&#039;Istruzione dell&#039;Indiana&nbsp;<\/td><\/tr><tr><td>Melina Kennedy&nbsp;<\/td><td>CEO, Partenariato comunitario dell&#039;Indiana centrale&nbsp;<\/td><\/tr><tr><td>Chris Lowery&nbsp;<\/td><td>Commissario dell&#039;Indiana per l&#039;istruzione superiore&nbsp;<\/td><\/tr><tr><td>Matt Mindrum&nbsp;<\/td><td>Presidente e CEO, Indy Chamber&nbsp;<\/td><\/tr><tr><td>Mario Rodriguez&nbsp;<\/td><td>Direttore esecutivo, Autorit\u00e0 aeroportuale di Indianapolis&nbsp;<\/td><\/tr><tr><td>Pamela Whitten&nbsp;<\/td><td>Presidente, Universit\u00e0 dell&#039;Indiana&nbsp;<\/td><\/tr><tr><td colspan=\"2\"><strong>COMITATO INDUSTRIA<\/strong><\/td><\/tr><tr><td><strong>Mike Ash, copresidente<\/strong>&nbsp;<\/td><td><strong>R<\/strong><strong>Presidente Regionale Quinta Terza Banca<\/strong>&nbsp;&nbsp;&nbsp;&nbsp;&nbsp;&nbsp; &nbsp;<\/td><\/tr><tr><td><strong>Dennis Murphy, co-presidente<\/strong>&nbsp;<\/td><td><strong>Presidente e amministratore delegato dell&#039;Indiana University Health<\/strong>&nbsp;<\/td><\/tr><tr><td colspan=\"2\"><strong>Bancario<\/strong>&nbsp;<\/td><\/tr><tr><td>Scott Bove&nbsp;<\/td><td>Presidente della Regione Sud, Star Financial Bank&nbsp;<\/td><\/tr><tr><td>Kyra Clark&nbsp;<\/td><td>Vicepresidente senior e responsabile delle risorse umane, Lake City Bank&nbsp;<\/td><\/tr><tr><td>Angie Dane&nbsp;<\/td><td>Vicepresidente senior, Direttore delle risorse umane, Star Financial Bank&nbsp;<\/td><\/tr><tr><td>Jason Eckerle&nbsp;<\/td><td>Presidente regionale, Indiana centrale e meridionale, PNC Bank&nbsp;<\/td><\/tr><tr><td>David Findlay&nbsp;<\/td><td>Presidente e amministratore delegato della Lake City Bank&nbsp;<\/td><\/tr><tr><td>Juan Gonz\u00e1lez&nbsp;<\/td><td>Presidente, Indiana centrale, KeyBank&nbsp;<\/td><\/tr><tr><td>Steve Harris&nbsp;<\/td><td>Vicepresidente senior e responsabile delle risorse umane, First Merchants Bank&nbsp;<\/td><\/tr><tr><td>Annie Hills&nbsp;<\/td><td>Capo di stato maggiore della Vecchia Banca nazionale&nbsp;<\/td><\/tr><tr><td>Carrie Houston&nbsp;<\/td><td>Primo vicepresidente e responsabile delle risorse umane, Banca nazionale di Indianapolis&nbsp;<\/td><\/tr><tr><td>Jon Loftin&nbsp;<\/td><td>Presidente e COO, MJ Assicurazioni&nbsp;<\/td><\/tr><tr><td>Lucia Mar&nbsp;<\/td><td>Vicepresidente senior e dirigente del mercato, Bank of America&nbsp;<\/td><\/tr><tr><td>Anna Merkel&nbsp;<\/td><td>Vicepresidente senior e responsabile dello sviluppo del mercato, Banca nazionale di Indianapolis&nbsp;<\/td><\/tr><tr><td>Lorena Ortiz&nbsp;<\/td><td>Primo Vice Presidente, Chief People Officer, Prima Banca Internet&nbsp;<\/td><\/tr><tr><td>Giacomo Ryan III&nbsp;<\/td><td>Amministratore delegato della Vecchia Banca Nazionale&nbsp;<\/td><\/tr><tr><td>Jake Sappenfield&nbsp;<\/td><td>Presidente del mercato commerciale, prima banca finanziaria&nbsp;<\/td><\/tr><tr><td>Roberto Senz&nbsp;<\/td><td>Vicepresidente senior, gestione dei talenti, PNC Bank&nbsp;<\/td><\/tr><tr><td>Michael Stewart&nbsp;<\/td><td>Presidente della First Merchants Corporation e della First Merchants Bank&nbsp;<\/td><\/tr><tr><td>Ambra Van Til&nbsp;<\/td><td>Presidente e amministratore delegato dell&#039;Associazione bancaria dell&#039;Indiana&nbsp;<\/td><\/tr><tr><td colspan=\"2\"><strong>Assicurazione<\/strong>&nbsp;<\/td><\/tr><tr><td>Scott Davison&nbsp;<\/td><td>Presidente, Presidente e CEO, OneAmerica&nbsp;<\/td><\/tr><tr><td>Amanda Pennington&nbsp;<\/td><td>Vicepresidente dell&#039;abilitazione alle vendite, UnitedHealth Group&nbsp;<\/td><\/tr><tr><td>Karin Sarratt&nbsp;<\/td><td>Vicepresidente esecutivo, OneAmerica&nbsp;<\/td><\/tr><tr><td>Kim Tommaso&nbsp;<\/td><td>Vicepresidente, Diversit\u00e0, inclusione e affari comunitari, OneAmerica&nbsp;<\/td><\/tr><tr><td>Kevin Wheeler&nbsp;<\/td><td>Rappresentante del consorzio di formazione del settore assicurativo dell&#039;Indiana&nbsp;<\/td><\/tr><tr><td colspan=\"2\"><strong>Assistenza sanitaria<\/strong><\/td><\/tr><tr><td>Karly Cope&nbsp;<\/td><td>Vicepresidente della gestione dei talenti, Community Health Network&nbsp;<\/td><\/tr><tr><td>Nancy Foster&nbsp;<\/td><td>Responsabile delle risorse umane del mercato, Ascension St. Vincent&nbsp;<\/td><\/tr><tr><td>Kreg Gruber&nbsp;<\/td><td>Amministratore delegato, Beacon Health System&nbsp;<\/td><\/tr><tr><td>Lisa Harris, dottoressa&nbsp;<\/td><td>Amministratore delegato di Eskenazi Health&nbsp;<\/td><\/tr><tr><td>Christia Hicks&nbsp;<\/td><td>Direttore delle risorse umane, Eskenazi Health&nbsp;<\/td><\/tr><tr><td>Erin LaCross, DNP, Marina Militare, NEA-BC, CENP&nbsp;<\/td><td>Vicepresidente senior, Sviluppo professionale infermieristico, Parkview Health&nbsp;<\/td><\/tr><tr><td>Melinda Lebofsky&nbsp;<\/td><td>Vicepresidente senior, responsabile delle risorse umane, Deaconess Health System&nbsp;<\/td><\/tr><tr><td>Michelle Mahaffey&nbsp;<\/td><td>Responsabile delle risorse umane, Rete sanitaria comunitaria&nbsp;<\/td><\/tr><tr><td>Michael Schroyer, Marina militare, MSN, FACHE&nbsp;<\/td><td>Presidente, Baptist Health Floyd&nbsp;<\/td><\/tr><tr><td>Dott.ssa Adrienne D. Sims&nbsp;<\/td><td>Vicepresidente senior, responsabile delle risorse umane, Indiana University Health&nbsp;<\/td><\/tr><tr><td>Maria Jo Smith&nbsp;<\/td><td>Vicepresidente senior delle risorse umane, Franciscan Alliance&nbsp;<\/td><\/tr><tr><td>Ram Yeleti, medico&nbsp;<\/td><td>Vicepresidente esecutivo, medico capo esecutivo, Community Health Network&nbsp;<\/td><\/tr><tr><td colspan=\"2\"><strong>Scienze di vita<\/strong><\/td><\/tr><tr><td>Bridget Boyle&nbsp;<\/td><td>Responsabile Persone e Cultura, Roche Diagnostics&nbsp;<\/td><\/tr><tr><td>Kelly Copes-Anderson&nbsp;<\/td><td>Vicepresidente e responsabile globale della diversit\u00e0, equit\u00e0 e inclusione, Eli Lilly and Company&nbsp;<\/td><\/tr><tr><td>Travis Christman&nbsp;<\/td><td>Vicepresidente della qualit\u00e0 e della regolamentazione, Medartis&nbsp;<\/td><\/tr><tr><td>Allyn Decker&nbsp;<\/td><td>Vicepresidente delle operazioni e del coinvolgimento, OrthoWorx Indiana&nbsp;<\/td><\/tr><tr><td>Trevor Combattivo&nbsp;<\/td><td>Vicepresidente degli affari pubblici, Heartland BioWorks&nbsp;<\/td><\/tr><tr><td>Erin Hughes&nbsp;<\/td><td>Responsabile senior delle risorse umane, Medartis&nbsp;<\/td><\/tr><tr><td>Matteo Linville&nbsp;<\/td><td>Direttore senior, Risorse umane, Zimmer Biomet&nbsp;<\/td><\/tr><tr><td>Erin Serafino&nbsp;<\/td><td>Direttore dei talenti, OrthoWorx Indiana&nbsp;<\/td><\/tr><tr><td>Maurizio Taylor&nbsp;<\/td><td>Direttore esecutivo, Attrazione dei talenti, Marketing di reclutamento e Programmi di equit\u00e0 della forza lavoro, Eli Lilly and Company&nbsp;<\/td><\/tr><tr><td>Bob Vitoux&nbsp;<\/td><td>Presidente e CEO di OrthoWorx Indiana&nbsp;<\/td><\/tr><tr><td>Vince Wong&nbsp;<\/td><td>Presidente e CEO di BioCrossroads&nbsp;<\/td><\/tr><tr><td colspan=\"2\"><strong>Produzione avanzata<\/strong>&nbsp;<\/td><\/tr><tr><td>Rappresentante&nbsp;<\/td><td>Subaru Indiana&nbsp;<\/td><\/tr><tr><td>Katrin Gerig&nbsp;<\/td><td>Vicepresidente delle risorse umane, Telamon&nbsp;<\/td><\/tr><tr><td>Dannette Howard&nbsp;&nbsp;<\/td><td>Direttore della formazione globale, responsabilit\u00e0 aziendale, Cummins, Inc.&nbsp;&nbsp;&nbsp;&nbsp;<\/td><\/tr><tr><td>Marco Murphy&nbsp;<\/td><td>Presidente, PRD, Inc.&nbsp;<\/td><\/tr><tr><td>Maribeth Nelson&nbsp;<\/td><td>Responsabile delle risorse umane, Tecnologie mediche di precisione&nbsp;<\/td><\/tr><tr><td>Nicole Ott&nbsp;<\/td><td>Direttore dello sviluppo della forza lavoro, Endress+Hauser USA&nbsp;<\/td><\/tr><tr><td>Josh Wilber&nbsp;<\/td><td>Direttore delle risorse umane, Grote Industries&nbsp;<\/td><\/tr><tr><td colspan=\"2\"><strong>Stato e partner intermediari<\/strong>&nbsp;<\/td><\/tr><tr><td>Tony Denhart&nbsp;<\/td><td>Vicepresidente esecutivo, Forza lavoro e talenti, Indiana Economic Development Corporation&nbsp;<\/td><\/tr><tr><td>Carrie Lively&nbsp;<\/td><td>Direttore esecutivo, The Pursuit Institute&nbsp;<\/td><\/tr><tr><td>Michi McClaine&nbsp;<\/td><td>Vicepresidente dello sviluppo dei talenti, Iniziative di opportunit\u00e0 regionali&nbsp;<\/td><\/tr><tr><td>Matt Mindrum&nbsp;<\/td><td>Presidente e CEO, Indy Chamber&nbsp;<\/td><\/tr><tr><td>Riccardo Paulk&nbsp;<\/td><td>Commissario, Dipartimento per lo sviluppo della forza lavoro dell&#039;Indiana&nbsp;<\/td><\/tr><tr><td>David Rosenberg&nbsp;<\/td><td>Segretario del Commercio, Indiana Economic Development Corporation&nbsp;<\/td><\/tr><tr><td>Vanessa Green Sinders&nbsp;<\/td><td>Presidente e amministratore delegato della Camera di commercio dell&#039;Indiana&nbsp;<\/td><\/tr><tr><td>Jay Stili&nbsp;<\/td><td>Vicepresidente senior, Partenariati e connessioni di talenti, EmployIndy&nbsp;<\/td><\/tr><tr><td colspan=\"2\"><strong>COMITATO SCUOLA SUPERIORE<\/strong><\/td><\/tr><tr><td><strong>Dan Funston, co-presidente<\/strong>&nbsp;<\/td><td><strong>S<\/strong><strong>sovrintendente, Concord Community Schools<\/strong>&nbsp;<\/td><\/tr><tr><td><strong>Kent Kramer, copresidente<\/strong>&nbsp;<\/td><td><strong>Presidente e CEO, Goodwill dell&#039;Indiana centrale e meridionale<\/strong>&nbsp;<\/td><\/tr><tr><td colspan=\"2\"><strong>Distretti o reti di scuole charter<\/strong><\/td><\/tr><tr><td>Andy Allen&nbsp;<\/td><td>Preside della scuola superiore, Batesville Community School Corporation&nbsp;<\/td><\/tr><tr><td>Adamo Barton&nbsp;<\/td><td>Preside della scuola superiore, Eastern Hancock Community School Corporation&nbsp;<\/td><\/tr><tr><td>Tara Vescovo&nbsp;<\/td><td>Soprintendente, Perry Central Community Schools&nbsp;<\/td><\/tr><tr><td>Il dottor Jeff Butts&nbsp;<\/td><td>Sovrintendente, MSD Wayne Township&nbsp;<\/td><\/tr><tr><td>Rebecca Daugherty-Saunders&nbsp;<\/td><td>Direttore distrettuale della preparazione universitaria e professionale, MSD Wayne Township&nbsp;<\/td><\/tr><tr><td>Betsy Delgado&nbsp;<\/td><td>Vicepresidente senior e responsabile della missione e dell&#039;istruzione, Goodwill dell&#039;Indiana centrale e meridionale&nbsp;<\/td><\/tr><tr><td>Jody francese&nbsp;<\/td><td>Jr.\/Sr. Preside della scuola superiore, Perry Central Community Schools&nbsp;<\/td><\/tr><tr><td>Dottor David Hoffert&nbsp;<\/td><td>Sovrintendente, Scuole della Comunit\u00e0 di Varsavia&nbsp;<\/td><\/tr><tr><td>Andrea Huff&nbsp;<\/td><td>Soprintendente, Barr-Reeve Community Schools&nbsp;<\/td><\/tr><tr><td>La dottoressa Aleesia Johnson&nbsp;<\/td><td>Soprintendente, scuole pubbliche di Indianapolis&nbsp;<\/td><\/tr><tr><td>La dottoressa Lisa Kendall&nbsp;<\/td><td>Assistente sovrintendente della programmazione educativa, Concord Community Schools&nbsp;<\/td><\/tr><tr><td>Paolo Ketcham&nbsp;<\/td><td>Sovrintendente, Batesville Community School Corporation&nbsp;<\/td><\/tr><tr><td>Melissa Kissling&nbsp;<\/td><td>Responsabile dei collegamenti universitari e professionali, scuole della comunit\u00e0 di Varsavia&nbsp;<\/td><\/tr><tr><td>Robert McDermott&nbsp;<\/td><td>Assistente sovrintendente, Duneland School Corporation&nbsp;<\/td><\/tr><tr><td>Chip Pettit&nbsp;<\/td><td>Sovrintendente, Duneland School Corporation&nbsp;<\/td><\/tr><tr><td>Il dottor George Philhower&nbsp;<\/td><td>Sovrintendente, Eastern Hancock Community School Corporation&nbsp;<\/td><\/tr><tr><td>Tim Pletcher&nbsp;<\/td><td>Preside della scuola superiore, scuole comunitarie di Baugo&nbsp;<\/td><\/tr><tr><td>Byron Sanders&nbsp;<\/td><td>Soprintendente, Scuole Comunitarie di Baugo&nbsp;<\/td><\/tr><tr><td>La dottoressa Keanna Warren&nbsp;<\/td><td>CEO, Purdue Polytechnic High Schools&nbsp;<\/td><\/tr><tr><td>BJ Watt&nbsp;<\/td><td>Direttore esecutivo di OptIN, Evansville-Vanderburgh School Corporation&nbsp;<\/td><\/tr><tr><td colspan=\"2\"><strong>Stato e partner intermediari<\/strong><\/td><\/tr><tr><td>Beth Bray&nbsp;<\/td><td>Responsabile del programma, programma educativo, Walton Family Foundation&nbsp;<\/td><\/tr><tr><td>Jason Callahan&nbsp;<\/td><td>Assistente segretario per i percorsi e le opportunit\u00e0 degli studenti, Dipartimento dell&#039;Istruzione dell&#039;Indiana&nbsp;<\/td><\/tr><tr><td>Erika Seydel Cheney&nbsp;<\/td><td>VP, Apprendimento connesso alla carriera K-12, EmployIndy&nbsp;<\/td><\/tr><tr><td>Todd Hurst&nbsp;<\/td><td>Direttore esecutivo, Institute for Workforce Excellence, Camera di commercio dell&#039;Indiana&nbsp;<\/td><\/tr><tr><td>Sarah Koontz&nbsp;<\/td><td>Direttore degli apprendistati giovanili di CareerWise, contea di CareerWise Elkhart&nbsp;<\/td><\/tr><tr><td>La dottoressa Katie Lash&nbsp;<\/td><td>Vicepresidente per le scuole primarie e secondarie e le iniziative strategiche, Ivy Tech Community College&nbsp;<\/td><\/tr><tr><td colspan=\"2\"><strong>COMITATO ISTRUZIONE SUPERIORE<\/strong><\/td><\/tr><tr><td><strong>S<\/strong><strong>ue Ellspermann, copresidente<\/strong>&nbsp;<\/td><td><strong>P<\/strong><strong>residente, Ivy Tech Community College<\/strong>&nbsp;<\/td><\/tr><tr><td><strong>Ken<\/strong><strong>con Britt, co-presidente<\/strong>&nbsp;<\/td><td><strong>COO e Rettore, Marian University<\/strong>&nbsp;<\/td><\/tr><tr><td colspan=\"2\"><strong>Istituti di istruzione superiore<\/strong>&nbsp;<\/td><\/tr><tr><td>Melissa Beckwith&nbsp;<\/td><td>Direttore strategico della Butler University&nbsp;<\/td><\/tr><tr><td>Daniel Castro-Lacouture&nbsp;<\/td><td>Preside, Purdue Polytechnic Institute&nbsp;<\/td><\/tr><tr><td>Molly Dodge&nbsp;<\/td><td>Vicepresidente senior, Forza lavoro e carriere, Ivy Tech Community College&nbsp;<\/td><\/tr><tr><td>Sean Huddleston&nbsp;<\/td><td>Presidente, Universit\u00e0 Martin&nbsp;<\/td><\/tr><tr><td>Dottie King&nbsp;<\/td><td>Presidente e amministratore delegato dei college indipendenti dell&#039;Indiana&nbsp;<\/td><\/tr><tr><td>Andrea Kocher&nbsp;<\/td><td>Vicepresidente delle partnership aziendali e comunitarie, Universit\u00e0 di Indianapolis&nbsp;<\/td><\/tr><tr><td>La dottoressa Leah Nellis&nbsp;<\/td><td>Prorettore per l&#039;Innovazione e i Progetti Speciali; Responsabile strategico per le iniziative accademiche, Ufficio IU dei partenariati scolastici; Professore di Educazione, Universit\u00e0 dell&#039;Indiana&nbsp;<\/td><\/tr><tr><td>La dottoressa Lori Pence&nbsp;<\/td><td>Rettore associato per programmi e partenariati K-12, Universit\u00e0 di Vincennes&nbsp;<\/td><\/tr><tr><td colspan=\"2\"><strong>Stato e partner intermediari<\/strong>&nbsp;<\/td><\/tr><tr><td>La dottoressa Michelle Ashcraft&nbsp;<\/td><td>Commissario associato senior e responsabile del programma, Commissione per l&#039;istruzione superiore dell&#039;Indiana&nbsp;<\/td><\/tr><tr><td>Jason Bearce&nbsp;<\/td><td>Vicepresidente, Formazione e sviluppo della forza lavoro, Camera di commercio dell&#039;Indiana&nbsp;<\/td><\/tr><tr><td>Betsy Revell&nbsp;<\/td><td>Vicepresidente senior, carriera<em>&#8211;<\/em>Apprendimento connesso, EmployIndy&nbsp;<\/td><\/tr><tr><td>Brian Wiebe&nbsp;<\/td><td>Presidente e CEO di Horizon Education Alliance&nbsp;<\/td><\/tr><tr><td colspan=\"2\"><strong>COMITATO POLITICO<\/strong><\/td><\/tr><tr><td><strong>Rappresentante Bob Behning,<\/strong><strong> co-presidente<\/strong>&nbsp;<\/td><td><strong>Presidente, comitato per l&#039;istruzione, distretto 91 della Camera dei rappresentanti dell&#039;Indiana<\/strong>&nbsp;<\/td><\/tr><tr><td><strong>Senatore Jeff Raatz,<\/strong><strong> co-presidente<\/strong>&nbsp;<\/td><td><strong>Presidente, comitato per l&#039;istruzione e lo sviluppo della carriera, distretto 27 del Senato dell&#039;Indiana<\/strong>&nbsp;<\/td><\/tr><tr><td colspan=\"2\"><strong>Funzionari eletti<\/strong>&nbsp;<\/td><\/tr><tr><td>Senatore Andrea Hunley&nbsp;<\/td><td>Senatore, distretto 46 del Senato dell&#039;Indiana&nbsp;<\/td><\/tr><tr><td>Rappresentante Julie McGuire&nbsp;<\/td><td>Rappresentante, Distretto 93 dell&#039;Indiana House&nbsp;<\/td><\/tr><tr><td>Rappresentante Vernon Smith&nbsp;<\/td><td>Rappresentante, Distretto 14 dell&#039;Indiana House&nbsp;<\/td><\/tr><tr><td colspan=\"2\"><strong>Partner statali, aziendali e intermediari<\/strong>&nbsp;<\/td><\/tr><tr><td>Jason Bearce&nbsp;<\/td><td>Vicepresidente, Formazione e sviluppo della forza lavoro, Camera di commercio dell&#039;Indiana&nbsp;<\/td><\/tr><tr><td>Susan Brock-Williams&nbsp;<\/td><td>Vicepresidente associato, Affari governativi statali, Eli Lilly and Company&nbsp;<\/td><\/tr><tr><td>David Buyze&nbsp;<\/td><td>Direttore delle politiche e dei programmi speciali, Dipartimento dell&#039;Istruzione dell&#039;Indiana&nbsp;<\/td><\/tr><tr><td>Miranda Cripe&nbsp;<\/td><td>CareerWise Responsabile del partenariato della contea di Elkhart, Horizon Education Alliance&nbsp;<\/td><\/tr><tr><td>Whitney Ertel&nbsp;<\/td><td>Direttore esecutivo, Gabinetto della forza lavoro del Governatore&nbsp;<\/td><\/tr><tr><td>Josh Garrison&nbsp;<\/td><td>Commissario associato senior e capo del personale, Commissione per l&#039;istruzione superiore dell&#039;Indiana&nbsp;<\/td><\/tr><tr><td>Taylor Hughes&nbsp;<\/td><td>Vicepresidente, Politica e strategia, Indy Chamber&nbsp;<\/td><\/tr><tr><td>Danny Kelly&nbsp;<\/td><td>Direttore politico, Repubblicani della Camera dell&#039;Indiana&nbsp;<\/td><\/tr><tr><td>Marie Mackintosh&nbsp;<\/td><td>Presidente e amministratore delegato di EmployIndy&nbsp;<\/td><\/tr><tr><td>Tina Peterson&nbsp;<\/td><td>Presidente e CEO, Iniziative di opportunit\u00e0 regionali&nbsp;<\/td><\/tr><tr><td>Betsy Wiley&nbsp;<\/td><td>Presidente e amministratore delegato dell&#039;Istituto per l&#039;istruzione di qualit\u00e0&nbsp;<\/td><\/tr><\/tbody><\/table><\/figure>\n<\/div><\/div><\/section>","protected":false},"excerpt":{"rendered":"<p>Pi\u00f9 di 100 leader dell\u2019Indiana, tra cui amministratori delegati di aziende, rettori universitari, sovrintendenti delle scuole primarie e secondarie e funzionari del governo statale, si sono uniti a una coalizione per sviluppare un moderno sistema di apprendistato giovanile a livello statale.<\/p>","protected":false},"author":7,"featured_media":13367,"comment_status":"closed","ping_status":"open","sticky":false,"template":"","format":"standard","meta":{"_acf_changed":false,"footnotes":""},"categories":[37,25],"tags":[],"class_list":["post-13416","post","type-post","status-publish","format-standard","has-post-thumbnail","hentry","category-education","category-vitality-of-indianapolis"],"acf":[],"yoast_head":"<!-- This site is optimized with the Yoast SEO plugin v26.0 - https:\/\/yoast.com\/wordpress\/plugins\/seo\/ -->\n<title>Indiana leaders form coalition to build, grow youth apprenticeship - Richard M. Fairbanks Foundation<\/title>\n<meta name=\"description\" content=\"Indiana leaders form coalition to build, grow youth apprenticeship. Business, education, government and philanthropic leaders join forces to help solve workforce development crisis.\" \/>\n<meta name=\"robots\" content=\"index, follow, max-snippet:-1, max-image-preview:large, max-video-preview:-1\" \/>\n<link rel=\"canonical\" href=\"https:\/\/old.rmff.wrhosting.net\/it\/2024\/01\/indiana-leaders-form-coalition-to-build-grow-youth-apprenticeship\/\" \/>\n<meta property=\"og:locale\" content=\"it_IT\" \/>\n<meta property=\"og:type\" content=\"article\" \/>\n<meta property=\"og:title\" content=\"Indiana leaders form coalition to build, grow youth apprenticeship - Richard M. Fairbanks Foundation\" \/>\n<meta property=\"og:description\" content=\"Indiana leaders form coalition to build, grow youth apprenticeship. Business, education, government and philanthropic leaders join forces to help solve workforce development crisis.\" \/>\n<meta property=\"og:url\" content=\"https:\/\/old.rmff.wrhosting.net\/it\/2024\/01\/indiana-leaders-form-coalition-to-build-grow-youth-apprenticeship\/\" \/>\n<meta property=\"og:site_name\" content=\"Richard M. Fairbanks Foundation\" \/>\n<meta property=\"article:published_time\" content=\"2024-01-23T12:30:00+00:00\" \/>\n<meta property=\"article:modified_time\" content=\"2024-02-19T16:25:57+00:00\" \/>\n<meta property=\"og:image\" content=\"https:\/\/old.rmff.wrhosting.net\/wp-content\/uploads\/2024\/01\/RMFF-143_NewsImages_696x366_Vitality.jpg\" \/>\n\t<meta property=\"og:image:width\" content=\"1450\" \/>\n\t<meta property=\"og:image:height\" content=\"762\" \/>\n\t<meta property=\"og:image:type\" content=\"image\/jpeg\" \/>\n<meta name=\"author\" content=\"RMFF Staff\" \/>\n<meta name=\"twitter:card\" content=\"summary_large_image\" \/>\n<meta name=\"twitter:label1\" content=\"Scritto da\" \/>\n\t<meta name=\"twitter:data1\" content=\"RMFF Staff\" \/>\n\t<meta name=\"twitter:label2\" content=\"Tempo di lettura stimato\" \/>\n\t<meta name=\"twitter:data2\" content=\"10 minuti\" \/>\n<script type=\"application\/ld+json\" class=\"yoast-schema-graph\">{\"@context\":\"https:\/\/schema.org\",\"@graph\":[{\"@type\":\"WebPage\",\"@id\":\"https:\/\/old.rmff.wrhosting.net\/2024\/01\/indiana-leaders-form-coalition-to-build-grow-youth-apprenticeship\/\",\"url\":\"https:\/\/old.rmff.wrhosting.net\/2024\/01\/indiana-leaders-form-coalition-to-build-grow-youth-apprenticeship\/\",\"name\":\"Indiana leaders form coalition to build, grow youth apprenticeship - Richard M. Fairbanks Foundation\",\"isPartOf\":{\"@id\":\"https:\/\/old.rmff.wrhosting.net\/#website\"},\"primaryImageOfPage\":{\"@id\":\"https:\/\/old.rmff.wrhosting.net\/2024\/01\/indiana-leaders-form-coalition-to-build-grow-youth-apprenticeship\/#primaryimage\"},\"image\":{\"@id\":\"https:\/\/old.rmff.wrhosting.net\/2024\/01\/indiana-leaders-form-coalition-to-build-grow-youth-apprenticeship\/#primaryimage\"},\"thumbnailUrl\":\"https:\/\/old.rmff.wrhosting.net\/wp-content\/uploads\/2024\/01\/RMFF-143_NewsImages_696x366_Vitality.jpg\",\"datePublished\":\"2024-01-23T12:30:00+00:00\",\"dateModified\":\"2024-02-19T16:25:57+00:00\",\"author\":{\"@id\":\"https:\/\/old.rmff.wrhosting.net\/#\/schema\/person\/b9b457f46976a7df932bc8f5cd932a2b\"},\"description\":\"Indiana leaders form coalition to build, grow youth apprenticeship. Business, education, government and philanthropic leaders join forces to help solve workforce development crisis.\",\"breadcrumb\":{\"@id\":\"https:\/\/old.rmff.wrhosting.net\/2024\/01\/indiana-leaders-form-coalition-to-build-grow-youth-apprenticeship\/#breadcrumb\"},\"inLanguage\":\"it-IT\",\"potentialAction\":[{\"@type\":\"ReadAction\",\"target\":[\"https:\/\/old.rmff.wrhosting.net\/2024\/01\/indiana-leaders-form-coalition-to-build-grow-youth-apprenticeship\/\"]}]},{\"@type\":\"ImageObject\",\"inLanguage\":\"it-IT\",\"@id\":\"https:\/\/old.rmff.wrhosting.net\/2024\/01\/indiana-leaders-form-coalition-to-build-grow-youth-apprenticeship\/#primaryimage\",\"url\":\"https:\/\/old.rmff.wrhosting.net\/wp-content\/uploads\/2024\/01\/RMFF-143_NewsImages_696x366_Vitality.jpg\",\"contentUrl\":\"https:\/\/old.rmff.wrhosting.net\/wp-content\/uploads\/2024\/01\/RMFF-143_NewsImages_696x366_Vitality.jpg\",\"width\":1450,\"height\":762},{\"@type\":\"BreadcrumbList\",\"@id\":\"https:\/\/old.rmff.wrhosting.net\/2024\/01\/indiana-leaders-form-coalition-to-build-grow-youth-apprenticeship\/#breadcrumb\",\"itemListElement\":[{\"@type\":\"ListItem\",\"position\":1,\"name\":\"Home\",\"item\":\"https:\/\/old.rmff.wrhosting.net\/\"},{\"@type\":\"ListItem\",\"position\":2,\"name\":\"Indiana leaders form coalition to build, grow youth apprenticeship\"}]},{\"@type\":\"WebSite\",\"@id\":\"https:\/\/old.rmff.wrhosting.net\/#website\",\"url\":\"https:\/\/old.rmff.wrhosting.net\/\",\"name\":\"Richard M. Fairbanks Foundation\",\"description\":\"Advancing the vitality of Indianapolis and the well-being of its people.\",\"potentialAction\":[{\"@type\":\"SearchAction\",\"target\":{\"@type\":\"EntryPoint\",\"urlTemplate\":\"https:\/\/old.rmff.wrhosting.net\/?s={search_term_string}\"},\"query-input\":{\"@type\":\"PropertyValueSpecification\",\"valueRequired\":true,\"valueName\":\"search_term_string\"}}],\"inLanguage\":\"it-IT\"},{\"@type\":\"Person\",\"@id\":\"https:\/\/old.rmff.wrhosting.net\/#\/schema\/person\/b9b457f46976a7df932bc8f5cd932a2b\",\"name\":\"RMFF Staff\",\"image\":{\"@type\":\"ImageObject\",\"inLanguage\":\"it-IT\",\"@id\":\"https:\/\/old.rmff.wrhosting.net\/#\/schema\/person\/image\/\",\"url\":\"https:\/\/secure.gravatar.com\/avatar\/12c7a6f2976d144ddd06770e26358ad375903bd67a5780c9e3f58914c92511a7?s=96&d=mm&r=g\",\"contentUrl\":\"https:\/\/secure.gravatar.com\/avatar\/12c7a6f2976d144ddd06770e26358ad375903bd67a5780c9e3f58914c92511a7?s=96&d=mm&r=g\",\"caption\":\"RMFF Staff\"},\"url\":\"http:\/\/old.rmff.wrhosting.net\/it\/author\/admin\/\"}]}<\/script>\n<!-- \/ Yoast SEO plugin. -->","yoast_head_json":{"title":"Indiana leaders form coalition to build, grow youth apprenticeship - Richard M. Fairbanks Foundation","description":"Indiana leaders form coalition to build, grow youth apprenticeship. Business, education, government and philanthropic leaders join forces to help solve workforce development crisis.","robots":{"index":"index","follow":"follow","max-snippet":"max-snippet:-1","max-image-preview":"max-image-preview:large","max-video-preview":"max-video-preview:-1"},"canonical":"https:\/\/old.rmff.wrhosting.net\/it\/2024\/01\/indiana-leaders-form-coalition-to-build-grow-youth-apprenticeship\/","og_locale":"it_IT","og_type":"article","og_title":"Indiana leaders form coalition to build, grow youth apprenticeship - Richard M. Fairbanks Foundation","og_description":"Indiana leaders form coalition to build, grow youth apprenticeship. Business, education, government and philanthropic leaders join forces to help solve workforce development crisis.","og_url":"https:\/\/old.rmff.wrhosting.net\/it\/2024\/01\/indiana-leaders-form-coalition-to-build-grow-youth-apprenticeship\/","og_site_name":"Richard M. Fairbanks Foundation","article_published_time":"2024-01-23T12:30:00+00:00","article_modified_time":"2024-02-19T16:25:57+00:00","og_image":[{"width":1450,"height":762,"url":"https:\/\/old.rmff.wrhosting.net\/wp-content\/uploads\/2024\/01\/RMFF-143_NewsImages_696x366_Vitality.jpg","type":"image\/jpeg"}],"author":"RMFF Staff","twitter_card":"summary_large_image","twitter_misc":{"Scritto da":"RMFF Staff","Tempo di lettura stimato":"10 minuti"},"schema":{"@context":"https:\/\/schema.org","@graph":[{"@type":"WebPage","@id":"https:\/\/old.rmff.wrhosting.net\/2024\/01\/indiana-leaders-form-coalition-to-build-grow-youth-apprenticeship\/","url":"https:\/\/old.rmff.wrhosting.net\/2024\/01\/indiana-leaders-form-coalition-to-build-grow-youth-apprenticeship\/","name":"Indiana leaders form coalition to build, grow youth apprenticeship - Richard M. Fairbanks Foundation","isPartOf":{"@id":"https:\/\/old.rmff.wrhosting.net\/#website"},"primaryImageOfPage":{"@id":"https:\/\/old.rmff.wrhosting.net\/2024\/01\/indiana-leaders-form-coalition-to-build-grow-youth-apprenticeship\/#primaryimage"},"image":{"@id":"https:\/\/old.rmff.wrhosting.net\/2024\/01\/indiana-leaders-form-coalition-to-build-grow-youth-apprenticeship\/#primaryimage"},"thumbnailUrl":"https:\/\/old.rmff.wrhosting.net\/wp-content\/uploads\/2024\/01\/RMFF-143_NewsImages_696x366_Vitality.jpg","datePublished":"2024-01-23T12:30:00+00:00","dateModified":"2024-02-19T16:25:57+00:00","author":{"@id":"https:\/\/old.rmff.wrhosting.net\/#\/schema\/person\/b9b457f46976a7df932bc8f5cd932a2b"},"description":"Indiana leaders form coalition to build, grow youth apprenticeship. Business, education, government and philanthropic leaders join forces to help solve workforce development crisis.","breadcrumb":{"@id":"https:\/\/old.rmff.wrhosting.net\/2024\/01\/indiana-leaders-form-coalition-to-build-grow-youth-apprenticeship\/#breadcrumb"},"inLanguage":"it-IT","potentialAction":[{"@type":"ReadAction","target":["https:\/\/old.rmff.wrhosting.net\/2024\/01\/indiana-leaders-form-coalition-to-build-grow-youth-apprenticeship\/"]}]},{"@type":"ImageObject","inLanguage":"it-IT","@id":"https:\/\/old.rmff.wrhosting.net\/2024\/01\/indiana-leaders-form-coalition-to-build-grow-youth-apprenticeship\/#primaryimage","url":"https:\/\/old.rmff.wrhosting.net\/wp-content\/uploads\/2024\/01\/RMFF-143_NewsImages_696x366_Vitality.jpg","contentUrl":"https:\/\/old.rmff.wrhosting.net\/wp-content\/uploads\/2024\/01\/RMFF-143_NewsImages_696x366_Vitality.jpg","width":1450,"height":762},{"@type":"BreadcrumbList","@id":"https:\/\/old.rmff.wrhosting.net\/2024\/01\/indiana-leaders-form-coalition-to-build-grow-youth-apprenticeship\/#breadcrumb","itemListElement":[{"@type":"ListItem","position":1,"name":"Home","item":"https:\/\/old.rmff.wrhosting.net\/"},{"@type":"ListItem","position":2,"name":"Indiana leaders form coalition to build, grow youth apprenticeship"}]},{"@type":"WebSite","@id":"https:\/\/old.rmff.wrhosting.net\/#website","url":"https:\/\/old.rmff.wrhosting.net\/","name":"Fondazione Richard M. Fairbanks","description":"Promuovere la vitalit\u00e0 di Indianapolis e il benessere della sua gente.","potentialAction":[{"@type":"SearchAction","target":{"@type":"EntryPoint","urlTemplate":"https:\/\/old.rmff.wrhosting.net\/?s={search_term_string}"},"query-input":{"@type":"PropertyValueSpecification","valueRequired":true,"valueName":"search_term_string"}}],"inLanguage":"it-IT"},{"@type":"Person","@id":"https:\/\/old.rmff.wrhosting.net\/#\/schema\/person\/b9b457f46976a7df932bc8f5cd932a2b","name":"RMFF Staff","image":{"@type":"ImageObject","inLanguage":"it-IT","@id":"https:\/\/old.rmff.wrhosting.net\/#\/schema\/person\/image\/","url":"https:\/\/secure.gravatar.com\/avatar\/12c7a6f2976d144ddd06770e26358ad375903bd67a5780c9e3f58914c92511a7?s=96&d=mm&r=g","contentUrl":"https:\/\/secure.gravatar.com\/avatar\/12c7a6f2976d144ddd06770e26358ad375903bd67a5780c9e3f58914c92511a7?s=96&d=mm&r=g","caption":"RMFF Staff"},"url":"http:\/\/old.rmff.wrhosting.net\/it\/author\/admin\/"}]}},"_links":{"self":[{"href":"http:\/\/old.rmff.wrhosting.net\/it\/wp-json\/wp\/v2\/posts\/13416","targetHints":{"allow":["GET"]}}],"collection":[{"href":"http:\/\/old.rmff.wrhosting.net\/it\/wp-json\/wp\/v2\/posts"}],"about":[{"href":"http:\/\/old.rmff.wrhosting.net\/it\/wp-json\/wp\/v2\/types\/post"}],"author":[{"embeddable":true,"href":"http:\/\/old.rmff.wrhosting.net\/it\/wp-json\/wp\/v2\/users\/7"}],"replies":[{"embeddable":true,"href":"http:\/\/old.rmff.wrhosting.net\/it\/wp-json\/wp\/v2\/comments?post=13416"}],"version-history":[{"count":19,"href":"http:\/\/old.rmff.wrhosting.net\/it\/wp-json\/wp\/v2\/posts\/13416\/revisions"}],"predecessor-version":[{"id":13581,"href":"http:\/\/old.rmff.wrhosting.net\/it\/wp-json\/wp\/v2\/posts\/13416\/revisions\/13581"}],"wp:featuredmedia":[{"embeddable":true,"href":"http:\/\/old.rmff.wrhosting.net\/it\/wp-json\/wp\/v2\/media\/13367"}],"wp:attachment":[{"href":"http:\/\/old.rmff.wrhosting.net\/it\/wp-json\/wp\/v2\/media?parent=13416"}],"wp:term":[{"taxonomy":"category","embeddable":true,"href":"http:\/\/old.rmff.wrhosting.net\/it\/wp-json\/wp\/v2\/categories?post=13416"},{"taxonomy":"post_tag","embeddable":true,"href":"http:\/\/old.rmff.wrhosting.net\/it\/wp-json\/wp\/v2\/tags?post=13416"}],"curies":[{"name":"wp","href":"https:\/\/api.w.org\/{rel}","templated":true}]}}