{"id":13416,"date":"2024-01-23T07:30:00","date_gmt":"2024-01-23T12:30:00","guid":{"rendered":"https:\/\/www.rmff.org\/?p=13416"},"modified":"2024-02-19T11:25:57","modified_gmt":"2024-02-19T16:25:57","slug":"indiana-leaders-form-coalition-to-build-grow-youth-apprenticeship","status":"publish","type":"post","link":"http:\/\/old.rmff.wrhosting.net\/fr\/2024\/01\/indiana-leaders-form-coalition-to-build-grow-youth-apprenticeship\/","title":{"rendered":"Les dirigeants de l&#039;Indiana forment une coalition pour cr\u00e9er et d\u00e9velopper l&#039;apprentissage des jeunes"},"content":{"rendered":"<section class=\"container  block wordpress-block wordpress-heading core-heading\"><div class=\"row\"><div class=\"col-12\">\n<h2 class=\"wp-block-heading has-text-align-center\"><strong>Les dirigeants de l&#039;Indiana forment une coalition pour cr\u00e9er et d\u00e9velopper l&#039;apprentissage des jeunes<\/strong><\/h2>\n<\/div><\/div><\/section>\n\n<section class=\"aligncenter block wordpress-block wordpress-paragraph core-paragraph\">\n<p class=\"has-text-align-center\"><em>Les dirigeants du monde des affaires, de l\u2019\u00e9ducation, du gouvernement et de la philanthropie unissent leurs forces<br>pour aider \u00e0 r\u00e9soudre la crise du d\u00e9veloppement de la main-d&#039;\u0153uvre<\/em><\/p>\n<\/section>\n\n<section class=\"block wordpress-block wordpress-paragraph core-paragraph\">\n<p>INDIANAPOLIS, le 23 janvier 2024 \u2013 Plus de 100 dirigeants de l&#039;Indiana, dont des PDG d&#039;entreprise, des pr\u00e9sidents d&#039;universit\u00e9, des surintendants de la maternelle \u00e0 la 12e ann\u00e9e et des repr\u00e9sentants du gouvernement de l&#039;\u00c9tat, ont rejoint une coalition pour d\u00e9velopper un syst\u00e8me moderne d&#039;apprentissage pour les jeunes \u00e0 l&#039;\u00e9chelle de l&#039;\u00c9tat de l&#039;Indiana, comme solution potentielle au probl\u00e8me. crise croissante de la main-d&#039;\u0153uvre dans l&#039;\u00c9tat.&nbsp;<\/p>\n<\/section>\n\n<section class=\"block wordpress-block wordpress-paragraph core-paragraph\">\n<p>Le groupe a r\u00e9cemment lanc\u00e9 un laboratoire de mise en \u0153uvre d&#039;une dur\u00e9e de 10 mois (appel\u00e9 iLab), une collaboration intensive qui aboutira \u00e0 un plan complet \u00e0 l&#039;\u00e9chelle de l&#039;\u00c9tat visant \u00e0 augmenter le nombre d&#039;apprentissages modernes disponibles pour les jeunes. Le mod\u00e8le d&#039;apprentissage pour les jeunes permet aux \u00e9l\u00e8ves du secondaire de 11e ann\u00e9e de participer \u00e0 un programme d&#039;apprentissage et de travail r\u00e9mun\u00e9r\u00e9 de trois ans. L&#039;apprentissage se termine par un dipl\u00f4me d&#039;\u00e9tudes secondaires, des cr\u00e9dits universitaires et un dipl\u00f4me de l&#039;industrie, tout en pr\u00e9parant les \u00e9tudiants \u00e0 des carri\u00e8res en demande. CEMETS iLab Indiana est le fruit de l&#039;id\u00e9e originale d&#039;Ursula Renold, Ph.D., et de Katie Caves, Ph.D., du <a href=\"https:\/\/cemets.ethz.ch\/\" target=\"_blank\" rel=\"noreferrer noopener\">Centre d&#039;\u00e9conomie et de gestion des syst\u00e8mes d&#039;\u00e9ducation et de formation<\/a> (CEMETS) de l&#039;ETH Zurich, consid\u00e9r\u00e9s comme les experts les plus \u00e9minents en mati\u00e8re de recherche et de mise en \u0153uvre de l&#039;apprentissage sur le lieu de travail.&nbsp;<\/p>\n<\/section>\n\n<section class=\"block wordpress-block wordpress-paragraph core-paragraph\">\n<p>La p\u00e9nurie de talents de longue date dans l&#039;Indiana s&#039;est aggrav\u00e9e pendant la pand\u00e9mie et est <a href=\"https:\/\/ascendindiana.com\/resources\/indianas-evolving-labor-market-full-report-2022\" target=\"_blank\" rel=\"noreferrer noopener\">projet\u00e9<\/a> augmenter en raison du vieillissement de la population et seulement <a href=\"https:\/\/www.hoosierdata.in.gov\/indicator\/ind.aspx?indicator_id=10&amp;indicator_geo=18000&amp;indicator_style=full&amp;indicator_mode=html\" target=\"_blank\" rel=\"noreferrer noopener\">63% taux d\u2019activit\u00e9<\/a>. De plus, d\u2019ici 2031, <a href=\"https:\/\/cew.georgetown.edu\/cew-reports\/projections2031\/\" target=\"_blank\" rel=\"noreferrer noopener\">72% d&#039;emplois<\/a> aux \u00c9tats-Unis, il faudra faire des \u00e9tudes et\/ou une formation postsecondaires. L&#039;Indiana n&#039;est pas en bonne voie pour r\u00e9pondre \u00e0 ce besoin, avec seulement <a href=\"https:\/\/www.rmff.org\/community-data-snapshot\/education\/\" target=\"_blank\" rel=\"noreferrer noopener\">39% des adultes Hoosier<\/a> 25 ans et plus ayant un dipl\u00f4me d&#039;associ\u00e9 ou sup\u00e9rieur. Pour compliquer les choses, les inscriptions \u00e0 l&#039;universit\u00e9 dans l&#039;Indiana ont diminu\u00e9 de <a href=\"https:\/\/www.in.gov\/che\/college-readiness-reports\/\" target=\"_blank\" rel=\"noreferrer noopener\">65% en 2015 \u00e0 53% en 2021<\/a>. Au total, pour chaque promotion de dipl\u00f4m\u00e9s du secondaire, seulement environ 30% obtiennent un dipl\u00f4me universitaire, ce qui signifie que 70% entrent sur le march\u00e9 du travail sans dipl\u00f4me ni titre.&nbsp;<\/p>\n<\/section>\n\n<section class=\"block wordpress-block wordpress-paragraph core-paragraph\">\n<p>\u00ab Nous devons prendre des mesures audacieuses pour r\u00e9former le syst\u00e8me d&#039;\u00e9ducation et de d\u00e9veloppement de la main-d&#039;\u0153uvre de l&#039;Indiana afin d&#039;obtenir de meilleurs r\u00e9sultats pour les individus, les employeurs et l&#039;\u00e9conomie de l&#039;\u00c9tat \u00bb, a d\u00e9clar\u00e9 David Becker, pr\u00e9sident-directeur g\u00e9n\u00e9ral de <a href=\"https:\/\/www.firstib.com\/\" target=\"_blank\" rel=\"noreferrer noopener\">Premi\u00e8re banque Internet<\/a> et copr\u00e9sident du CEMETS iLab Indiana. \u00ab\u00a0En formant cette coalition sans pr\u00e9c\u00e9dent et en augmentant les possibilit\u00e9s d&#039;apprentissage, nous pouvons changer la trajectoire des probl\u00e8mes de main-d&#039;\u0153uvre de l&#039;Indiana et renforcer l&#039;\u00e9conomie de notre \u00c9tat.\u00a0\u00bb&nbsp;&nbsp;<\/p>\n<\/section>\n\n<section class=\"block wordpress-block wordpress-paragraph core-paragraph\">\n<p>Les membres de l&#039;iLab \u2013 <a href=\"#members\">\u00e9num\u00e9r\u00e9s ci-dessous<\/a> \u2013 comprennent des dirigeants du monde des affaires, de l&#039;\u00e9ducation, du gouvernement et de la philanthropie, dont beaucoup sont devenus des partisans du mouvement moderne d&#039;apprentissage des jeunes lors d&#039;un voyage d&#039;\u00e9change de leadership de l&#039;Indy Chamber en septembre 2023 pour voir le syst\u00e8me suisse en action. Les Suisses sont internationalement reconnus pour leur syst\u00e8me, avec deux tiers des \u00e9l\u00e8ves de 10e ann\u00e9e qui entreprennent un apprentissage r\u00e9mun\u00e9r\u00e9 de trois ou quatre ans dans environ 250 m\u00e9tiers diff\u00e9rents couvrant tous les secteurs de l&#039;\u00e9conomie.&nbsp;<\/p>\n<\/section>\n\n<section class=\"block wordpress-block wordpress-paragraph core-paragraph\">\n<p>Pendant le voyage, Claire Fiddian-Green, pr\u00e9sidente-directrice g\u00e9n\u00e9rale de <a href=\"https:\/\/www.rmff.org\/\" target=\"_blank\" rel=\"noreferrer noopener\">Fondation Richard M. Fairbanks<\/a> et copr\u00e9sident d&#039;iLab, a annonc\u00e9 une subvention de $180 000 qui permettrait \u00e0 CEMETS d&#039;h\u00e9berger un iLab dans l&#039;Indiana. \u00ab\u00a0CEMETS iLab Indiana soutiendra les parties prenantes qui s&#039;efforcent de d\u00e9velopper des programmes modernes d&#039;apprentissage pour les jeunes, \u00e0 la fois dans la r\u00e9gion d&#039;Indianapolis et dans tout l&#039;\u00c9tat\u00a0\u00bb, a d\u00e9clar\u00e9 Fiddian-Green. \u00ab\u00a0En faisant de l&#039;Indiana un leader en mati\u00e8re d&#039;apprentissage en milieu de travail, nous cherchons \u00e0 devenir une destination de choix pour les employeurs qui cherchent \u00e0 d\u00e9velopper leurs entreprises existantes et les entrepreneurs qui s&#039;efforcent de lancer de nouvelles entreprises.\u00a0\u00bb&nbsp;<\/p>\n<\/section>\n\n<section class=\"block wordpress-block wordpress-paragraph core-paragraph\">\n<p>Les membres de l&#039;iLab sont divis\u00e9s en comit\u00e9s qui se concentrent sur les r\u00f4les des groupes de parties prenantes concern\u00e9s \u2013 employeurs, lyc\u00e9es et \u00e9tablissements d&#039;enseignement sup\u00e9rieur. L&#039;iLab vise sp\u00e9cifiquement \u00e0 d\u00e9velopper l&#039;apprentissage des jeunes dans trois groupes industriels : la banque et l&#039;assurance, les sciences de la vie et la sant\u00e9, et la fabrication de pointe, qui sont tous confront\u00e9s \u00e0 une p\u00e9nurie croissante de talents. En outre, un r\u00e9sultat cl\u00e9 de l&#039;iLab est la recommandation d&#039;une structure de gouvernance et d&#039;exploitation capable de superviser le travail visant \u00e0 \u00e9tendre l&#039;apprentissage des jeunes \u00e0 l&#039;\u00e9chelle de l&#039;\u00c9tat, couvrant \u00e0 terme tous les secteurs de l&#039;\u00e9conomie de l&#039;Indiana.&nbsp;&nbsp;<\/p>\n<\/section>\n\n<section class=\"block wordpress-block wordpress-paragraph core-paragraph\">\n<p>Gr\u00e2ce \u00e0 l&#039;investissement de plusieurs ann\u00e9es de la Fairbanks Foundation pour amener le syst\u00e8me moderne d&#039;apprentissage des jeunes dans l&#039;Indiana, elle fournit une expertise en la mati\u00e8re et s&#039;associe aux dirigeants du CEMETS pour superviser l&#039;iLab de sa cr\u00e9ation \u00e0 son ach\u00e8vement. <a href=\"https:\/\/ascendindiana.com\/\" target=\"_blank\" rel=\"noreferrer noopener\">Ascension de l&#039;Indiana<\/a>, l&#039;initiative de d\u00e9veloppement des talents et de la main-d&#039;\u0153uvre de <a href=\"https:\/\/www.cicpindiana.com\/\" target=\"_blank\" rel=\"noreferrer noopener\">Partenariat d\u2019entreprise du centre de l\u2019Indiana<\/a>, assure la gestion de projet pour les comit\u00e9s iLab, offre aux leaders de l&#039;industrie la possibilit\u00e9 de voir les apprentissages en action et coordonne les r\u00e9unions des parties prenantes de l&#039;iLab. <a href=\"https:\/\/indychamber.com\/\" target=\"_blank\" rel=\"noreferrer noopener\">La Chambre d&#039;Indy<\/a> m\u00e8ne une analyse des professions de l&#039;industrie pour \u00e9clairer le travail de l&#039;iLab et \u00e9laborera un plan sur la mani\u00e8re de communiquer sur l&#039;apprentissage moderne des jeunes aux employeurs et aux autres parties prenantes.&nbsp;<\/p>\n<\/section>\n\n<section class=\"block wordpress-block wordpress-paragraph core-paragraph\">\n<p>Pour financer la gestion de l&#039;iLab, la Fondation Fairbanks a accord\u00e9 une subvention de 100 000 $ \u00e0 l&#039;Indy Chamber, et une partie de la subvention existante de $6 millions de la Fondation Fairbanks \u00e0 Ascend Indiana est utilis\u00e9e pour financer son travail avec l&#039;iLab. Ascend prendra \u00e9galement en charge des voyages sp\u00e9cifiques \u00e0 l&#039;industrie pour les membres du comit\u00e9 iLab.&nbsp;<\/p>\n<\/section>\n\n<section class=\"block wordpress-block wordpress-paragraph core-paragraph\">\n<p>\u00ab\u00a0iLab Indiana est essentiel pour permettre \u00e0 notre \u00c9tat de r\u00e9pondre aux besoins en talents en connectant beaucoup plus de jeunes \u00e0 des opportunit\u00e9s d&#039;apprentissage en milieu de travail \u00bb, a d\u00e9clar\u00e9 Melina Kennedy, PDG de Central Indiana Corporate Partnership. \u00ab Le CICP est bien plac\u00e9 pour soutenir cette coalition par le biais de ses initiatives sectorielles industrielles. De plus, Ascend apporte une perspective unique pour coordonner cet effort compte tenu de son expertise en tant qu&#039;interm\u00e9diaire de main-d&#039;\u0153uvre qui rassemble \u00e9galement une communaut\u00e9 de pratique d&#039;apprentissage pour les jeunes \u00e0 l&#039;\u00e9chelle de l&#039;\u00c9tat.&nbsp;<\/p>\n<\/section>\n\n<section class=\"block wordpress-block wordpress-paragraph core-paragraph\">\n<p>\u00ab Notre syst\u00e8me actuel ne r\u00e9pond pas aux besoins des \u00e9tudiants, des employeurs ou de l&#039;\u00c9tat. Le mod\u00e8le moderne d&#039;apprentissage des jeunes est une opportunit\u00e9 unique d&#039;investir dans les talents locaux de Hoosier et de r\u00e9pondre aux besoins de l&#039;\u00e9conomie de demain \u00bb, a d\u00e9clar\u00e9 Matt Mindrum, pr\u00e9sident et chef de la direction d&#039;Indy Chamber. &quot;Ensemble, nous pouvons positionner l&#039;Indiana comme leader et innovateur en mati\u00e8re de r\u00e9forme de l&#039;\u00e9ducation et de d\u00e9veloppement de la main-d&#039;\u0153uvre.&quot;&nbsp;<\/p>\n<\/section>\n\n<section class=\"block wordpress-block wordpress-paragraph core-paragraph\">\n<p>L&#039;objectif ultime du CEMETS iLab Indiana est de garantir que d&#039;ici 2034, chaque \u00e9tudiant et apprenant adulte de l&#039;Indiana ait acc\u00e8s \u00e0 des options d&#039;\u00e9ducation et de formation de haute qualit\u00e9. Atteindre cet objectif permettra \u00e0 tous les Hoosiers de d\u00e9couvrir leurs passions, d&#039;atteindre leur plein potentiel et de contribuer de mani\u00e8re significative \u00e0 la vitalit\u00e9 \u00e9conomique et civique de leurs communaut\u00e9s.&nbsp;<\/p>\n<\/section>\n\n<section class=\"container  block wordpress-block wordpress-heading core-heading\"><div class=\"row\"><div class=\"col-12\">\n<h2 class=\"wp-block-heading has-text-align-center\" id=\"members\">###<\/h2>\n<\/div><\/div><\/section>\n\n<section class=\"aligncenter block wordpress-block wordpress-paragraph core-paragraph\">\n<p class=\"has-text-align-center\"><em>Remarque : cette liste est \u00e0 jour au 16 f\u00e9vrier 2024.<\/em><\/p>\n<\/section>\n\n<section class=\"container  block wordpress-block wordpress-table core-table\"><div class=\"row\"><div class=\"col-12\">\n<figure class=\"wp-block-table\"><table><tbody><tr><td colspan=\"2\"><strong>COMIT\u00c9 DIRECTEUR<\/strong><\/td><\/tr><tr><td><strong>David Becker, copr\u00e9sident<\/strong>&nbsp;<\/td><td><strong>Pr\u00e9sident-directeur g\u00e9n\u00e9ral, First Internet Bank<\/strong>&nbsp;<\/td><\/tr><tr><td><strong>Claire Fiddian-Green, copr\u00e9sidente<\/strong>&nbsp;<\/td><td><strong>Pr\u00e9sident-directeur g\u00e9n\u00e9ral, Fondation Richard M. Fairbanks<\/strong>&nbsp;<\/td><\/tr><tr><td>S\u00e9nateur Rod Bray&nbsp;<\/td><td>Pr\u00e9sident pro tempore du S\u00e9nat de l&#039;Indiana, district 37&nbsp;<\/td><\/tr><tr><td>Jeff Harrison&nbsp;<\/td><td>Pr\u00e9sident-directeur g\u00e9n\u00e9ral, Citizens Energy Group&nbsp;<\/td><\/tr><tr><td>Repr\u00e9sentant Todd Huston&nbsp;<\/td><td>Pr\u00e9sident de la Chambre des repr\u00e9sentants de l&#039;Indiana, district 37&nbsp;<\/td><\/tr><tr><td>Dr Katie Jenner&nbsp;<\/td><td>Secr\u00e9taire \u00e0 l&#039;\u00c9ducation de l&#039;Indiana&nbsp;<\/td><\/tr><tr><td>M\u00e9lina Kennedy&nbsp;<\/td><td>PDG, Partenariat communautaire du centre de l&#039;Indiana&nbsp;<\/td><\/tr><tr><td>Chris Lowery&nbsp;<\/td><td>Commissaire de l&#039;Indiana \u00e0 l&#039;enseignement sup\u00e9rieur&nbsp;<\/td><\/tr><tr><td>Matt Mindrum&nbsp;<\/td><td>Pr\u00e9sident et chef de la direction, Indy Chamber&nbsp;<\/td><\/tr><tr><td>Mario Rodr\u00edguez&nbsp;<\/td><td>Directeur ex\u00e9cutif, Autorit\u00e9 a\u00e9roportuaire d&#039;Indianapolis&nbsp;<\/td><\/tr><tr><td>Pamela Whitten&nbsp;<\/td><td>Pr\u00e9sident, Universit\u00e9 de l&#039;Indiana&nbsp;<\/td><\/tr><tr><td colspan=\"2\"><strong>COMIT\u00c9 INDUSTRIE<\/strong><\/td><\/tr><tr><td><strong>Mike Ash, copr\u00e9sident<\/strong>&nbsp;<\/td><td><strong>R.<\/strong><strong>Pr\u00e9sident r\u00e9gional, Cinqui\u00e8me Troisi\u00e8me Banque<\/strong>&nbsp;&nbsp;&nbsp;&nbsp;&nbsp;&nbsp; &nbsp;<\/td><\/tr><tr><td><strong>Dennis Murphy, copr\u00e9sident<\/strong>&nbsp;<\/td><td><strong>Pr\u00e9sident-directeur g\u00e9n\u00e9ral, Indiana University Health<\/strong>&nbsp;<\/td><\/tr><tr><td colspan=\"2\"><strong>Bancaire<\/strong>&nbsp;<\/td><\/tr><tr><td>Scott Bov\u00e9&nbsp;<\/td><td>Pr\u00e9sident de la r\u00e9gion Sud, Star Financial Bank&nbsp;<\/td><\/tr><tr><td>Kyra Clark&nbsp;<\/td><td>Vice-pr\u00e9sident principal et directeur des ressources humaines, Lake City Bank&nbsp;<\/td><\/tr><tr><td>Angie Danois&nbsp;<\/td><td>Vice-pr\u00e9sident principal, directeur des ressources humaines, Star Financial Bank&nbsp;<\/td><\/tr><tr><td>Jason Eckerle&nbsp;<\/td><td>Pr\u00e9sident r\u00e9gional, Centre et Sud de l&#039;Indiana, PNC Bank&nbsp;<\/td><\/tr><tr><td>David Findlay&nbsp;<\/td><td>Pr\u00e9sident-directeur g\u00e9n\u00e9ral, Lake City Bank&nbsp;<\/td><\/tr><tr><td>Juan Gonz\u00e1lez&nbsp;<\/td><td>Pr\u00e9sident, Centre de l&#039;Indiana, KeyBank&nbsp;<\/td><\/tr><tr><td>Steve Harris&nbsp;<\/td><td>Vice-pr\u00e9sident principal et directeur des ressources humaines, First Merchants Bank&nbsp;<\/td><\/tr><tr><td>Annie Collines&nbsp;<\/td><td>Chef de cabinet, Ancienne Banque Nationale&nbsp;<\/td><\/tr><tr><td>Carrie Houston&nbsp;<\/td><td>Premier vice-pr\u00e9sident et directeur des ressources humaines, Banque Nationale d&#039;Indianapolis&nbsp;<\/td><\/tr><tr><td>Jon Loftin&nbsp;<\/td><td>Pr\u00e9sident et chef de l&#039;exploitation, MJ Assurance&nbsp;<\/td><\/tr><tr><td>Lucie Mar&nbsp;<\/td><td>Vice-pr\u00e9sident principal et directeur de march\u00e9, Bank of America&nbsp;<\/td><\/tr><tr><td>Anne Merkel&nbsp;<\/td><td>Vice-pr\u00e9sident principal et directeur du d\u00e9veloppement des march\u00e9s, Banque Nationale d&#039;Indianapolis&nbsp;<\/td><\/tr><tr><td>Lorraine Ortiz&nbsp;<\/td><td>Premier vice-pr\u00e9sident, directeur des ressources humaines, First Internet Bank&nbsp;<\/td><\/tr><tr><td>James Ryan III&nbsp;<\/td><td>PDG, Ancienne Banque Nationale&nbsp;<\/td><\/tr><tr><td>Jake Sappenfield&nbsp;<\/td><td>Pr\u00e9sident du march\u00e9 commercial, First Financial Bank&nbsp;<\/td><\/tr><tr><td>Robert Senz&nbsp;<\/td><td>Vice-pr\u00e9sident principal, gestion des talents, PNC Bank&nbsp;<\/td><\/tr><tr><td>Michael Stewart&nbsp;<\/td><td>Pr\u00e9sident, First Merchants Corporation et First Merchants Bank&nbsp;<\/td><\/tr><tr><td>Ambre Van Til&nbsp;<\/td><td>Pr\u00e9sident-directeur g\u00e9n\u00e9ral, Association des banquiers de l&#039;Indiana&nbsp;<\/td><\/tr><tr><td colspan=\"2\"><strong>Assurance<\/strong>&nbsp;<\/td><\/tr><tr><td>Scott Davison&nbsp;<\/td><td>Pr\u00e9sident-directeur g\u00e9n\u00e9ral, OneAmerica&nbsp;<\/td><\/tr><tr><td>Amanda Pennington&nbsp;<\/td><td>Vice-pr\u00e9sident de l&#039;aide \u00e0 la vente, UnitedHealth Group&nbsp;<\/td><\/tr><tr><td>Karin Sarratt&nbsp;<\/td><td>Vice-pr\u00e9sident ex\u00e9cutif, OneAmerica&nbsp;<\/td><\/tr><tr><td>Kim Thomas&nbsp;<\/td><td>Vice-pr\u00e9sident, Diversit\u00e9, \u00c9quit\u00e9, Inclusion et Affaires communautaires, OneAmerica&nbsp;<\/td><\/tr><tr><td>K\u00e9vin Wheeler&nbsp;<\/td><td>Repr\u00e9sentant du Consortium de formation du secteur de l&#039;assurance de l&#039;Indiana&nbsp;<\/td><\/tr><tr><td colspan=\"2\"><strong>Soins de sant\u00e9<\/strong><\/td><\/tr><tr><td>Karly faire face&nbsp;<\/td><td>Vice-pr\u00e9sident de la gestion des talents, R\u00e9seau de sant\u00e9 communautaire&nbsp;<\/td><\/tr><tr><td>Nancy Foster&nbsp;<\/td><td>Directeur des ressources humaines du march\u00e9, Ascension St. Vincent&nbsp;<\/td><\/tr><tr><td>Kreg Gruber&nbsp;<\/td><td>PDG, Beacon Health System&nbsp;<\/td><\/tr><tr><td>Lisa Harris, MD&nbsp;<\/td><td>PDG, Eskenazi Health&nbsp;<\/td><\/tr><tr><td>Christia Hicks&nbsp;<\/td><td>Directeur des ressources humaines, Eskenazi Health&nbsp;<\/td><\/tr><tr><td>Erin LaCross, DNP, IA, NEA-BC, CENP&nbsp;<\/td><td>Vice-pr\u00e9sident principal, D\u00e9veloppement professionnel des soins infirmiers, Parkview Health&nbsp;<\/td><\/tr><tr><td>M\u00e9linda Lebofsky&nbsp;<\/td><td>Vice-pr\u00e9sident principal, directeur des ressources humaines, Deaconess Health System&nbsp;<\/td><\/tr><tr><td>Michelle Mahaffey&nbsp;<\/td><td>Dirigeante principale des ressources humaines, R\u00e9seau de sant\u00e9 communautaire&nbsp;<\/td><\/tr><tr><td>Michael Schroyer, inf., MSN, FACHE&nbsp;<\/td><td>Pr\u00e9sident, Baptist Health Floyd&nbsp;<\/td><\/tr><tr><td>Dr Adrienne D. Sims&nbsp;<\/td><td>Vice-pr\u00e9sident principal et directeur des ressources humaines, Indiana University Health&nbsp;<\/td><\/tr><tr><td>Mary Jo Smith&nbsp;<\/td><td>Vice-pr\u00e9sident principal des ressources humaines, Alliance franciscaine&nbsp;<\/td><\/tr><tr><td>Ram Yeleti, MD&nbsp;<\/td><td>Vice-pr\u00e9sident ex\u00e9cutif, m\u00e9decin-chef, R\u00e9seau de sant\u00e9 communautaire&nbsp;<\/td><\/tr><tr><td colspan=\"2\"><strong>Sciences de la vie<\/strong><\/td><\/tr><tr><td>Brigitte Boyle&nbsp;<\/td><td>Responsable des ressources humaines et de la culture, Roche Diagnostics&nbsp;<\/td><\/tr><tr><td>Kelly Copes-Anderson&nbsp;<\/td><td>Vice-pr\u00e9sident et responsable mondial de la diversit\u00e9, de l&#039;\u00e9quit\u00e9 et de l&#039;inclusion, Eli Lilly and Company&nbsp;<\/td><\/tr><tr><td>Travis Christman&nbsp;<\/td><td>Vice-pr\u00e9sident de la qualit\u00e9 et de la r\u00e9glementation, Medartis&nbsp;<\/td><\/tr><tr><td>Allyn Decker&nbsp;<\/td><td>Vice-pr\u00e9sident des op\u00e9rations et de l&#039;engagement, OrthoWorx Indiana&nbsp;<\/td><\/tr><tr><td>Trevor combattu&nbsp;<\/td><td>Vice-pr\u00e9sident des affaires publiques, Heartland BioWorks&nbsp;<\/td><\/tr><tr><td>Erin Hughes&nbsp;<\/td><td>Responsable principal des ressources humaines, Medartis&nbsp;<\/td><\/tr><tr><td>Matthieu Linville&nbsp;<\/td><td>Directeur principal, ressources humaines, Zimmer Biomet&nbsp;<\/td><\/tr><tr><td>Erin Serafino&nbsp;<\/td><td>Directeur des talents, OrthoWorx Indiana&nbsp;<\/td><\/tr><tr><td>Maurice Taylor&nbsp;<\/td><td>Directeur ex\u00e9cutif, Attraction de talents, marketing de recrutement et programmes d&#039;\u00e9quit\u00e9 en mati\u00e8re de main-d&#039;\u0153uvre, Eli Lilly and Company&nbsp;<\/td><\/tr><tr><td>Bob Vitoux&nbsp;<\/td><td>Pr\u00e9sident et chef de la direction, OrthoWorx Indiana&nbsp;<\/td><\/tr><tr><td>Vince Wong&nbsp;<\/td><td>Pr\u00e9sident et chef de la direction, BioCrossroads&nbsp;<\/td><\/tr><tr><td colspan=\"2\"><strong>Fabrication avanc\u00e9e<\/strong>&nbsp;<\/td><\/tr><tr><td>Repr\u00e9sentant&nbsp;<\/td><td>Subaru Indiana&nbsp;<\/td><\/tr><tr><td>Katrin Gerig&nbsp;<\/td><td>Vice-pr\u00e9sident des ressources humaines, Telamon&nbsp;<\/td><\/tr><tr><td>Dannette Howard&nbsp;&nbsp;<\/td><td>Directeur de l&#039;\u00e9ducation mondiale, responsabilit\u00e9 d&#039;entreprise, Cummins, Inc.&nbsp;&nbsp;&nbsp;&nbsp;<\/td><\/tr><tr><td>Marc Murphy&nbsp;<\/td><td>Pr\u00e9sident, PRD, Inc.&nbsp;<\/td><\/tr><tr><td>Maribeth Nelson&nbsp;<\/td><td>Gestionnaire des ressources humaines, Technologies m\u00e9dicales de pr\u00e9cision&nbsp;<\/td><\/tr><tr><td>Nicole Otte&nbsp;<\/td><td>Directeur du d\u00e9veloppement de la main-d&#039;\u0153uvre, Endress+Hauser USA&nbsp;<\/td><\/tr><tr><td>Josh Wilber&nbsp;<\/td><td>Directeur des ressources humaines, Grote Industries&nbsp;<\/td><\/tr><tr><td colspan=\"2\"><strong>Partenaires \u00e9tatiques et interm\u00e9diaires<\/strong>&nbsp;<\/td><\/tr><tr><td>Tony Denhart&nbsp;<\/td><td>Vice-pr\u00e9sident ex\u00e9cutif, Main-d&#039;\u0153uvre et talents, Indiana Economic Development Corporation&nbsp;<\/td><\/tr><tr><td>Carrie Lively&nbsp;<\/td><td>Directeur ex\u00e9cutif, The Pursuit Institute&nbsp;<\/td><\/tr><tr><td>Michi McClaine&nbsp;<\/td><td>Vice-pr\u00e9sident du d\u00e9veloppement des talents, initiatives d&#039;opportunit\u00e9s r\u00e9gionales&nbsp;<\/td><\/tr><tr><td>Matt Mindrum&nbsp;<\/td><td>Pr\u00e9sident et chef de la direction, Indy Chamber&nbsp;<\/td><\/tr><tr><td>Richard Paulk&nbsp;<\/td><td>Commissaire, D\u00e9partement du d\u00e9veloppement de la main-d&#039;\u0153uvre de l&#039;Indiana&nbsp;<\/td><\/tr><tr><td>David Rosenberg&nbsp;<\/td><td>Secr\u00e9taire au commerce, Soci\u00e9t\u00e9 de d\u00e9veloppement \u00e9conomique de l&#039;Indiana&nbsp;<\/td><\/tr><tr><td>Vanessa Green Sinders&nbsp;<\/td><td>Pr\u00e9sident-directeur g\u00e9n\u00e9ral, Chambre de commerce de l&#039;Indiana&nbsp;<\/td><\/tr><tr><td>Styles de geai&nbsp;<\/td><td>Vice-pr\u00e9sident principal, Partenariats et connexions de talents, EmployerIndy&nbsp;<\/td><\/tr><tr><td colspan=\"2\"><strong>COMIT\u00c9 DU SECONDAIRE<\/strong><\/td><\/tr><tr><td><strong>Dan Funston, copr\u00e9sident<\/strong>&nbsp;<\/td><td><strong>S<\/strong><strong>surintendant, Concord Community Schools<\/strong>&nbsp;<\/td><\/tr><tr><td><strong>Kent Kramer, copr\u00e9sident<\/strong>&nbsp;<\/td><td><strong>Pr\u00e9sident et chef de la direction, Goodwill of Central &amp; Southern Indiana<\/strong>&nbsp;<\/td><\/tr><tr><td colspan=\"2\"><strong>Districts ou r\u00e9seaux d&#039;\u00e9coles \u00e0 charte<\/strong><\/td><\/tr><tr><td>Andy Allen&nbsp;<\/td><td>Directeur d&#039;\u00e9cole secondaire, Batesville Community School Corporation&nbsp;<\/td><\/tr><tr><td>Adam Barton&nbsp;<\/td><td>Directeur d&#039;\u00e9cole secondaire, Eastern Hancock Community School Corporation&nbsp;<\/td><\/tr><tr><td>Tara \u00c9v\u00eaque&nbsp;<\/td><td>Surintendant, \u00e9coles communautaires Perry Central&nbsp;<\/td><\/tr><tr><td>Dr Jeff Butts&nbsp;<\/td><td>Surintendant, canton de MSD Wayne&nbsp;<\/td><\/tr><tr><td>Rebecca Daugherty-Saunders&nbsp;<\/td><td>Directeur de district de la pr\u00e9paration \u00e0 l&#039;universit\u00e9 et \u00e0 la carri\u00e8re, MSD Wayne Township&nbsp;<\/td><\/tr><tr><td>Betsy Delgado&nbsp;<\/td><td>Vice-pr\u00e9sident principal et chef de la mission et de l&#039;\u00e9ducation, Goodwill of Central &amp; Southern Indiana&nbsp;<\/td><\/tr><tr><td>Jody fran\u00e7ais&nbsp;<\/td><td>Jr.\/Sr. Directeur d&#039;\u00e9cole secondaire, \u00e9coles communautaires Perry Central&nbsp;<\/td><\/tr><tr><td>Dr David Hoffert&nbsp;<\/td><td>Directeur des \u00e9coles communautaires de Varsovie&nbsp;<\/td><\/tr><tr><td>Andrea Huff&nbsp;<\/td><td>Surintendant, \u00e9coles communautaires de Barr-Reeve&nbsp;<\/td><\/tr><tr><td>Dr Aleesia Johnson&nbsp;<\/td><td>Surintendant, \u00e9coles publiques d&#039;Indianapolis&nbsp;<\/td><\/tr><tr><td>Dr Lisa Kendall&nbsp;<\/td><td>Surintendant adjoint des programmes \u00e9ducatifs, Concord Community Schools&nbsp;<\/td><\/tr><tr><td>Paul Ketcham&nbsp;<\/td><td>Surintendant, Corporation scolaire communautaire de Batesville&nbsp;<\/td><\/tr><tr><td>M\u00e9lissa Kissling&nbsp;<\/td><td>Responsable des connexions universitaires et professionnelles, \u00e9coles communautaires de Varsovie&nbsp;<\/td><\/tr><tr><td>Robert McDermott&nbsp;<\/td><td>Surintendant adjoint, Duneland School Corporation&nbsp;<\/td><\/tr><tr><td>Chip Pettit&nbsp;<\/td><td>Surintendant, Duneland School Corporation&nbsp;<\/td><\/tr><tr><td>Dr George Philhower&nbsp;<\/td><td>Surintendant, Soci\u00e9t\u00e9 scolaire communautaire Eastern Hancock&nbsp;<\/td><\/tr><tr><td>Tim Pletcher&nbsp;<\/td><td>Directeur d&#039;\u00e9cole secondaire, \u00e9coles communautaires de Baugo&nbsp;<\/td><\/tr><tr><td>Byron Sanders&nbsp;<\/td><td>Surintendant, \u00e9coles communautaires de Baugo&nbsp;<\/td><\/tr><tr><td>Dr Keanna Warren&nbsp;<\/td><td>PDG, Lyc\u00e9es Polytechniques Purdue&nbsp;<\/td><\/tr><tr><td>BJ Watts&nbsp;<\/td><td>Directeur ex\u00e9cutif d&#039;OptIN, Evansville-Vanderburgh School Corporation&nbsp;<\/td><\/tr><tr><td colspan=\"2\"><strong>Partenaires \u00e9tatiques et interm\u00e9diaires<\/strong><\/td><\/tr><tr><td>Beth Bray&nbsp;<\/td><td>Agent de programme, programme d&#039;\u00e9ducation, Walton Family Foundation&nbsp;<\/td><\/tr><tr><td>Jason Callahan&nbsp;<\/td><td>Secr\u00e9taire adjoint aux parcours et opportunit\u00e9s pour \u00e9tudiants, minist\u00e8re de l&#039;\u00c9ducation de l&#039;Indiana&nbsp;<\/td><\/tr><tr><td>Erika Seydel Cheney&nbsp;<\/td><td>Vice-pr\u00e9sident, apprentissage li\u00e9 \u00e0 la carri\u00e8re de la maternelle \u00e0 la 12e ann\u00e9e, EmployerIndy&nbsp;<\/td><\/tr><tr><td>Todd Hurst&nbsp;<\/td><td>Directeur ex\u00e9cutif, Institute for Workforce Excellence, Chambre de commerce de l&#039;Indiana&nbsp;<\/td><\/tr><tr><td>Sarah Koontz&nbsp;<\/td><td>Directeur des apprentissages CareerWise pour les jeunes, CareerWise Elkhart County&nbsp;<\/td><\/tr><tr><td>Dr Katie Lash&nbsp;<\/td><td>Vice-pr\u00e9sident pour la maternelle \u00e0 la 14e ann\u00e9e et les initiatives strat\u00e9giques, Ivy Tech Community College&nbsp;<\/td><\/tr><tr><td colspan=\"2\"><strong>COMIT\u00c9 DE L&#039;ENSEIGNEMENT SUP\u00c9RIEUR<\/strong><\/td><\/tr><tr><td><strong>S<\/strong><strong>ue Ellspermann, copr\u00e9sident<\/strong>&nbsp;<\/td><td><strong>P.<\/strong><strong>r\u00e9sident, Ivy Tech Community College<\/strong>&nbsp;<\/td><\/tr><tr><td><strong>Ken<\/strong><strong>avec Britt, copr\u00e9sident<\/strong>&nbsp;<\/td><td><strong>COO et Chancelier, Marian University<\/strong>&nbsp;<\/td><\/tr><tr><td colspan=\"2\"><strong>\u00c9tablissements d&#039;enseignement sup\u00e9rieur<\/strong>&nbsp;<\/td><\/tr><tr><td>M\u00e9lissa Beckwith&nbsp;<\/td><td>Directeur de la strat\u00e9gie, Butler University&nbsp;<\/td><\/tr><tr><td>Daniel Castro-Lacouture&nbsp;<\/td><td>Doyen, Institut polytechnique Purdue&nbsp;<\/td><\/tr><tr><td>Molly Dodge&nbsp;<\/td><td>Vice-pr\u00e9sident principal, Main-d&#039;\u0153uvre et carri\u00e8res, Ivy Tech Community College&nbsp;<\/td><\/tr><tr><td>Sean Huddleston&nbsp;<\/td><td>Pr\u00e9sident, Universit\u00e9 Martin&nbsp;<\/td><\/tr><tr><td>Roi Dottie&nbsp;<\/td><td>Pr\u00e9sident-directeur g\u00e9n\u00e9ral, Independent Colleges of Indiana&nbsp;<\/td><\/tr><tr><td>Andr\u00e9 Kocher&nbsp;<\/td><td>Vice-pr\u00e9sident des partenariats corporatifs et communautaires, Universit\u00e9 d&#039;Indianapolis&nbsp;<\/td><\/tr><tr><td>Dr L\u00e9a Nellis&nbsp;<\/td><td>Vice-chancelier pour l&#039;innovation et les projets sp\u00e9ciaux\u00a0; Responsable strat\u00e9gique des initiatives acad\u00e9miques, Bureau des partenariats scolaires de l&#039;IU\u00a0; Professeur d&#039;\u00e9ducation, Universit\u00e9 d&#039;Indiana&nbsp;<\/td><\/tr><tr><td>Dr Lori Pence&nbsp;<\/td><td>Provost associ\u00e9 pour les programmes et partenariats K-12, Universit\u00e9 de Vincennes&nbsp;<\/td><\/tr><tr><td colspan=\"2\"><strong>Partenaires \u00e9tatiques et interm\u00e9diaires<\/strong>&nbsp;<\/td><\/tr><tr><td>Dr Michelle Ashcraft&nbsp;<\/td><td>Commissaire associ\u00e9 principal et directeur des programmes, Commission de l&#039;Indiana pour l&#039;enseignement sup\u00e9rieur&nbsp;<\/td><\/tr><tr><td>Jason Bearce&nbsp;<\/td><td>Vice-pr\u00e9sident, \u00c9ducation et d\u00e9veloppement de la main-d&#039;\u0153uvre, Chambre de commerce de l&#039;Indiana&nbsp;<\/td><\/tr><tr><td>Betsy Revell&nbsp;<\/td><td>Vice-pr\u00e9sident principal, Carri\u00e8re<em>&#8211;<\/em>Apprentissage connect\u00e9, EmployerIndy&nbsp;<\/td><\/tr><tr><td>Brian Wiebe&nbsp;<\/td><td>Pr\u00e9sident et chef de la direction, Horizon Education Alliance&nbsp;<\/td><\/tr><tr><td colspan=\"2\"><strong>COMIT\u00c9 POLITIQUE<\/strong><\/td><\/tr><tr><td><strong>Repr\u00e9sentant Bob Behning,<\/strong><strong> co-pr\u00e9sident<\/strong>&nbsp;<\/td><td><strong>Pr\u00e9sident, Comit\u00e9 d&#039;\u00e9ducation, District 91 de la Chambre des repr\u00e9sentants de l&#039;Indiana<\/strong>&nbsp;<\/td><\/tr><tr><td><strong>Le s\u00e9nateur Jeff Raatz,<\/strong><strong> co-pr\u00e9sident<\/strong>&nbsp;<\/td><td><strong>Pr\u00e9sident, Comit\u00e9 d&#039;\u00e9ducation et de d\u00e9veloppement de carri\u00e8re, District 27 du S\u00e9nat de l&#039;Indiana<\/strong>&nbsp;<\/td><\/tr><tr><td colspan=\"2\"><strong>Fonctionnaires \u00e9lus<\/strong>&nbsp;<\/td><\/tr><tr><td>S\u00e9natrice Andrea Hunley&nbsp;<\/td><td>S\u00e9nateur, District 46 du S\u00e9nat de l&#039;Indiana&nbsp;<\/td><\/tr><tr><td>Repr\u00e9sentante Julie McGuire&nbsp;<\/td><td>Repr\u00e9sentant, District 93 d&#039;Indiana House&nbsp;<\/td><\/tr><tr><td>Repr\u00e9sentant Vernon Smith&nbsp;<\/td><td>Repr\u00e9sentant, District 14 d&#039;Indiana House&nbsp;<\/td><\/tr><tr><td colspan=\"2\"><strong>Partenaires \u00e9tatiques, entreprises et interm\u00e9diaires<\/strong>&nbsp;<\/td><\/tr><tr><td>Jason Bearce&nbsp;<\/td><td>Vice-pr\u00e9sident, \u00c9ducation et d\u00e9veloppement de la main-d&#039;\u0153uvre, Chambre de commerce de l&#039;Indiana&nbsp;<\/td><\/tr><tr><td>Susan Brock-Williams&nbsp;<\/td><td>Vice-pr\u00e9sident associ\u00e9, Affaires gouvernementales de l&#039;\u00c9tat, Eli Lilly and Company&nbsp;<\/td><\/tr><tr><td>David Buyze&nbsp;<\/td><td>Directeur des politiques et des programmes sp\u00e9ciaux, minist\u00e8re de l&#039;\u00c9ducation de l&#039;Indiana&nbsp;<\/td><\/tr><tr><td>Miranda Crip\u00e9&nbsp;<\/td><td>Gestionnaire du partenariat CareerWise Elkhart County, Horizon Education Alliance&nbsp;<\/td><\/tr><tr><td>Whitney Ertel&nbsp;<\/td><td>Directeur ex\u00e9cutif, Cabinet du personnel du gouverneur&nbsp;<\/td><\/tr><tr><td>Garnison Josh&nbsp;<\/td><td>Commissaire associ\u00e9 principal et chef de cabinet, Commission de l&#039;Indiana pour l&#039;enseignement sup\u00e9rieur&nbsp;<\/td><\/tr><tr><td>Taylor Hughes&nbsp;<\/td><td>Vice-pr\u00e9sident, Politique et strat\u00e9gie, Indy Chamber&nbsp;<\/td><\/tr><tr><td>Danny Kelley&nbsp;<\/td><td>Directeur politique, Indiana House Republicans&nbsp;<\/td><\/tr><tr><td>Marie Mackintosh&nbsp;<\/td><td>Pr\u00e9sident et chef de la direction, EmployerIndy&nbsp;<\/td><\/tr><tr><td>Tina Peterson&nbsp;<\/td><td>Pr\u00e9sident et chef de la direction, Initiatives d&#039;opportunit\u00e9s r\u00e9gionales&nbsp;<\/td><\/tr><tr><td>Betsy Wiley&nbsp;<\/td><td>Pr\u00e9sident-directeur g\u00e9n\u00e9ral, Institut pour une \u00e9ducation de qualit\u00e9&nbsp;<\/td><\/tr><\/tbody><\/table><\/figure>\n<\/div><\/div><\/section>","protected":false},"excerpt":{"rendered":"<p>Plus de 100 dirigeants de l&#039;Indiana, dont des PDG d&#039;entreprises, des pr\u00e9sidents d&#039;universit\u00e9, des surintendants de la maternelle \u00e0 la 12e ann\u00e9e et des repr\u00e9sentants du gouvernement de l&#039;\u00c9tat, ont rejoint une coalition pour d\u00e9velopper un syst\u00e8me d&#039;apprentissage moderne pour les jeunes \u00e0 l&#039;\u00e9chelle de l&#039;\u00c9tat.<\/p>","protected":false},"author":7,"featured_media":13367,"comment_status":"closed","ping_status":"open","sticky":false,"template":"","format":"standard","meta":{"_acf_changed":false,"footnotes":""},"categories":[37,25],"tags":[],"class_list":["post-13416","post","type-post","status-publish","format-standard","has-post-thumbnail","hentry","category-education","category-vitality-of-indianapolis"],"acf":[],"yoast_head":"<!-- This site is optimized with the Yoast SEO plugin v26.0 - https:\/\/yoast.com\/wordpress\/plugins\/seo\/ -->\n<title>Indiana leaders form coalition to build, grow youth apprenticeship - Richard M. Fairbanks Foundation<\/title>\n<meta name=\"description\" content=\"Indiana leaders form coalition to build, grow youth apprenticeship. Business, education, government and philanthropic leaders join forces to help solve workforce development crisis.\" \/>\n<meta name=\"robots\" content=\"index, follow, max-snippet:-1, max-image-preview:large, max-video-preview:-1\" \/>\n<link rel=\"canonical\" href=\"https:\/\/old.rmff.wrhosting.net\/fr\/2024\/01\/indiana-leaders-form-coalition-to-build-grow-youth-apprenticeship\/\" \/>\n<meta property=\"og:locale\" content=\"fr_FR\" \/>\n<meta property=\"og:type\" content=\"article\" \/>\n<meta property=\"og:title\" content=\"Indiana leaders form coalition to build, grow youth apprenticeship - Richard M. Fairbanks Foundation\" \/>\n<meta property=\"og:description\" content=\"Indiana leaders form coalition to build, grow youth apprenticeship. Business, education, government and philanthropic leaders join forces to help solve workforce development crisis.\" \/>\n<meta property=\"og:url\" content=\"https:\/\/old.rmff.wrhosting.net\/fr\/2024\/01\/indiana-leaders-form-coalition-to-build-grow-youth-apprenticeship\/\" \/>\n<meta property=\"og:site_name\" content=\"Richard M. Fairbanks Foundation\" \/>\n<meta property=\"article:published_time\" content=\"2024-01-23T12:30:00+00:00\" \/>\n<meta property=\"article:modified_time\" content=\"2024-02-19T16:25:57+00:00\" \/>\n<meta property=\"og:image\" content=\"https:\/\/old.rmff.wrhosting.net\/wp-content\/uploads\/2024\/01\/RMFF-143_NewsImages_696x366_Vitality.jpg\" \/>\n\t<meta property=\"og:image:width\" content=\"1450\" \/>\n\t<meta property=\"og:image:height\" content=\"762\" \/>\n\t<meta property=\"og:image:type\" content=\"image\/jpeg\" \/>\n<meta name=\"author\" content=\"RMFF Staff\" \/>\n<meta name=\"twitter:card\" content=\"summary_large_image\" \/>\n<meta name=\"twitter:label1\" content=\"\u00c9crit par\" \/>\n\t<meta name=\"twitter:data1\" content=\"RMFF Staff\" \/>\n\t<meta name=\"twitter:label2\" content=\"Dur\u00e9e de lecture estim\u00e9e\" \/>\n\t<meta name=\"twitter:data2\" content=\"10 minutes\" \/>\n<script type=\"application\/ld+json\" class=\"yoast-schema-graph\">{\"@context\":\"https:\/\/schema.org\",\"@graph\":[{\"@type\":\"WebPage\",\"@id\":\"https:\/\/old.rmff.wrhosting.net\/2024\/01\/indiana-leaders-form-coalition-to-build-grow-youth-apprenticeship\/\",\"url\":\"https:\/\/old.rmff.wrhosting.net\/2024\/01\/indiana-leaders-form-coalition-to-build-grow-youth-apprenticeship\/\",\"name\":\"Indiana leaders form coalition to build, grow youth apprenticeship - Richard M. Fairbanks Foundation\",\"isPartOf\":{\"@id\":\"https:\/\/old.rmff.wrhosting.net\/#website\"},\"primaryImageOfPage\":{\"@id\":\"https:\/\/old.rmff.wrhosting.net\/2024\/01\/indiana-leaders-form-coalition-to-build-grow-youth-apprenticeship\/#primaryimage\"},\"image\":{\"@id\":\"https:\/\/old.rmff.wrhosting.net\/2024\/01\/indiana-leaders-form-coalition-to-build-grow-youth-apprenticeship\/#primaryimage\"},\"thumbnailUrl\":\"https:\/\/old.rmff.wrhosting.net\/wp-content\/uploads\/2024\/01\/RMFF-143_NewsImages_696x366_Vitality.jpg\",\"datePublished\":\"2024-01-23T12:30:00+00:00\",\"dateModified\":\"2024-02-19T16:25:57+00:00\",\"author\":{\"@id\":\"https:\/\/old.rmff.wrhosting.net\/#\/schema\/person\/b9b457f46976a7df932bc8f5cd932a2b\"},\"description\":\"Indiana leaders form coalition to build, grow youth apprenticeship. Business, education, government and philanthropic leaders join forces to help solve workforce development crisis.\",\"breadcrumb\":{\"@id\":\"https:\/\/old.rmff.wrhosting.net\/2024\/01\/indiana-leaders-form-coalition-to-build-grow-youth-apprenticeship\/#breadcrumb\"},\"inLanguage\":\"fr-FR\",\"potentialAction\":[{\"@type\":\"ReadAction\",\"target\":[\"https:\/\/old.rmff.wrhosting.net\/2024\/01\/indiana-leaders-form-coalition-to-build-grow-youth-apprenticeship\/\"]}]},{\"@type\":\"ImageObject\",\"inLanguage\":\"fr-FR\",\"@id\":\"https:\/\/old.rmff.wrhosting.net\/2024\/01\/indiana-leaders-form-coalition-to-build-grow-youth-apprenticeship\/#primaryimage\",\"url\":\"https:\/\/old.rmff.wrhosting.net\/wp-content\/uploads\/2024\/01\/RMFF-143_NewsImages_696x366_Vitality.jpg\",\"contentUrl\":\"https:\/\/old.rmff.wrhosting.net\/wp-content\/uploads\/2024\/01\/RMFF-143_NewsImages_696x366_Vitality.jpg\",\"width\":1450,\"height\":762},{\"@type\":\"BreadcrumbList\",\"@id\":\"https:\/\/old.rmff.wrhosting.net\/2024\/01\/indiana-leaders-form-coalition-to-build-grow-youth-apprenticeship\/#breadcrumb\",\"itemListElement\":[{\"@type\":\"ListItem\",\"position\":1,\"name\":\"Home\",\"item\":\"https:\/\/old.rmff.wrhosting.net\/\"},{\"@type\":\"ListItem\",\"position\":2,\"name\":\"Indiana leaders form coalition to build, grow youth apprenticeship\"}]},{\"@type\":\"WebSite\",\"@id\":\"https:\/\/old.rmff.wrhosting.net\/#website\",\"url\":\"https:\/\/old.rmff.wrhosting.net\/\",\"name\":\"Richard M. Fairbanks Foundation\",\"description\":\"Advancing the vitality of Indianapolis and the well-being of its people.\",\"potentialAction\":[{\"@type\":\"SearchAction\",\"target\":{\"@type\":\"EntryPoint\",\"urlTemplate\":\"https:\/\/old.rmff.wrhosting.net\/?s={search_term_string}\"},\"query-input\":{\"@type\":\"PropertyValueSpecification\",\"valueRequired\":true,\"valueName\":\"search_term_string\"}}],\"inLanguage\":\"fr-FR\"},{\"@type\":\"Person\",\"@id\":\"https:\/\/old.rmff.wrhosting.net\/#\/schema\/person\/b9b457f46976a7df932bc8f5cd932a2b\",\"name\":\"RMFF Staff\",\"image\":{\"@type\":\"ImageObject\",\"inLanguage\":\"fr-FR\",\"@id\":\"https:\/\/old.rmff.wrhosting.net\/#\/schema\/person\/image\/\",\"url\":\"https:\/\/secure.gravatar.com\/avatar\/12c7a6f2976d144ddd06770e26358ad375903bd67a5780c9e3f58914c92511a7?s=96&d=mm&r=g\",\"contentUrl\":\"https:\/\/secure.gravatar.com\/avatar\/12c7a6f2976d144ddd06770e26358ad375903bd67a5780c9e3f58914c92511a7?s=96&d=mm&r=g\",\"caption\":\"RMFF Staff\"},\"url\":\"http:\/\/old.rmff.wrhosting.net\/fr\/author\/admin\/\"}]}<\/script>\n<!-- \/ Yoast SEO plugin. -->","yoast_head_json":{"title":"Indiana leaders form coalition to build, grow youth apprenticeship - Richard M. Fairbanks Foundation","description":"Indiana leaders form coalition to build, grow youth apprenticeship. Business, education, government and philanthropic leaders join forces to help solve workforce development crisis.","robots":{"index":"index","follow":"follow","max-snippet":"max-snippet:-1","max-image-preview":"max-image-preview:large","max-video-preview":"max-video-preview:-1"},"canonical":"https:\/\/old.rmff.wrhosting.net\/fr\/2024\/01\/indiana-leaders-form-coalition-to-build-grow-youth-apprenticeship\/","og_locale":"fr_FR","og_type":"article","og_title":"Indiana leaders form coalition to build, grow youth apprenticeship - Richard M. Fairbanks Foundation","og_description":"Indiana leaders form coalition to build, grow youth apprenticeship. Business, education, government and philanthropic leaders join forces to help solve workforce development crisis.","og_url":"https:\/\/old.rmff.wrhosting.net\/fr\/2024\/01\/indiana-leaders-form-coalition-to-build-grow-youth-apprenticeship\/","og_site_name":"Richard M. Fairbanks Foundation","article_published_time":"2024-01-23T12:30:00+00:00","article_modified_time":"2024-02-19T16:25:57+00:00","og_image":[{"width":1450,"height":762,"url":"https:\/\/old.rmff.wrhosting.net\/wp-content\/uploads\/2024\/01\/RMFF-143_NewsImages_696x366_Vitality.jpg","type":"image\/jpeg"}],"author":"RMFF Staff","twitter_card":"summary_large_image","twitter_misc":{"\u00c9crit par":"RMFF Staff","Dur\u00e9e de lecture estim\u00e9e":"10 minutes"},"schema":{"@context":"https:\/\/schema.org","@graph":[{"@type":"WebPage","@id":"https:\/\/old.rmff.wrhosting.net\/2024\/01\/indiana-leaders-form-coalition-to-build-grow-youth-apprenticeship\/","url":"https:\/\/old.rmff.wrhosting.net\/2024\/01\/indiana-leaders-form-coalition-to-build-grow-youth-apprenticeship\/","name":"Indiana leaders form coalition to build, grow youth apprenticeship - Richard M. Fairbanks Foundation","isPartOf":{"@id":"https:\/\/old.rmff.wrhosting.net\/#website"},"primaryImageOfPage":{"@id":"https:\/\/old.rmff.wrhosting.net\/2024\/01\/indiana-leaders-form-coalition-to-build-grow-youth-apprenticeship\/#primaryimage"},"image":{"@id":"https:\/\/old.rmff.wrhosting.net\/2024\/01\/indiana-leaders-form-coalition-to-build-grow-youth-apprenticeship\/#primaryimage"},"thumbnailUrl":"https:\/\/old.rmff.wrhosting.net\/wp-content\/uploads\/2024\/01\/RMFF-143_NewsImages_696x366_Vitality.jpg","datePublished":"2024-01-23T12:30:00+00:00","dateModified":"2024-02-19T16:25:57+00:00","author":{"@id":"https:\/\/old.rmff.wrhosting.net\/#\/schema\/person\/b9b457f46976a7df932bc8f5cd932a2b"},"description":"Indiana leaders form coalition to build, grow youth apprenticeship. Business, education, government and philanthropic leaders join forces to help solve workforce development crisis.","breadcrumb":{"@id":"https:\/\/old.rmff.wrhosting.net\/2024\/01\/indiana-leaders-form-coalition-to-build-grow-youth-apprenticeship\/#breadcrumb"},"inLanguage":"fr-FR","potentialAction":[{"@type":"ReadAction","target":["https:\/\/old.rmff.wrhosting.net\/2024\/01\/indiana-leaders-form-coalition-to-build-grow-youth-apprenticeship\/"]}]},{"@type":"ImageObject","inLanguage":"fr-FR","@id":"https:\/\/old.rmff.wrhosting.net\/2024\/01\/indiana-leaders-form-coalition-to-build-grow-youth-apprenticeship\/#primaryimage","url":"https:\/\/old.rmff.wrhosting.net\/wp-content\/uploads\/2024\/01\/RMFF-143_NewsImages_696x366_Vitality.jpg","contentUrl":"https:\/\/old.rmff.wrhosting.net\/wp-content\/uploads\/2024\/01\/RMFF-143_NewsImages_696x366_Vitality.jpg","width":1450,"height":762},{"@type":"BreadcrumbList","@id":"https:\/\/old.rmff.wrhosting.net\/2024\/01\/indiana-leaders-form-coalition-to-build-grow-youth-apprenticeship\/#breadcrumb","itemListElement":[{"@type":"ListItem","position":1,"name":"Home","item":"https:\/\/old.rmff.wrhosting.net\/"},{"@type":"ListItem","position":2,"name":"Indiana leaders form coalition to build, grow youth apprenticeship"}]},{"@type":"WebSite","@id":"https:\/\/old.rmff.wrhosting.net\/#website","url":"https:\/\/old.rmff.wrhosting.net\/","name":"Fondation Richard M. Fairbanks","description":"Faire progresser la vitalit\u00e9 d\u2019Indianapolis et le bien-\u00eatre de sa population.","potentialAction":[{"@type":"SearchAction","target":{"@type":"EntryPoint","urlTemplate":"https:\/\/old.rmff.wrhosting.net\/?s={search_term_string}"},"query-input":{"@type":"PropertyValueSpecification","valueRequired":true,"valueName":"search_term_string"}}],"inLanguage":"fr-FR"},{"@type":"Person","@id":"https:\/\/old.rmff.wrhosting.net\/#\/schema\/person\/b9b457f46976a7df932bc8f5cd932a2b","name":"RMFF Staff","image":{"@type":"ImageObject","inLanguage":"fr-FR","@id":"https:\/\/old.rmff.wrhosting.net\/#\/schema\/person\/image\/","url":"https:\/\/secure.gravatar.com\/avatar\/12c7a6f2976d144ddd06770e26358ad375903bd67a5780c9e3f58914c92511a7?s=96&d=mm&r=g","contentUrl":"https:\/\/secure.gravatar.com\/avatar\/12c7a6f2976d144ddd06770e26358ad375903bd67a5780c9e3f58914c92511a7?s=96&d=mm&r=g","caption":"RMFF Staff"},"url":"http:\/\/old.rmff.wrhosting.net\/fr\/author\/admin\/"}]}},"_links":{"self":[{"href":"http:\/\/old.rmff.wrhosting.net\/fr\/wp-json\/wp\/v2\/posts\/13416","targetHints":{"allow":["GET"]}}],"collection":[{"href":"http:\/\/old.rmff.wrhosting.net\/fr\/wp-json\/wp\/v2\/posts"}],"about":[{"href":"http:\/\/old.rmff.wrhosting.net\/fr\/wp-json\/wp\/v2\/types\/post"}],"author":[{"embeddable":true,"href":"http:\/\/old.rmff.wrhosting.net\/fr\/wp-json\/wp\/v2\/users\/7"}],"replies":[{"embeddable":true,"href":"http:\/\/old.rmff.wrhosting.net\/fr\/wp-json\/wp\/v2\/comments?post=13416"}],"version-history":[{"count":19,"href":"http:\/\/old.rmff.wrhosting.net\/fr\/wp-json\/wp\/v2\/posts\/13416\/revisions"}],"predecessor-version":[{"id":13581,"href":"http:\/\/old.rmff.wrhosting.net\/fr\/wp-json\/wp\/v2\/posts\/13416\/revisions\/13581"}],"wp:featuredmedia":[{"embeddable":true,"href":"http:\/\/old.rmff.wrhosting.net\/fr\/wp-json\/wp\/v2\/media\/13367"}],"wp:attachment":[{"href":"http:\/\/old.rmff.wrhosting.net\/fr\/wp-json\/wp\/v2\/media?parent=13416"}],"wp:term":[{"taxonomy":"category","embeddable":true,"href":"http:\/\/old.rmff.wrhosting.net\/fr\/wp-json\/wp\/v2\/categories?post=13416"},{"taxonomy":"post_tag","embeddable":true,"href":"http:\/\/old.rmff.wrhosting.net\/fr\/wp-json\/wp\/v2\/tags?post=13416"}],"curies":[{"name":"wp","href":"https:\/\/api.w.org\/{rel}","templated":true}]}}