{"id":13051,"date":"2023-11-16T09:18:46","date_gmt":"2023-11-16T14:18:46","guid":{"rendered":"https:\/\/www.rmff.org\/?p=13051"},"modified":"2023-11-16T09:18:47","modified_gmt":"2023-11-16T14:18:47","slug":"paul-halverson-dean-of-fairbanks-school-of-public-health-departing-in-2024","status":"publish","type":"post","link":"http:\/\/old.rmff.wrhosting.net\/fr\/2023\/11\/paul-halverson-dean-of-fairbanks-school-of-public-health-departing-in-2024\/","title":{"rendered":"Paul Halverson, doyen de la Fairbanks School of Public Health, d\u00e9part en 2024"},"content":{"rendered":"<section class=\"block wordpress-block wordpress-paragraph core-paragraph\">\n<p>Paul Halverson, titulaire d&#039;un doctorat en sant\u00e9 publique et doyen fondateur du <a href=\"https:\/\/fsph.iupui.edu\/index.html\" target=\"_blank\" rel=\"noreferrer noopener\">\u00c9cole de sant\u00e9 publique Richard M. Fairbanks de l&#039;Universit\u00e9 d&#039;Indiana<\/a>, d\u00e9butera un nouveau poste dans l&#039;Oregon le 1er f\u00e9vrier 2024.&nbsp;<\/p>\n<\/section>\n\n<section class=\"block wordpress-block wordpress-paragraph core-paragraph\">\n<p>La Fairbanks School of Public Health a \u00e9t\u00e9 lanc\u00e9e en septembre 2012, en partie gr\u00e2ce \u00e0 une subvention de $20 millions du <a href=\"https:\/\/www.rmff.org\/grantmaking\/grants-awarded\/\" target=\"_blank\" rel=\"noreferrer noopener\">Fondation Richard M. Fairbanks<\/a>. Halverson a rejoint l&#039;entreprise en 2013 en tant que doyen fondateur. Il a \u00e9t\u00e9 attir\u00e9 par ce poste en raison de l&#039;opportunit\u00e9 de faire le lien entre le travail universitaire et la pratique dans une \u00e9cole qui entendait r\u00e9ellement faire une diff\u00e9rence en mati\u00e8re de sant\u00e9 publique.&nbsp;<\/p>\n<\/section>\n\n<section class=\"alignleft block wordpress-block wordpress-paragraph core-paragraph\">\n<p class=\"has-text-align-left\">Au cours de son mandat d&#039;une d\u00e9cennie \u00e0 ce poste, Halverson a fa\u00e7onn\u00e9 l&#039;orientation de l&#039;\u00e9cole, dirigeant les efforts visant \u00e0 recruter des professeurs, \u00e0 \u00e9tablir de nouveaux programmes d&#039;\u00e9tudes et \u00e0 am\u00e9liorer la recherche en sant\u00e9 communautaire. \u00ab\u00a0Cela a \u00e9t\u00e9 formidable d&#039;avoir pu r\u00e9unir des chefs d&#039;\u00e9quipe, des professeurs et des employ\u00e9s de premier ordre, vraiment d\u00e9vou\u00e9s au travail que nous accomplissons\u00a0\u00bb, a d\u00e9clar\u00e9 Halverson.&nbsp;<\/p>\n<\/section>\n\n<section class=\"block wordpress-block wordpress-paragraph core-paragraph\">\n<p>En plus de ce travail, Halverson a cit\u00e9 l&#039;\u00e9tablissement de partenariats comme l&#039;un des aspects les plus fondamentaux de son travail en tant que doyen fondateur, d\u00e9clarant : \u00ab l&#039;une des choses dont je suis le plus fier est que l&#039;\u00c9cole de sant\u00e9 publique de Fairbanks est consid\u00e9r\u00e9e par nos coll\u00e8gues de la sant\u00e9. en tant que partenaire. De la collaboration avec le Dr Virginia Caine, directrice du d\u00e9partement de sant\u00e9 publique du comt\u00e9 de Marion, \u00e0 la collaboration avec plusieurs commissaires \u00e0 la sant\u00e9 de l&#039;\u00c9tat et des associations \u00e0 l&#039;\u00e9chelle de l&#039;\u00c9tat pour les conseils de sant\u00e9 et les h\u00f4pitaux locaux, Halverson a jou\u00e9 un r\u00f4le d\u00e9terminant dans le d\u00e9veloppement de ces partenariats durables au nom de l&#039;\u00e9cole.&nbsp;<\/p>\n<\/section>\n\n<section class=\"block wordpress-block wordpress-paragraph core-paragraph\">\n<p>La Fairbanks School of Public Health a \u00e9labor\u00e9 une feuille de route \u00e0 long terme pour l\u2019avenir, en se consacrant \u00e0 l\u2019\u00e9laboration de recommandations en mati\u00e8re de politique de sant\u00e9 publique ainsi qu\u2019\u00e0 des recherches et des projets sp\u00e9cifiques dans des domaines tels que le tabac et le COVID-19.&nbsp;<\/p>\n<\/section>\n\n<section class=\"block wordpress-block wordpress-paragraph core-paragraph\">\n<p>Alors qu&#039;il quitte son poste, Halverson est convaincu que la Fairbanks School of Public Health poursuivra son travail visant \u00e0 renforcer le syst\u00e8me de sant\u00e9 publique de l&#039;Indiana, pour le b\u00e9n\u00e9fice de tous les Hoosiers. \u00ab Quel que soit l\u2019endroit o\u00f9 vous vivez, chaque personne dans l\u2019Indiana m\u00e9rite d\u2019\u00eatre servie par un syst\u00e8me de sant\u00e9 publique pleinement op\u00e9rationnel qui contribue \u00e0 cr\u00e9er les conditions dans lesquelles les gens peuvent vivre une vie pleine et saine. \u00bb&nbsp;<\/p>\n<\/section>\n\n<section class=\"block wordpress-block wordpress-paragraph core-paragraph\">\n<p>Nous remercions Paul Halverson pour sa direction de l&#039;\u00c9cole au cours de la derni\u00e8re d\u00e9cennie et nous lui souhaitons tout le meilleur dans son nouveau poste de doyen et professeur \u00e0 l&#039;\u00c9cole de sant\u00e9 publique de l&#039;Oregon Health &amp; Science University et de l&#039;Universit\u00e9 d&#039;\u00c9tat de Portland.&nbsp;<\/p>\n<\/section>","protected":false},"excerpt":{"rendered":"<p>Paul Halverson, titulaire d&#039;un doctorat en sant\u00e9 publique et doyen fondateur de la Richard M. Fairbanks School of Public Health de l&#039;Universit\u00e9 d&#039;Indiana, occupera un nouveau poste dans l&#039;Oregon le 1er f\u00e9vrier 2024.<\/p>","protected":false},"author":7,"featured_media":13053,"comment_status":"closed","ping_status":"open","sticky":false,"template":"","format":"standard","meta":{"_acf_changed":false,"footnotes":""},"categories":[13],"tags":[153],"class_list":["post-13051","post","type-post","status-publish","format-standard","has-post-thumbnail","hentry","category-health","tag-indianapolis"],"acf":[],"yoast_head":"<!-- This site is optimized with the Yoast SEO plugin v26.0 - https:\/\/yoast.com\/wordpress\/plugins\/seo\/ -->\n<title>Paul Halverson, Dean of Fairbanks School of Public Health, Departing in 2024\u202f - Richard M. Fairbanks Foundation<\/title>\n<meta name=\"description\" content=\"Paul Halverson, founding dean of the Indiana University Richard M. Fairbanks School of Public Health, will begin a new position in Oregon on Feb. 1, 2024.\u00a0\" \/>\n<meta name=\"robots\" content=\"index, follow, max-snippet:-1, max-image-preview:large, max-video-preview:-1\" \/>\n<link rel=\"canonical\" href=\"https:\/\/old.rmff.wrhosting.net\/fr\/2023\/11\/paul-halverson-dean-of-fairbanks-school-of-public-health-departing-in-2024\/\" \/>\n<meta property=\"og:locale\" content=\"fr_FR\" \/>\n<meta property=\"og:type\" content=\"article\" \/>\n<meta property=\"og:title\" content=\"Paul Halverson, Dean of Fairbanks School of Public Health, Departing in 2024\u202f - Richard M. Fairbanks Foundation\" \/>\n<meta property=\"og:description\" content=\"Paul Halverson, founding dean of the Indiana University Richard M. Fairbanks School of Public Health, will begin a new position in Oregon on Feb. 1, 2024.\u00a0\" \/>\n<meta property=\"og:url\" content=\"https:\/\/old.rmff.wrhosting.net\/fr\/2023\/11\/paul-halverson-dean-of-fairbanks-school-of-public-health-departing-in-2024\/\" \/>\n<meta property=\"og:site_name\" content=\"Richard M. Fairbanks Foundation\" \/>\n<meta property=\"article:published_time\" content=\"2023-11-16T14:18:46+00:00\" \/>\n<meta property=\"article:modified_time\" content=\"2023-11-16T14:18:47+00:00\" \/>\n<meta property=\"og:image\" content=\"https:\/\/old.rmff.wrhosting.net\/wp-content\/uploads\/2023\/11\/20231004_Paul_Halverson_LK_017R-scaled.jpg\" \/>\n\t<meta property=\"og:image:width\" content=\"2560\" \/>\n\t<meta property=\"og:image:height\" content=\"1708\" \/>\n\t<meta property=\"og:image:type\" content=\"image\/jpeg\" \/>\n<meta name=\"author\" content=\"RMFF Staff\" \/>\n<meta name=\"twitter:card\" content=\"summary_large_image\" \/>\n<meta name=\"twitter:label1\" content=\"\u00c9crit par\" \/>\n\t<meta name=\"twitter:data1\" content=\"RMFF Staff\" \/>\n\t<meta name=\"twitter:label2\" content=\"Dur\u00e9e de lecture estim\u00e9e\" \/>\n\t<meta name=\"twitter:data2\" content=\"2 minutes\" \/>\n<script type=\"application\/ld+json\" class=\"yoast-schema-graph\">{\"@context\":\"https:\/\/schema.org\",\"@graph\":[{\"@type\":\"WebPage\",\"@id\":\"https:\/\/old.rmff.wrhosting.net\/my\/2023\/11\/paul-halverson-dean-of-fairbanks-school-of-public-health-departing-in-2024\/\",\"url\":\"https:\/\/old.rmff.wrhosting.net\/my\/2023\/11\/paul-halverson-dean-of-fairbanks-school-of-public-health-departing-in-2024\/\",\"name\":\"Paul Halverson, Dean of Fairbanks School of Public Health, Departing in 2024\u202f - Richard M. Fairbanks Foundation\",\"isPartOf\":{\"@id\":\"https:\/\/old.rmff.wrhosting.net\/#website\"},\"primaryImageOfPage\":{\"@id\":\"https:\/\/old.rmff.wrhosting.net\/my\/2023\/11\/paul-halverson-dean-of-fairbanks-school-of-public-health-departing-in-2024\/#primaryimage\"},\"image\":{\"@id\":\"https:\/\/old.rmff.wrhosting.net\/my\/2023\/11\/paul-halverson-dean-of-fairbanks-school-of-public-health-departing-in-2024\/#primaryimage\"},\"thumbnailUrl\":\"https:\/\/old.rmff.wrhosting.net\/wp-content\/uploads\/2023\/11\/20231004_Paul_Halverson_LK_017R-scaled.jpg\",\"datePublished\":\"2023-11-16T14:18:46+00:00\",\"dateModified\":\"2023-11-16T14:18:47+00:00\",\"author\":{\"@id\":\"https:\/\/old.rmff.wrhosting.net\/#\/schema\/person\/b9b457f46976a7df932bc8f5cd932a2b\"},\"description\":\"Paul Halverson, founding dean of the Indiana University Richard M. Fairbanks School of Public Health, will begin a new position in Oregon on Feb. 1, 2024.\u00a0\",\"breadcrumb\":{\"@id\":\"https:\/\/old.rmff.wrhosting.net\/my\/2023\/11\/paul-halverson-dean-of-fairbanks-school-of-public-health-departing-in-2024\/#breadcrumb\"},\"inLanguage\":\"fr-FR\",\"potentialAction\":[{\"@type\":\"ReadAction\",\"target\":[\"https:\/\/old.rmff.wrhosting.net\/my\/2023\/11\/paul-halverson-dean-of-fairbanks-school-of-public-health-departing-in-2024\/\"]}]},{\"@type\":\"ImageObject\",\"inLanguage\":\"fr-FR\",\"@id\":\"https:\/\/old.rmff.wrhosting.net\/my\/2023\/11\/paul-halverson-dean-of-fairbanks-school-of-public-health-departing-in-2024\/#primaryimage\",\"url\":\"https:\/\/old.rmff.wrhosting.net\/wp-content\/uploads\/2023\/11\/20231004_Paul_Halverson_LK_017R-scaled.jpg\",\"contentUrl\":\"https:\/\/old.rmff.wrhosting.net\/wp-content\/uploads\/2023\/11\/20231004_Paul_Halverson_LK_017R-scaled.jpg\",\"width\":2560,\"height\":1708,\"caption\":\"Indiana University Richard M. Fairbanks School of Public Health founding Dean Paul Halverson poses for a portrait at University Hall on Wednesday, Sept. 25, 2023. (Photo by Liz Kaye\/Indiana University)\"},{\"@type\":\"BreadcrumbList\",\"@id\":\"https:\/\/old.rmff.wrhosting.net\/my\/2023\/11\/paul-halverson-dean-of-fairbanks-school-of-public-health-departing-in-2024\/#breadcrumb\",\"itemListElement\":[{\"@type\":\"ListItem\",\"position\":1,\"name\":\"Home\",\"item\":\"https:\/\/old.rmff.wrhosting.net\/\"},{\"@type\":\"ListItem\",\"position\":2,\"name\":\"Paul Halverson, Dean of Fairbanks School of Public Health, Departing in 2024\u202f\"}]},{\"@type\":\"WebSite\",\"@id\":\"https:\/\/old.rmff.wrhosting.net\/#website\",\"url\":\"https:\/\/old.rmff.wrhosting.net\/\",\"name\":\"Richard M. Fairbanks Foundation\",\"description\":\"Advancing the vitality of Indianapolis and the well-being of its people.\",\"potentialAction\":[{\"@type\":\"SearchAction\",\"target\":{\"@type\":\"EntryPoint\",\"urlTemplate\":\"https:\/\/old.rmff.wrhosting.net\/?s={search_term_string}\"},\"query-input\":{\"@type\":\"PropertyValueSpecification\",\"valueRequired\":true,\"valueName\":\"search_term_string\"}}],\"inLanguage\":\"fr-FR\"},{\"@type\":\"Person\",\"@id\":\"https:\/\/old.rmff.wrhosting.net\/#\/schema\/person\/b9b457f46976a7df932bc8f5cd932a2b\",\"name\":\"RMFF Staff\",\"image\":{\"@type\":\"ImageObject\",\"inLanguage\":\"fr-FR\",\"@id\":\"https:\/\/old.rmff.wrhosting.net\/#\/schema\/person\/image\/\",\"url\":\"https:\/\/secure.gravatar.com\/avatar\/12c7a6f2976d144ddd06770e26358ad375903bd67a5780c9e3f58914c92511a7?s=96&d=mm&r=g\",\"contentUrl\":\"https:\/\/secure.gravatar.com\/avatar\/12c7a6f2976d144ddd06770e26358ad375903bd67a5780c9e3f58914c92511a7?s=96&d=mm&r=g\",\"caption\":\"RMFF Staff\"},\"url\":\"http:\/\/old.rmff.wrhosting.net\/fr\/author\/admin\/\"}]}<\/script>\n<!-- \/ Yoast SEO plugin. -->","yoast_head_json":{"title":"Paul Halverson, Dean of Fairbanks School of Public Health, Departing in 2024\u202f - Richard M. Fairbanks Foundation","description":"Paul Halverson, founding dean of the Indiana University Richard M. Fairbanks School of Public Health, will begin a new position in Oregon on Feb. 1, 2024.\u00a0","robots":{"index":"index","follow":"follow","max-snippet":"max-snippet:-1","max-image-preview":"max-image-preview:large","max-video-preview":"max-video-preview:-1"},"canonical":"https:\/\/old.rmff.wrhosting.net\/fr\/2023\/11\/paul-halverson-dean-of-fairbanks-school-of-public-health-departing-in-2024\/","og_locale":"fr_FR","og_type":"article","og_title":"Paul Halverson, Dean of Fairbanks School of Public Health, Departing in 2024\u202f - Richard M. Fairbanks Foundation","og_description":"Paul Halverson, founding dean of the Indiana University Richard M. Fairbanks School of Public Health, will begin a new position in Oregon on Feb. 1, 2024.\u00a0","og_url":"https:\/\/old.rmff.wrhosting.net\/fr\/2023\/11\/paul-halverson-dean-of-fairbanks-school-of-public-health-departing-in-2024\/","og_site_name":"Richard M. Fairbanks Foundation","article_published_time":"2023-11-16T14:18:46+00:00","article_modified_time":"2023-11-16T14:18:47+00:00","og_image":[{"width":2560,"height":1708,"url":"https:\/\/old.rmff.wrhosting.net\/wp-content\/uploads\/2023\/11\/20231004_Paul_Halverson_LK_017R-scaled.jpg","type":"image\/jpeg"}],"author":"RMFF Staff","twitter_card":"summary_large_image","twitter_misc":{"\u00c9crit par":"RMFF Staff","Dur\u00e9e de lecture estim\u00e9e":"2 minutes"},"schema":{"@context":"https:\/\/schema.org","@graph":[{"@type":"WebPage","@id":"https:\/\/old.rmff.wrhosting.net\/my\/2023\/11\/paul-halverson-dean-of-fairbanks-school-of-public-health-departing-in-2024\/","url":"https:\/\/old.rmff.wrhosting.net\/my\/2023\/11\/paul-halverson-dean-of-fairbanks-school-of-public-health-departing-in-2024\/","name":"Paul Halverson, Dean of Fairbanks School of Public Health, Departing in 2024\u202f - Richard M. Fairbanks Foundation","isPartOf":{"@id":"https:\/\/old.rmff.wrhosting.net\/#website"},"primaryImageOfPage":{"@id":"https:\/\/old.rmff.wrhosting.net\/my\/2023\/11\/paul-halverson-dean-of-fairbanks-school-of-public-health-departing-in-2024\/#primaryimage"},"image":{"@id":"https:\/\/old.rmff.wrhosting.net\/my\/2023\/11\/paul-halverson-dean-of-fairbanks-school-of-public-health-departing-in-2024\/#primaryimage"},"thumbnailUrl":"https:\/\/old.rmff.wrhosting.net\/wp-content\/uploads\/2023\/11\/20231004_Paul_Halverson_LK_017R-scaled.jpg","datePublished":"2023-11-16T14:18:46+00:00","dateModified":"2023-11-16T14:18:47+00:00","author":{"@id":"https:\/\/old.rmff.wrhosting.net\/#\/schema\/person\/b9b457f46976a7df932bc8f5cd932a2b"},"description":"Paul Halverson, founding dean of the Indiana University Richard M. Fairbanks School of Public Health, will begin a new position in Oregon on Feb. 1, 2024.\u00a0","breadcrumb":{"@id":"https:\/\/old.rmff.wrhosting.net\/my\/2023\/11\/paul-halverson-dean-of-fairbanks-school-of-public-health-departing-in-2024\/#breadcrumb"},"inLanguage":"fr-FR","potentialAction":[{"@type":"ReadAction","target":["https:\/\/old.rmff.wrhosting.net\/my\/2023\/11\/paul-halverson-dean-of-fairbanks-school-of-public-health-departing-in-2024\/"]}]},{"@type":"ImageObject","inLanguage":"fr-FR","@id":"https:\/\/old.rmff.wrhosting.net\/my\/2023\/11\/paul-halverson-dean-of-fairbanks-school-of-public-health-departing-in-2024\/#primaryimage","url":"https:\/\/old.rmff.wrhosting.net\/wp-content\/uploads\/2023\/11\/20231004_Paul_Halverson_LK_017R-scaled.jpg","contentUrl":"https:\/\/old.rmff.wrhosting.net\/wp-content\/uploads\/2023\/11\/20231004_Paul_Halverson_LK_017R-scaled.jpg","width":2560,"height":1708,"caption":"Indiana University Richard M. Fairbanks School of Public Health founding Dean Paul Halverson poses for a portrait at University Hall on Wednesday, Sept. 25, 2023. (Photo by Liz Kaye\/Indiana University)"},{"@type":"BreadcrumbList","@id":"https:\/\/old.rmff.wrhosting.net\/my\/2023\/11\/paul-halverson-dean-of-fairbanks-school-of-public-health-departing-in-2024\/#breadcrumb","itemListElement":[{"@type":"ListItem","position":1,"name":"Home","item":"https:\/\/old.rmff.wrhosting.net\/"},{"@type":"ListItem","position":2,"name":"Paul Halverson, Dean of Fairbanks School of Public Health, Departing in 2024\u202f"}]},{"@type":"WebSite","@id":"https:\/\/old.rmff.wrhosting.net\/#website","url":"https:\/\/old.rmff.wrhosting.net\/","name":"Fondation Richard M. Fairbanks","description":"Faire progresser la vitalit\u00e9 d\u2019Indianapolis et le bien-\u00eatre de sa population.","potentialAction":[{"@type":"SearchAction","target":{"@type":"EntryPoint","urlTemplate":"https:\/\/old.rmff.wrhosting.net\/?s={search_term_string}"},"query-input":{"@type":"PropertyValueSpecification","valueRequired":true,"valueName":"search_term_string"}}],"inLanguage":"fr-FR"},{"@type":"Person","@id":"https:\/\/old.rmff.wrhosting.net\/#\/schema\/person\/b9b457f46976a7df932bc8f5cd932a2b","name":"RMFF Staff","image":{"@type":"ImageObject","inLanguage":"fr-FR","@id":"https:\/\/old.rmff.wrhosting.net\/#\/schema\/person\/image\/","url":"https:\/\/secure.gravatar.com\/avatar\/12c7a6f2976d144ddd06770e26358ad375903bd67a5780c9e3f58914c92511a7?s=96&d=mm&r=g","contentUrl":"https:\/\/secure.gravatar.com\/avatar\/12c7a6f2976d144ddd06770e26358ad375903bd67a5780c9e3f58914c92511a7?s=96&d=mm&r=g","caption":"RMFF Staff"},"url":"http:\/\/old.rmff.wrhosting.net\/fr\/author\/admin\/"}]}},"_links":{"self":[{"href":"http:\/\/old.rmff.wrhosting.net\/fr\/wp-json\/wp\/v2\/posts\/13051","targetHints":{"allow":["GET"]}}],"collection":[{"href":"http:\/\/old.rmff.wrhosting.net\/fr\/wp-json\/wp\/v2\/posts"}],"about":[{"href":"http:\/\/old.rmff.wrhosting.net\/fr\/wp-json\/wp\/v2\/types\/post"}],"author":[{"embeddable":true,"href":"http:\/\/old.rmff.wrhosting.net\/fr\/wp-json\/wp\/v2\/users\/7"}],"replies":[{"embeddable":true,"href":"http:\/\/old.rmff.wrhosting.net\/fr\/wp-json\/wp\/v2\/comments?post=13051"}],"version-history":[{"count":7,"href":"http:\/\/old.rmff.wrhosting.net\/fr\/wp-json\/wp\/v2\/posts\/13051\/revisions"}],"predecessor-version":[{"id":13071,"href":"http:\/\/old.rmff.wrhosting.net\/fr\/wp-json\/wp\/v2\/posts\/13051\/revisions\/13071"}],"wp:featuredmedia":[{"embeddable":true,"href":"http:\/\/old.rmff.wrhosting.net\/fr\/wp-json\/wp\/v2\/media\/13053"}],"wp:attachment":[{"href":"http:\/\/old.rmff.wrhosting.net\/fr\/wp-json\/wp\/v2\/media?parent=13051"}],"wp:term":[{"taxonomy":"category","embeddable":true,"href":"http:\/\/old.rmff.wrhosting.net\/fr\/wp-json\/wp\/v2\/categories?post=13051"},{"taxonomy":"post_tag","embeddable":true,"href":"http:\/\/old.rmff.wrhosting.net\/fr\/wp-json\/wp\/v2\/tags?post=13051"}],"curies":[{"name":"wp","href":"https:\/\/api.w.org\/{rel}","templated":true}]}}